{"id":141660,"date":"2025-09-27T05:48:04","date_gmt":"2025-09-27T05:48:04","guid":{"rendered":"https:\/\/www.europesays.com\/es\/141660\/"},"modified":"2025-09-27T05:48:04","modified_gmt":"2025-09-27T05:48:04","slug":"el-gobierno-inicia-ya-con-el-pnv-los-contactos-para-presentar-los-presupuestos-espana","status":"publish","type":"post","link":"https:\/\/www.europesays.com\/es\/141660\/","title":{"rendered":"El Gobierno inicia ya con el PNV los contactos para presentar los Presupuestos | Espa\u00f1a"},"content":{"rendered":"<p class=\"\">La vicepresidenta primera y ministra de Hacienda, Mar\u00eda Jes\u00fas Montero, empez\u00f3 la semana pasada la negociaci\u00f3n con el grupo parlamentario del PNV en el Congreso encaminada a<a href=\"https:\/\/elpais.com\/economia\/2025-09-25\/el-gobierno-ve-poco-probable-cumplir-con-el-plazo-de-los-presupuestos-y-se-arriesga-a-una-nueva-prorroga.html\" target=\"_self\" rel=\"nofollow noopener\" title=\"https:\/\/elpais.com\/economia\/2025-09-25\/el-gobierno-ve-poco-probable-cumplir-con-el-plazo-de-los-presupuestos-y-se-arriesga-a-una-nueva-prorroga.html\"> presentar el proyecto de Presupuestos Generales del Estado para 2026<\/a>, como ha prometido varias veces el presidente y que ser\u00edan los primeros que se registrar\u00edan en esta legislatura. Por ahora se ha producido solo un primer contacto. <a href=\"https:\/\/elpais.com\/espana\/2025-08-04\/sanchez-encara-condiciones-inasumibles-de-junts-y-podemos-para-negociar-el-presupuesto-de-2026.html\" target=\"_self\" rel=\"nofollow noopener\" title=\"https:\/\/elpais.com\/espana\/2025-08-04\/sanchez-encara-condiciones-inasumibles-de-junts-y-podemos-para-negociar-el-presupuesto-de-2026.html\">El apoyo del PNV a\u00fan no est\u00e1 asegurado, como tampoco el de otros partidos<\/a> del bloque de investidura. Junts mantiene que con ellos no se ha intentado a\u00fan ninguna aproximaci\u00f3n. Hacienda confirma las primeras reuniones para la presentaci\u00f3n de las cuentas \u201cdentro de poco\u201d, seg\u00fan Montero.<\/p>\n<p class=\"\">La Constituci\u00f3n establece que el Gobierno debe presentar ante el Congreso el proyecto de Presupuestos al menos tres meses antes de la expiraci\u00f3n de los del a\u00f1o anterior, es decir, el 30 de septiembre a m\u00e1s tardar. El paso de los d\u00edas aprieta: para poder cumplir con el tr\u00e1mite previsto, Hacienda tendr\u00eda que llevar el borrador de cuentas p\u00fablicas <a href=\"https:\/\/elpais.com\/noticias\/consejo-ministros\/\" rel=\"nofollow noopener\" title=\"https:\/\/elpais.com\/noticias\/consejo-ministros\/\" target=\"_blank\">al Consejo de Ministros del pr\u00f3ximo martes<\/a>, el \u00faltimo que queda antes de que comience octubre.<\/p>\n<p class=\"\">El <a href=\"https:\/\/elpais.com\/espana\/2025-07-28\/sanchez-asegura-que-presentara-los-presupuestos-de-2026-y-descarta-el-adelanto-electoral-las-legislaturas-duran-cuatro-anos-no-cuatro-minutos-como-quiere-el-pp.html\" target=\"_self\" rel=\"nofollow noopener\" title=\"https:\/\/elpais.com\/espana\/2025-07-28\/sanchez-asegura-que-presentara-los-presupuestos-de-2026-y-descarta-el-adelanto-electoral-las-legislaturas-duran-cuatro-anos-no-cuatro-minutos-como-quiere-el-pp.html\">Gobierno mantiene el mensaje de que presentar\u00e1, como est\u00e1 reglado en la Constituci\u00f3n<\/a> y no se ha hecho hasta ahora en esta legislatura, el proyecto de Presupuestos del Estado para 2026. Montero hasta quiso subrayar este viernes a la salida del F\u00f3rum Nueva Econom\u00eda que protagoniz\u00f3 la exvicepresidenta y actual presidenta del Banco Europeo de Inversiones, Nadia Calvi\u00f1o, que de ninguna manera da por perdida la <a href=\"https:\/\/elpais.com\/noticias\/presupuestos-generales-estado\/\" target=\"_self\" rel=\"nofollow noopener\" title=\"https:\/\/elpais.com\/noticias\/presupuestos-generales-estado\/\">aprobaci\u00f3n de esas cuentas p\u00fablicas <\/a>y avanz\u00f3 que las tramitar\u00e1 \u201cdentro de poco\u201d. Ni Montero ni en Hacienda quieren precisar mucho m\u00e1s sobre estas primeras conversaciones, que se limitan a confirmar.<\/p>\n<p class=\"\">En el PNV s\u00ed que aseguran que la primera reuni\u00f3n se celebr\u00f3 la semana pasada, que tuvo lugar en Madrid entre los responsables del Ministerio y la direcci\u00f3n del grupo parlamentario y que a la misma <a href=\"https:\/\/elpais.com\/espana\/2025-04-06\/aitor-esteban-deberiamos-ser-responsables-y-dar-unos-presupuestos-al-gobierno.html\" target=\"_self\" rel=\"nofollow noopener\" title=\"https:\/\/elpais.com\/espana\/2025-04-06\/aitor-esteban-deberiamos-ser-responsables-y-dar-unos-presupuestos-al-gobierno.html\">no acudi\u00f3 en este caso el nuevo presidente de la formaci\u00f3n, Aitor Esteban<\/a>, que se reserva ese nivel de la interlocuci\u00f3n para cuando el asunto est\u00e9 m\u00e1s desbrozado.<\/p>\n<p class=\"\">Fuentes de la formaci\u00f3n nacionalista vasca aseguran que las conversaciones se han retomado ahora donde se hab\u00edan parado hace 12 meses, cuando se fracas\u00f3 en el intento de discutir al menos las cuentas p\u00fablicas para 2025. En el Gobierno lo \u00fanico que han anticipado es que est\u00e1n en condiciones de proponer un<a href=\"https:\/\/elpais.com\/economia\/2025-09-15\/el-gobierno-prepara-unos-presupuestos-expansivos-con-alzas-en-sueldos-publicos-pensiones-y-defensa.html\" target=\"_self\" rel=\"nofollow noopener\" title=\"https:\/\/elpais.com\/economia\/2025-09-15\/el-gobierno-prepara-unos-presupuestos-expansivos-con-alzas-en-sueldos-publicos-pensiones-y-defensa.html\"> proyecto de car\u00e1cter expansivo, con un aumento del gasto superior al ciclo econ\u00f3mico<\/a>.<\/p>\n<p class=\"\">Hace un a\u00f1o se plante\u00f3 un escenario similar, tras frustrarse en la primavera anterior los primeros intentos de acordar aquellos presupuestos, y entonces los responsables del PNV revelaron que estaban reclamando una tasa de reposici\u00f3n propia para los funcionarios vascos y una capacidad aut\u00f3noma para fijar su sueldo en esa comunidad. Otro punto que se demand\u00f3 para abordar en la Comisi\u00f3n Mixta del Concierto Econ\u00f3mico desde el Gobierno vasco, en el que conviven PNV y PSE, fue un pacto sobre los l\u00edmites de la deuda y del d\u00e9ficit para esa autonom\u00eda.<\/p>\n<p class=\"\">El consejero de Hacienda vasco se lo pidi\u00f3 en una reuni\u00f3n bilateral a la vicepresidenta Montero y justific\u00f3 la necesidad de poder fijar su capacidad de endeudamiento para abordar una serie de inversiones para Euskadi. Todos esos puntos vuelven a estar ahora sobre la mesa.<\/p>\n<p class=\"\">Esa primera toma de contacto presupuestario con el PNV no se ha producido a\u00fan con Junts, otros de los socios de investidura, seg\u00fan fuentes de la c\u00fapula del partido nacionalista catal\u00e1n. \u201cCero\u201d, resumi\u00f3 esta semana la portavoz parlamentaria de Junts en Madrid, M\u00edriam Nogueras, cuando se le pregunt\u00f3 por si hab\u00eda alguna novedad con respecto a la negociaci\u00f3n de los Presupuestos. Fuentes de la direcci\u00f3n de <a href=\"https:\/\/elpais.com\/economia\/2024-09-25\/que-es-la-senda-fiscal-que-hacienda-se-abre-a-negociar-tras-pedirlo-junts.html\" target=\"_self\" rel=\"nofollow noopener\" title=\"https:\/\/elpais.com\/economia\/2024-09-25\/que-es-la-senda-fiscal-que-hacienda-se-abre-a-negociar-tras-pedirlo-junts.html\">Junts indicaron as\u00ed, adem\u00e1s, que ni ha habido reuniones ni sondeos y que tampoco se les hab\u00eda trasladado la cifra de la senda de d\u00e9ficit <\/a>o el techo de gasto, los pasos previos para conocer por d\u00f3nde quiere el Gobierno fijar las grandes cifras de los Presupuestos del Estado.<\/p>\n<p class=\"\">En Junts llevan semanas advirtiendo de que este oto\u00f1o tienen que \u201cpasar cosas\u201d y<a href=\"https:\/\/elpais.com\/espana\/2025-09-04\/junts-aprieta-pero-no-ahoga-mantendra-el-dialogo-con-el-gobierno-aunque-rechace-la-reduccion-de-la-jornada-laboral.html\" target=\"_self\" rel=\"nofollow noopener\" title=\"https:\/\/elpais.com\/espana\/2025-09-04\/junts-aprieta-pero-no-ahoga-mantendra-el-dialogo-con-el-gobierno-aunque-rechace-la-reduccion-de-la-jornada-laboral.html\"> su secretario general, Jordi Turull<\/a>, volvi\u00f3 a insistir este viernes en que durante esta estaci\u00f3n tendr\u00e1n que decidir qu\u00e9 ocurre con esta compleja legislatura. El partido de Carles Puigdemont, en cualquier caso, ha avisado varias veces de que para conseguir sus siete votos determinantes el Estado le tendr\u00eda que entregar a la Generalitat de Catalu\u00f1a las partidas presupuestarias no ejecutadas en los \u00faltimos a\u00f1os que han llegado a cifrar en 50.000 millones.<\/p>\n<p class=\"\">El panorama de los apoyos pol\u00edticos en el Congreso a esas cuentas no se presenta mucho mejor tampoco para otros aliados te\u00f3ricos, como<a href=\"https:\/\/elpais.com\/espana\/2025-04-21\/el-psoe-teme-mas-a-podemos-que-a-junts-para-negociar-los-presupuestos-de-2026-y-terminar-la-legislatura.html\" target=\"_self\" rel=\"nofollow noopener\" title=\"https:\/\/elpais.com\/espana\/2025-04-21\/el-psoe-teme-mas-a-podemos-que-a-junts-para-negociar-los-presupuestos-de-2026-y-terminar-la-legislatura.html\"> Podemos, cada vez m\u00e1s alejado de todo el bloque de investidura <\/a>y que dice considerar posible que en esos Presupuestos se revierta el aumento prometido a la OTAN del gasto militar y de Defensa hasta el 2%, romper totalmente las relaciones diplom\u00e1ticas y comerciales con el Estado de Israel y encarar el problema social de la carencia de viviendas bajando por ley su precio un 40%.<\/p>\n<p class=\"\">Aunque el ministerio ya ha activado el proceso presupuestario y <a href=\"https:\/\/elpais.com\/economia\/2025-09-15\/el-gobierno-prepara-unos-presupuestos-expansivos-con-alzas-en-sueldos-publicos-pensiones-y-defensa.html\" rel=\"nofollow noopener\" title=\"https:\/\/elpais.com\/economia\/2025-09-15\/el-gobierno-prepara-unos-presupuestos-expansivos-con-alzas-en-sueldos-publicos-pensiones-y-defensa.html\" target=\"_blank\">ha cumplido con algunos de los hitos correspondientes<\/a>, todav\u00eda quedan varias etapas por quemar, lo que convierte la posibilidad de cumplir con ese mandato constitucional en algo virtualmente imposible. Fuentes gubernamentales admiten que el objetivo de llegar a tiempo es \u201cpoco probable\u201d, lo que abre la puerta a una posible nueva pr\u00f3rroga. Las mismas fuentes precisan que incumplir ese plazo inminente no supone que el Ejecutivo no pueda continuar con la actual senda de d\u00e9ficit prorrogada y tener aprobados los nuevos Presupuestos antes del 1 de enero de 2026.<\/p>\n","protected":false},"excerpt":{"rendered":"La vicepresidenta primera y ministra de Hacienda, Mar\u00eda Jes\u00fas Montero, empez\u00f3 la semana pasada la negociaci\u00f3n con el&hellip;\n","protected":false},"author":2,"featured_media":141661,"comment_status":"","ping_status":"","sticky":false,"template":"","format":"standard","meta":{"footnotes":""},"categories":[8],"tags":[41504,17,18,4456,44031,25,24,13,14,8067,8808,736,11,766,19,20,764,10026,37222,9,10,15,16,44033,16261,957,44032,21589,23,12,21,22],"class_list":{"0":"post-141660","1":"post","2":"type-post","3":"status-publish","4":"format-standard","5":"has-post-thumbnail","7":"category-espana","8":"tag-aitor-esteban","9":"tag-breaking-news","10":"tag-breakingnews","11":"tag-congreso-diputados","12":"tag-eaj-pnv","13":"tag-es","14":"tag-espana","15":"tag-featured-news","16":"tag-featurednews","17":"tag-gasto-publico","18":"tag-grupos-parlamentarios","19":"tag-hacienda-publica","20":"tag-headlines","21":"tag-impuestos","22":"tag-latest-news","23":"tag-latestnews","24":"tag-maria-jesus-montero","25":"tag-ministerios","26":"tag-negociacion-colectiva","27":"tag-news","28":"tag-noticias","29":"tag-noticias-destacadas","30":"tag-noticiasdestacadas","31":"tag-pactos-de-estado","32":"tag-pactos-politicos","33":"tag-partidos-politicos","34":"tag-presupuestos-casa-real","35":"tag-presupuestos-generales-estado","36":"tag-spain","37":"tag-titulares","38":"tag-ultimas-noticias","39":"tag-ultimasnoticias"},"share_on_mastodon":{"url":"","error":""},"_links":{"self":[{"href":"https:\/\/www.europesays.com\/es\/wp-json\/wp\/v2\/posts\/141660","targetHints":{"allow":["GET"]}}],"collection":[{"href":"https:\/\/www.europesays.com\/es\/wp-json\/wp\/v2\/posts"}],"about":[{"href":"https:\/\/www.europesays.com\/es\/wp-json\/wp\/v2\/types\/post"}],"author":[{"embeddable":true,"href":"https:\/\/www.europesays.com\/es\/wp-json\/wp\/v2\/users\/2"}],"replies":[{"embeddable":true,"href":"https:\/\/www.europesays.com\/es\/wp-json\/wp\/v2\/comments?post=141660"}],"version-history":[{"count":0,"href":"https:\/\/www.europesays.com\/es\/wp-json\/wp\/v2\/posts\/141660\/revisions"}],"wp:featuredmedia":[{"embeddable":true,"href":"https:\/\/www.europesays.com\/es\/wp-json\/wp\/v2\/media\/141661"}],"wp:attachment":[{"href":"https:\/\/www.europesays.com\/es\/wp-json\/wp\/v2\/media?parent=141660"}],"wp:term":[{"taxonomy":"category","embeddable":true,"href":"https:\/\/www.europesays.com\/es\/wp-json\/wp\/v2\/categories?post=141660"},{"taxonomy":"post_tag","embeddable":true,"href":"https:\/\/www.europesays.com\/es\/wp-json\/wp\/v2\/tags?post=141660"}],"curies":[{"name":"wp","href":"https:\/\/api.w.org\/{rel}","templated":true}]}}