{"id":141666,"date":"2025-09-27T05:57:14","date_gmt":"2025-09-27T05:57:14","guid":{"rendered":"https:\/\/www.europesays.com\/es\/141666\/"},"modified":"2025-09-27T05:57:14","modified_gmt":"2025-09-27T05:57:14","slug":"las-palabras-de-los-entrenadores-antes-del-arranque-de-la-supercopa-endesa","status":"publish","type":"post","link":"https:\/\/www.europesays.com\/es\/141666\/","title":{"rendered":"Las palabras de los entrenadores antes del arranque de la Supercopa Endesa"},"content":{"rendered":"<p>Los entrenadores de los equipos presentes en la Supercopa Endesa atendieron a los diferentes medios de comunicaci\u00f3n antes del arranque de la primera competici\u00f3n oficial en el territorio nacional.<\/p>\n<p><a href=\"https:\/\/www.gigantes.com\/liga-endesa\/supercopa-endesa-2025-cuadro-resultados-horarios\/\" rel=\"nofollow noopener\" target=\"_blank\">Cuadro, horarios, partidos y toda la informaci\u00f3n de la Supercopa Endesa<\/a><\/p>\n<p>Estas fueron las palabras de Ibon Navarro, Pedro Mart\u00ednez, Sergio Scariolo y Txus Vidorreta:<\/p>\n<p>Unicaja M\u00e1laga vs Valencia Basket<br \/>\nLas palabras de Ibon Navarro<\/p>\n<p>\u00abHoy en d\u00eda el Valencia Basket es una de las dos o tres mejores plantillas de la Liga Endesa. Creo que la forma que tienen de jugar genera una se\u00f1a de identidad y, adem\u00e1s, hace que los jugadores puedan lucir m\u00e1s a\u00fan. No creo que me equivoque si digo que han sido el equipo m\u00e1s coral, m\u00e1s brillante de la pretemporada, y vienen como cohetes\u00bb.<\/p>\n<p>\u00abNosotros tenemos todav\u00eda algunos problemas, nos falta seguramente nivel baloncest\u00edstico para competir con ellos, pero es un grupo que en el momento en el que llega la competici\u00f3n saca un extra, ese gen que el equipo ha ido desarrollando en las \u00faltimas tres temporadas y nos agarramos a eso. Seguramente a nivel de baloncesto ahora mismo estemos lejos del Valencia Basket, pero es un partido, es una competici\u00f3n y yo espero que saquemos ese esp\u00edritu para competir e intentarlo\u201d.<\/p>\n<p>\u00abEl a\u00f1o pasado est\u00e1bamos bastante mejor a esas alturas. Nos ha costado mucho recuperar el sue\u00f1o, hay gente que todav\u00eda est\u00e1 durmiendo poco, levant\u00e1ndose muy temprano y la calidad del sue\u00f1o no es buena, pero bueno, no me voy a quejar ya que volvemos con un t\u00edtulo. El a\u00f1o pasado por lo que fuera lo gestionamos mejor o descansaron mejor y este a\u00f1o las cosas no han ido tan bien, pero conf\u00edo en que, entre el entreno de hoy, que ha sido un poquito m\u00e1s suave, o una noche m\u00e1s, ma\u00f1ana tengamos un grado de descanso mayor\u201d.<\/p>\n<p>\u00abEs el baloncesto del Valencia Basket del a\u00f1o pasado, el baloncesto de Pedro Mart\u00ednez, pero con mejores piezas todav\u00eda, y eso que llegan sin Badio ni Montero. Es un equipo que todav\u00eda tiene un techo muy alto, pero las se\u00f1as de identidad del equipo se ven muy claras: es un equipo muy agresivo, muy coral, con muy buen campo abierto, muy poderoso en el rebote y al que han a\u00f1adido mucho f\u00edsico. Han destacado much\u00edsimo en esta temporada a Kameron Taylor, que con ese juego de Pedro le permite exponer todo lo que es \u00e9l, y es verdad que vienen con bajas, pero tambi\u00e9n que tienen un equipo de 16 jugadores. El sistema ahora mismo es muy positivo para ellos, est\u00e1 por encima de los nombres y, ahora mismo, ellos tambi\u00e9n est\u00e1n en construcci\u00f3n. La forma en la que juegan es m\u00e1s importante que qui\u00e9n juega, entonces nos esperamos la nueva versi\u00f3n de rodillo que hemos visto del Valencia Basket en esta pretemporada, que es impresionante\u201d.<\/p>\n<p>\u00abEl partido ser\u00e1 el que sea, pero ahora mismo con los dos equipos en construcci\u00f3n, creo que ambos vamos a querer correr. Lo que pasa es que tambi\u00e9n sabemos que el otro corre y que tenemos que intentar hacer cosas para que no lo hagan tanto, entonces veremos qui\u00e9n es el que mejor sabe encontrar el equilibrio entre no bajar el ritmo en ataque y ser capaz de contener al rival. No s\u00e9 qu\u00e9 partido va a ser ni el que espero, ahora mismo creo que lo m\u00e1s importante es que los dos equipos seamos fieles a nuestro estilo\u201d.<\/p>\n<p>Las palabras de Pedro Mart\u00ednez<\/p>\n<p>\u201cSeguro que tenemos cinco jugadores para competir y con lo que tenemos daremos nuestro m\u00e1ximo. Hay pocas ganas de hablar de los que no est\u00e1n. Las bajas no son una excusa. Nosotros hemos estado entrenando con ilusi\u00f3n, con ganas de hacer un buen papel. Vamos a intentar ganar y creo que vamos a ganar.\u00bb<\/p>\n<p>\u201cEs un reto para nosotros el enfrentarnos a un gran equipo y poder compararnos con un equipo que est\u00e1 en una din\u00e1mica ganadora, tambi\u00e9n. Unicaja lo est\u00e1 haciendo de maravilla desde hace muchas temporadas y tengo mucha admiraci\u00f3n por c\u00f3mo hacen las cosas y tambi\u00e9n por Ibon Navarro.\u00bb<\/p>\n<p>\u201cVeo al equipo bien, con buena mentalidad y trabajando muy bien en el d\u00eda a d\u00eda. Todos est\u00e1n aprendiendo cosas y esa mentalidad de aprender la tiene que tener todo el equipo. Todos quieren jugar igual que nosotros. Hace unos a\u00f1os s\u00ed que era una novedad, pero ahora la mayor\u00eda de equipos juegan as\u00ed y todos est\u00e1n m\u00e1s preparados\u201d.<\/p>\n<p>Real Madrid vs La Laguna Tenerife<br \/>\nLas palabras de Sergio Scariolo<\/p>\n<p>\u201cEl equipo tiene ganas de competir. Es una competici\u00f3n oficial y la vamos a afrontar con toda la motivaci\u00f3n y energ\u00eda necesaria, aunque a todo entrenador le hubiera gustado tener dos semanas m\u00e1s de entrenamiento.\u00bb<\/p>\n<p>\u201cJugamos contra un equipo muy bueno, experimentado y organizado, con talento anotador e inteligencia tanto en la cancha como en el banquillo. Nosotros estamos en proceso de conjuntarnos con los jugadores nuevos que han llegado y por las lesiones, pero tenemos que compensarlo con la energ\u00eda, la determinaci\u00f3n, la competitividad y las ganas de ganar\u201d<\/p>\n<p>\u201cTengo ganas de empezar y competir cada partido, pero s\u00e9 tambi\u00e9n los momentos en los que el equipo tiene que estar cerca del cien por cien. El hecho de no estar en nuestro perfecto acoplamiento todav\u00eda no es una excusa para no competir a todos los niveles.\u00bb<\/p>\n<p>\u201cLos que han estado lesionados est\u00e1n para poder estar, pero no al cien por cien. Tengo que elegir en funci\u00f3n de los roles, posiciones y rival. Las decisiones se toman cuando hay que tomarlas, que es ma\u00f1ana en el entrenamiento. No puedo tomar la decisi\u00f3n por los jugadores que han estado fuera o lesionados porque si no, no llegamos a 12.\u00bb<\/p>\n<p>\u201cMi concentraci\u00f3n est\u00e1 metida en el partido del s\u00e1bado. Ser\u00eda de pardillos pensar en la final. Intentaremos ganar a La Laguna Tenerife, que es un gran equipo, y luego ya pensaremos. Estamos al cien por cien solo pensando en el primer encuentro\u201d.<\/p>\n<p>Las palabras de Txus Vidorreta<\/p>\n<p>\u00abTenemos que valorar que estar en la Supercopa Endesa para nosotros ya es un \u00e9xito y un triunfo. Los 4 mejores equipos de la pasada temporada, nosotros fuimos terceros. El poder estar junto a Real Madrid, Unicaja y Valencia Basket es un \u00e9xito enorme\u00bb.<\/p>\n<p>\u00abEl Real Madrid es un gran equipo, se ha reforzado mucho y bien. Ha fichado a muchos jugadores. Tiene una plantilla muy completa y un gran entrenador, Sergio Scariolo.<\/p>\n<p>\u00abVamos con mucha ilusi\u00f3n, a tratar de dar la sorpresa como siempre, pero est\u00e1 claro que es un equipo con much\u00edsimo potencial. A priori en nuestra semifinal hay un gran favorito, el Real Madrid, campe\u00f3n de Liga Endesa\u00bb.<\/p>\n<p>\u00abEl n\u00facleo del equipo se mantiene y por lo tanto no creo que haya demasiadas variantes. S\u00ed que puede haber en funci\u00f3n de cu\u00e1l sea la adaptaci\u00f3n de jugadores como Maledon, Procida, Kramer, los dos 4 o Lyles\u2026\u00bb.<\/p>\n<p style=\"text-align: right;\">acb Photo<\/p>\n<p><img decoding=\"async\" src=\"https:\/\/www.europesays.com\/es\/wp-content\/uploads\/2025\/09\/1758952633_351_mtracking.gif\" alt=\"Etiquetas de Mautic\" style=\"display:none;\"\/><\/p>\n<p><a href=\"https:\/\/www.gigantes.com\/tienda\/hemeroteca\/guia-de-la-liga-endesa-2025-26-no-1-560-septiembre-2025\/\" rel=\"nofollow noopener\" target=\"_blank\"><img loading=\"lazy\" decoding=\"async\" class=\"alignnone size-large wp-image-756436\" src=\"https:\/\/cdn.gigantes.com\/wp-content\/smush-webp\/2025\/09\/WhatsApp-Image-2025-09-01-at-17.56.05-1024x1024.jpeg.webp\" alt=\"\" width=\"680\" height=\"680\"  \/><\/a><\/p>\n<p>\t\t\t\t\t<img loading=\"lazy\" decoding=\"async\" src=\"https:\/\/cdn.gigantes.com\/wp-content\/uploads\/2024\/01\/mano.png\" width=\"60\" height=\"60\" alt=\"Deliza hacia abajo\"\/>Sigue deslizando hacia abajo para ver m\u00e1s contenidos<\/p>\n","protected":false},"excerpt":{"rendered":"Los entrenadores de los equipos presentes en la Supercopa Endesa atendieron a los diferentes medios de comunicaci\u00f3n antes&hellip;\n","protected":false},"author":2,"featured_media":141667,"comment_status":"","ping_status":"","sticky":false,"template":"","format":"standard","meta":{"footnotes":""},"categories":[269],"tags":[299,298,168,25,24,34705,12326,3049,23,167,20467],"class_list":{"0":"post-141666","1":"post","2":"type-post","3":"status-publish","4":"format-standard","5":"has-post-thumbnail","7":"category-baloncesto","8":"tag-baloncesto","9":"tag-basketball","10":"tag-deportes","11":"tag-es","12":"tag-espana","13":"tag-ibon-navarro","14":"tag-pedro-martinez","15":"tag-sergio-scariolo","16":"tag-spain","17":"tag-sports","18":"tag-txus-vidorreta"},"share_on_mastodon":{"url":"","error":""},"_links":{"self":[{"href":"https:\/\/www.europesays.com\/es\/wp-json\/wp\/v2\/posts\/141666","targetHints":{"allow":["GET"]}}],"collection":[{"href":"https:\/\/www.europesays.com\/es\/wp-json\/wp\/v2\/posts"}],"about":[{"href":"https:\/\/www.europesays.com\/es\/wp-json\/wp\/v2\/types\/post"}],"author":[{"embeddable":true,"href":"https:\/\/www.europesays.com\/es\/wp-json\/wp\/v2\/users\/2"}],"replies":[{"embeddable":true,"href":"https:\/\/www.europesays.com\/es\/wp-json\/wp\/v2\/comments?post=141666"}],"version-history":[{"count":0,"href":"https:\/\/www.europesays.com\/es\/wp-json\/wp\/v2\/posts\/141666\/revisions"}],"wp:featuredmedia":[{"embeddable":true,"href":"https:\/\/www.europesays.com\/es\/wp-json\/wp\/v2\/media\/141667"}],"wp:attachment":[{"href":"https:\/\/www.europesays.com\/es\/wp-json\/wp\/v2\/media?parent=141666"}],"wp:term":[{"taxonomy":"category","embeddable":true,"href":"https:\/\/www.europesays.com\/es\/wp-json\/wp\/v2\/categories?post=141666"},{"taxonomy":"post_tag","embeddable":true,"href":"https:\/\/www.europesays.com\/es\/wp-json\/wp\/v2\/tags?post=141666"}],"curies":[{"name":"wp","href":"https:\/\/api.w.org\/{rel}","templated":true}]}}