{"id":141668,"date":"2025-09-27T05:58:04","date_gmt":"2025-09-27T05:58:04","guid":{"rendered":"https:\/\/www.europesays.com\/es\/141668\/"},"modified":"2025-09-27T05:58:04","modified_gmt":"2025-09-27T05:58:04","slug":"kochen-regresara-a-barcelona-para-ejercer-de-segundo-portero","status":"publish","type":"post","link":"https:\/\/www.europesays.com\/es\/141668\/","title":{"rendered":"Kochen regresar\u00e1 a Barcelona para ejercer de segundo portero"},"content":{"rendered":"<p class=\"ft-text\">La lesi\u00f3n de Joan Garc\u00eda ha provocado que el Bar\u00e7a se haya movido con rapidez para tener bien cubierta su porter\u00eda.<strong> El veterano Wojciech Szcz\u0119sny ser\u00e1 el titular pero ante cualquier percance del meta polaco el Bar\u00e7a dispondr\u00e1 de Diego Kochen, un portero que suma ya dos temporadas en din\u00e1mica de primer equipo<\/strong>. El rol de tercer portero lo ejercer\u00e1 Eder Aller, el guardameta leon\u00e9s de 18 a\u00f1os.<\/p>\n<p class=\"ft-text\">El lunes la selecci\u00f3n de Estados Unidos debutaba contra Nueva Caledonia en el Mundial Sub-20. <strong>Ante los acontecimientos de \u00faltima hora el Bar\u00e7a ha negociado con la federaci\u00f3n estadounidense para que el portero de Miami pueda retornar a la disciplina de su club<\/strong>. La federaci\u00f3n de los Estados Unidos, seg\u00fan ha explicado Mundo Deportivo, se ha mostrado comprensiva con el problema que ha sufrido el Bar\u00e7a y ha liberado a Diego Kochen.<\/p>\n<p><img decoding=\"async\" src=\"https:\/\/www.europesays.com\/es\/wp-content\/uploads\/2025\/09\/07dd150f-9d3e-400a-ae11-b6581308658a_alta-libre-aspect-ratio_default_0.jpg\" width=\"1200\" height=\"675\" alt=\"Diego Kochen se ha entrenado con el filial\" class=\"ft-helper-img-rd\" loading=\"lazy\" hasdataaida=\"true\"\/><\/p>\n<p class=\"ft-helper-fontColor-quaternary ft-helper-fontSize-body-S ft-helper-spacer-t-xxs\">Diego Kochen se ha entrenado con el filial  \/ FCB<\/p>\n<p class=\"ft-text\">El de Miami llegar\u00e1 a tiempo, seg\u00fan ha confirmado Sport, para estar en el banquillo del Bar\u00e7a-Real Sociedad.<strong> La idea es que llegue lo antes posible pero es probable que la log\u00edstica no le permita entrenarse este s\u00e1bado por la ma\u00f1ana con sus compa\u00f1eros<\/strong>. Desde Chile tendr\u00e1 que volar en las pr\u00f3ximas horas hasta Barcelona y recuperarse del esfuerzo para estar a disposici\u00f3n de Flick para los pr\u00f3ximos compromisos.<\/p>\n<p class=\"ft-text\">Sin la lesi\u00f3n de Joan Garcia, el disputar el Mundial sub-20 era una experiencia provechosa para este guardameta de 19 a\u00f1os formado en La Masia. La lesi\u00f3n en el menisco de Joan Garcia ha dado un giro radical a su situaci\u00f3n.<\/p>\n<p class=\"ft-text\">K<strong>ochen hab\u00eda compaginado en este inicio de curso su rol de tercer portero del primer equipo con el de guardameta titular del Bar\u00e7a Atl\u00e8tic.<\/strong> El filial juega tambi\u00e9n el domingo en el campo del Sant Andreu (20:45h.) por lo que Belletti no podr\u00e1 contar con el de Miami ya que el primer equipo disputa su partido en el Llu\u00eds Companys a las 18:30h.<\/p>\n<p class=\"ft-text\">\u00a1<\/p>\n","protected":false},"excerpt":{"rendered":"La lesi\u00f3n de Joan Garc\u00eda ha provocado que el Bar\u00e7a se haya movido con rapidez para tener bien&hellip;\n","protected":false},"author":2,"featured_media":141669,"comment_status":"","ping_status":"","sticky":false,"template":"","format":"standard","meta":{"footnotes":""},"categories":[268],"tags":[2296,168,25,24,280,282,44035,281,23,167],"class_list":{"0":"post-141668","1":"post","2":"type-post","3":"status-publish","4":"format-standard","5":"has-post-thumbnail","7":"category-futbol","8":"tag-barca","9":"tag-deportes","10":"tag-es","11":"tag-espana","12":"tag-football","13":"tag-futbol","14":"tag-kochen","15":"tag-soccer","16":"tag-spain","17":"tag-sports"},"share_on_mastodon":{"url":"","error":""},"_links":{"self":[{"href":"https:\/\/www.europesays.com\/es\/wp-json\/wp\/v2\/posts\/141668","targetHints":{"allow":["GET"]}}],"collection":[{"href":"https:\/\/www.europesays.com\/es\/wp-json\/wp\/v2\/posts"}],"about":[{"href":"https:\/\/www.europesays.com\/es\/wp-json\/wp\/v2\/types\/post"}],"author":[{"embeddable":true,"href":"https:\/\/www.europesays.com\/es\/wp-json\/wp\/v2\/users\/2"}],"replies":[{"embeddable":true,"href":"https:\/\/www.europesays.com\/es\/wp-json\/wp\/v2\/comments?post=141668"}],"version-history":[{"count":0,"href":"https:\/\/www.europesays.com\/es\/wp-json\/wp\/v2\/posts\/141668\/revisions"}],"wp:featuredmedia":[{"embeddable":true,"href":"https:\/\/www.europesays.com\/es\/wp-json\/wp\/v2\/media\/141669"}],"wp:attachment":[{"href":"https:\/\/www.europesays.com\/es\/wp-json\/wp\/v2\/media?parent=141668"}],"wp:term":[{"taxonomy":"category","embeddable":true,"href":"https:\/\/www.europesays.com\/es\/wp-json\/wp\/v2\/categories?post=141668"},{"taxonomy":"post_tag","embeddable":true,"href":"https:\/\/www.europesays.com\/es\/wp-json\/wp\/v2\/tags?post=141668"}],"curies":[{"name":"wp","href":"https:\/\/api.w.org\/{rel}","templated":true}]}}