{"id":141670,"date":"2025-09-27T05:59:13","date_gmt":"2025-09-27T05:59:13","guid":{"rendered":"https:\/\/www.europesays.com\/es\/141670\/"},"modified":"2025-09-27T05:59:13","modified_gmt":"2025-09-27T05:59:13","slug":"rocio-camacho-nos-desvela-los-detalles-no-vistos-de-su-boda-no-cambiaria-ninguna-cosa","status":"publish","type":"post","link":"https:\/\/www.europesays.com\/es\/141670\/","title":{"rendered":"Roc\u00edo Camacho nos desvela los detalles no vistos de su boda: \u00abNo cambiar\u00eda ninguna cosa\u00bb"},"content":{"rendered":"<p id=\"eLnAfh-iM7\" data-wc=\"84\">El <strong>\u201cs\u00ed, quiero\u201d de Roc\u00edo Camacho y Guillermo Aylon\u00a0<\/strong>fue una de las bodas que despert\u00f3 m\u00e1s expectaci\u00f3n el pasado fin de semana. Celebrada en un escenario de cuento (el Castillo de Batres), <a class=\"hm-link ho-link\" href=\"https:\/\/www.hola.com\/actualidad\/20250921856988\/rocio-camacho-y-guillermo-aylon-sellan-su-amor-en-una-boda-de-cuento\/\" data-mrf-recirculation=\"article-body-link\" rel=\"nofollow noopener\" target=\"_blank\">la influencer y el representante deportivo -especializado en el mundo del tenis- contaron con muchos rostros conocidos entre sus invitados,<\/a> desde estrellas del deporte como la campeona ol\u00edmpica de b\u00e1dminton Carolina Mar\u00edn, hasta actrices como Clara Alvarado, la cantautora Sof\u00eda Ellar e influencers como Roc\u00edo Osorno, Teresa Bass y Marta Carriedo.<\/p>\n<p>  <img src=\"https:\/\/www.europesays.com\/es\/wp-content\/uploads\/2025\/09\/de1e09ba42b5-image00029.jpg\"   width=\"1080\" height=\"1800\" loading=\"lazy\" decoding=\"async\" alt=\"Media Image\" fetchpriority=\"auto\" class=\"image ho-image\"\/>\u00a9 Hera\u00a0Film<\/p>\n<p id=\"eFPedvvH14u\" data-wc=\"66\">Muchas son las im\u00e1genes que se han llenado las redes sociales sobre su gran d\u00eda y hemos podido hablar con Roc\u00edo el d\u00eda despu\u00e9s, a\u00fan con las emociones a flor de piel, para que nos <strong>desvelara los detalles de los preparativos, la celebraci\u00f3n, su vestido<\/strong> -dise\u00f1ado desde cero por Lorenzo Caprile-, cu\u00e1les fueron los momentos m\u00e1s emocionantes y c\u00f3mo fue la fiesta, que termin\u00f3 de madrugada.<\/p>\n<p>  <img src=\"https:\/\/www.europesays.com\/es\/wp-content\/uploads\/2025\/09\/979ff19b28b0-image00042.jpg\"   width=\"1080\" height=\"1800\" loading=\"lazy\" decoding=\"async\" alt=\"Media Image\" fetchpriority=\"auto\" class=\"image ho-image\"\/>\u00a9 Hera\u00a0Film<\/p>\n<p id=\"eZrDmAxxIW\" data-wc=\"10\"><strong>-Roc\u00edo, enhorabuena, \u00bfc\u00f3mo viviste los d\u00edas previos al gran d\u00eda?\u00a0<\/strong><\/p>\n<p id=\"epyP_MxTZ9L\" data-wc=\"90\">-M\u00e1s <strong>tranquila\u00a0<\/strong>de lo que imaginaba, la verdad. Por momentos<strong>, cuando paraba entre reuniones, me quedaba mirando a la nada pensando: \u00bfc\u00f3mo que me caso?\u00a0<\/strong>Si esta persona era un desconocido para mi hace cuatro a\u00f1os y ahora estamos a d\u00edas de comprometemos para siempre. Creo que <strong>esa tranquilidad viene de que ambos sabemos que esto no va a cambiar nada en nuestra relaci\u00f3n\u00a0<\/strong>ni en nuestra vida como pareja en el d\u00eda a d\u00eda. Es m\u00e1s, \u00a1es un d\u00eda para celebrar que nos queremos con la gente que queremos!<\/p>\n<p> <img src=\"https:\/\/www.europesays.com\/es\/wp-content\/uploads\/2025\/09\/6549cb9527e1-image00018.jpg\"   width=\"1080\" height=\"1080\" loading=\"lazy\" decoding=\"async\" alt=\"Media Image\" fetchpriority=\"auto\" class=\"image ho-image\"\/>\u00a9 Hera\u00a0Film<\/p>\n<p> <img src=\"https:\/\/www.europesays.com\/es\/wp-content\/uploads\/2025\/09\/988e3665a647-image00033.jpg\"   width=\"1080\" height=\"1080\" loading=\"lazy\" decoding=\"async\" alt=\"Media Image\" fetchpriority=\"auto\" class=\"image ho-image\"\/>\u00a9 Hera\u00a0Film<\/p>\n<p id=\"eNkUfvStV3S\" data-wc=\"12\"><strong>-\u00bfEn qui\u00e9n hab\u00e9is confiado para que os ayude con toda la organizaci\u00f3n?\u00a0<\/strong><\/p>\n<p id=\"eHH7rZXII_Y\" data-wc=\"72\">-En L<strong>orena, de Etre Studio, que ha sido fundamental en todo este proceso<\/strong>. Creo que no ha habido semana en todo el a\u00f1o que no le haya preguntado \u00ab\u00bfvoy bien de tiempos?\u00bb Porque suelo ser una persona muy cuadriculada y organizada y prefer\u00eda evitarme los agobios de \u00faltima hora. Ha sido clave contar con ella para encontrar buenos proveedores, tambi\u00e9n ha sido fundamental para el caos y agobio de los \u00faltimos d\u00edas.<\/p>\n<p> <img src=\"https:\/\/www.europesays.com\/es\/wp-content\/uploads\/2025\/09\/6964ffa3b056-image00043.jpg\"   width=\"1080\" height=\"1080\" loading=\"lazy\" decoding=\"async\" alt=\"Media Image\" fetchpriority=\"auto\" class=\"image ho-image\"\/>\u00a9 Hera\u00a0Film<\/p>\n<p> <img src=\"https:\/\/www.europesays.com\/es\/wp-content\/uploads\/2025\/09\/e773dc23caa9-image00055.jpg\"   width=\"1080\" height=\"1080\" loading=\"lazy\" decoding=\"async\" alt=\"Media Image\" fetchpriority=\"auto\" class=\"image ho-image\"\/>\u00a9 Hera\u00a0Film<\/p>\n<p id=\"eSgptUexEJQ\" data-wc=\"22\"><strong>-Una de las cosas m\u00e1s importantes de las bodas es el vestido. El tuyo, \u00bffue un flechazo instant\u00e1neo o te cost\u00f3 encontrarlo?\u00a0<\/strong><\/p>\n<p id=\"e2vXOdXtThf\" data-wc=\"65\">-No fue un flechazo, ya que fue un <strong>dise\u00f1o hecho de cero<\/strong>. Lo que s\u00ed es verdad es que, tras probarme varios estilos, tuve claro qu\u00e9 es lo que me favorec\u00eda y qu\u00e9 no. El resto fue simplemente <a class=\"hm-link ho-link\" href=\"https:\/\/www.hola.com\/novias\/20250921856738\/vestido-de-novia-de-rocio-camacho-boda\/\" data-mrf-recirculation=\"article-body-link\" rel=\"nofollow noopener\" target=\"_blank\">depositar mi confianza absoluta en Lorenzo Caprile y todo su equipo<\/a>, que han hecho que esta experiencia haya sido de lo m\u00e1s bonita y emotiva para m\u00ed.\u00a0<\/p>\n<p>  <img src=\"https:\/\/www.europesays.com\/es\/wp-content\/uploads\/2025\/09\/2f36bf6a20fb-image00038.jpg\"   width=\"1080\" height=\"1080\" loading=\"lazy\" decoding=\"async\" alt=\"Media Image\" fetchpriority=\"auto\" class=\"image ho-image\"\/>\u00a9 Hera\u00a0Film<\/p>\n<p id=\"eYDh80wtHMP\" data-wc=\"12\"><strong>-\u00bfQu\u00e9 es lo que m\u00e1s ilusi\u00f3n te ha hecho de los preparativos?\u00a0<\/strong><\/p>\n<p id=\"eP2sIIfuAZh\" data-wc=\"80\">-Todo lo r<strong>elacionado con los jefes de mesas que pusimos, peri\u00f3dicos y sorpresas para invitados.<\/strong> Soy una persona que disfruta viendo disfrutar a los dem\u00e1s, por eso decid\u00ed hacer un peri\u00f3dico de solteros y solteras en lugar de un peri\u00f3dico de nuestra historia. As\u00ed, al llegar a su asiento en la cena, cada invitado ver\u00e1 su regalo (de Givenchy), un peri\u00f3dico con toda la informaci\u00f3n de cada soltero y una cartita para quien sea jefe de mesa con sus tareas.<\/p>\n<p> <img src=\"https:\/\/www.europesays.com\/es\/wp-content\/uploads\/2025\/09\/9c51c4febf78-image00019.jpg\"   width=\"1080\" height=\"1800\" loading=\"lazy\" decoding=\"async\" alt=\"Media Image\" fetchpriority=\"auto\" class=\"image ho-image\"\/>\u00a9 Hera\u00a0Film<\/p>\n<p> <img src=\"https:\/\/www.europesays.com\/es\/wp-content\/uploads\/2025\/09\/32dfe9158f35-image00024.jpg\"   width=\"1080\" height=\"1800\" loading=\"lazy\" decoding=\"async\" alt=\"Media Image\" fetchpriority=\"auto\" class=\"image ho-image\"\/>\u00a9 Hera\u00a0Film<\/p>\n<p id=\"e46k6s5H6iB\" data-wc=\"12\"><strong>-\u00bfCre\u00e9is que vuestra vida va a cambiar despu\u00e9s de este &#8216;s\u00ed, quiero&#8217;?\u00a0<\/strong><\/p>\n<p id=\"eyYL-06nTRt\" data-wc=\"59\">-Para nada. <strong>No siento que esto vaya a ser un antes y un despu\u00e9s, creo que va a ser un d\u00eda que guardaremos en nuestra memoria para siempre<\/strong> y que, ojal\u00e1, alg\u00fan d\u00eda podamos contar a nuestros hijos. Es m\u00e1s, una manera de compartir el amor con los nuestros que de buscar un cambio de vida en nuestra pareja.\u00a0<\/p>\n<p>  <img src=\"https:\/\/www.europesays.com\/es\/wp-content\/uploads\/2025\/09\/966a223e8326-image00050.jpg\"   width=\"1080\" height=\"1800\" loading=\"lazy\" decoding=\"async\" alt=\"Media Image\" fetchpriority=\"auto\" class=\"image ho-image\"\/>\u00a9 Hera\u00a0Film<\/p>\n<p id=\"eogQT3bZcPH\" data-wc=\"8\"><strong>-\u00bfQu\u00e9 es lo que te enamora de Guillermo?\u00a0<\/strong><\/p>\n<p id=\"eqNUb40jkja\" data-wc=\"61\">-Su tranquilidad, saber estar y la manera de transmitirme seguridad y protecci\u00f3n en todo sin quitarme nada de mi libertad. A todo el mundo le digo que <a class=\"hm-link ho-link\" href=\"https:\/\/www.hola.com\/actualidad\/20241001721130\/rocio-camacho-influencer-compromiso-detalles-entrevista\/\" data-mrf-recirculation=\"article-body-link\" rel=\"nofollow noopener\" target=\"_blank\">Guille lleg\u00f3 a mi vida tal y como es, sin hacer ruido, vergonzoso, pero gan\u00e1ndose su espacio poco a poco<\/a>, d\u00e1ndome lo m\u00e1s importante que tiene una relaci\u00f3n: confianza, amistad, seguridad, pasi\u00f3n y lealtad.\u00a0<\/p>\n<p> <img src=\"https:\/\/www.europesays.com\/es\/wp-content\/uploads\/2025\/09\/457dc7d1f9af-image00002.jpg\"   width=\"1080\" height=\"1080\" loading=\"lazy\" decoding=\"async\" alt=\"Media Image\" fetchpriority=\"auto\" class=\"image ho-image\"\/>\u00a9 Hera\u00a0Film<\/p>\n<p> <img src=\"https:\/\/www.europesays.com\/es\/wp-content\/uploads\/2025\/09\/258ec24cdc86-image00003.jpg\"   width=\"1080\" height=\"1080\" loading=\"lazy\" decoding=\"async\" alt=\"Media Image\" fetchpriority=\"auto\" class=\"image ho-image\"\/>\u00a9 Hera\u00a0Film<\/p>\n<p id=\"e_oFo8slJ8g\" data-wc=\"5\"><strong>-\u00bfOs gustar\u00eda ser padres pronto?\u00a0<\/strong><\/p>\n<p id=\"eJ5zVS6YyWn\" data-wc=\"79\">-Ambos<strong>\u00a0nos lo hemos planteado en muchas ocasiones, pero tenemos que ser realistas con la vida que tenemos ahora mismo<\/strong>. Guille est\u00e1 en su mejor momento profesional y eso conlleva viajar por el mundo todo el rato y yo, de momento, solo puedo decir lo mismo y adaptar mi agenda a la suya para perseguirlo cuando me libero.<strong>\u00a0Nos encantar\u00eda<\/strong> ser padres, pero <strong>antes tenemos que exprimir esta buena etapa laboral<\/strong> y, cuando ambos estemos m\u00e1s tranquilos, \u00a1ojal\u00e1 llegue!\u00a0<\/p>\n<p>  <img src=\"https:\/\/www.europesays.com\/es\/wp-content\/uploads\/2025\/09\/e4d5d5c5fbfc-image00049.jpg\"   width=\"1920\" height=\"1080\" loading=\"lazy\" decoding=\"async\" alt=\"Media Image\" fetchpriority=\"auto\" class=\"image ho-image\"\/>\u00a9 Hera\u00a0Film<\/p>\n<p id=\"ebCeKDBShP4\" data-wc=\"11\"><strong>-\u00bfCu\u00e1l fue lo m\u00e1s emotivo? \u00bfSe os ha escapado alguna l\u00e1grima?<\/strong><\/p>\n<p id=\"eaMs7rQAdG\" data-wc=\"61\">-En general, arreglarme con mi abuela ha sido el mejor regalo que pod\u00eda tener en mi vida. Tambi\u00e9n <a class=\"hm-link ho-link\" href=\"https:\/\/www.hola.com\/actualidad\/20240924720044\/rocio-camacho-anuncia-su-boda-lagrimas-pedida-mano\/\" data-mrf-recirculation=\"article-body-link\" rel=\"nofollow noopener\" target=\"_blank\">el momento en que Guille ley\u00f3 lo votos porque yo s\u00ed suelo hablar abiertamente de sentimientos, pero \u00e9l es una persona muy reservada<\/a> y me sorprendi\u00f3 mucho todo lo que dijo. Tanto que tuvieron que rehacerme el maquillaje de lo que llor\u00e9 -r\u00ede-.<\/p>\n<p>  <img src=\"https:\/\/www.europesays.com\/es\/wp-content\/uploads\/2025\/09\/e2269f75c5ca-image00011.jpg\"   width=\"1080\" height=\"1800\" loading=\"lazy\" decoding=\"async\" alt=\"Media Image\" fetchpriority=\"auto\" class=\"image ho-image\"\/>\u00a9 Hera\u00a0Film<\/p>\n<p id=\"ejtM8GR0lvW\" data-wc=\"7\"><strong>-\u00bfY el momento que recordar\u00e9is para siempre?<\/strong><\/p>\n<p id=\"edN5aOdlOn\" data-wc=\"62\">-Creo <strong>la fiesta, ya que nadie ten\u00eda tel\u00e9fonos ni hab\u00eda c\u00e1maras porque la \u00fanica misi\u00f3n era disfrutar<\/strong> y eso es algo que vamos a tener en nuestra memoria para siempre. Ver a todos nuestros amigos unidos como si se conociesen de toda la vida y saber que el motivo era que est\u00e1bamos celebrando el amor fue algo muy muy bonito y especial.<\/p>\n<p> <img src=\"https:\/\/www.europesays.com\/es\/wp-content\/uploads\/2025\/09\/8dc7ebe40646-image00010.jpg\"   width=\"1080\" height=\"1800\" loading=\"lazy\" decoding=\"async\" alt=\"Media Image\" fetchpriority=\"auto\" class=\"image ho-image\"\/>\u00a9 Hera\u00a0Film<\/p>\n<p> <img src=\"https:\/\/www.europesays.com\/es\/wp-content\/uploads\/2025\/09\/f7c2f2500a62-image00041.jpg\"   width=\"1080\" height=\"1800\" loading=\"lazy\" decoding=\"async\" alt=\"Media Image\" fetchpriority=\"auto\" class=\"image ho-image\"\/>\u00a9 Hera\u00a0Film<\/p>\n<p id=\"eeZM71yfTE\" data-wc=\"7\"><strong>-\u00bfHa sido la boda de vuestros sue\u00f1os?<\/strong><\/p>\n<p id=\"eR1f0rti_v\" data-wc=\"33\">-\u00a1Sin ninguna duda! <strong>No cambiar\u00eda ninguna cosa.\u00a0<\/strong>Tanto los proveedores, como el castillo de Batres, el catering, las activaciones y todo lo que hubo de entretenimiento fue tal cual estaba en mi cabeza.<\/p>\n<p id=\"et9B_4t8DX_7\" data-wc=\"7\"><strong>-\u00bfD\u00f3nde os vais de luna de miel?<\/strong><\/p>\n<p id=\"eN3KTnwoa_Q-\" data-wc=\"9\">-La ha organizado Guille, as\u00ed que <strong>es una sorpresa.<\/strong><\/p>\n","protected":false},"excerpt":{"rendered":"El \u201cs\u00ed, quiero\u201d de Roc\u00edo Camacho y Guillermo Aylon\u00a0fue una de las bodas que despert\u00f3 m\u00e1s expectaci\u00f3n el&hellip;\n","protected":false},"author":2,"featured_media":141671,"comment_status":"","ping_status":"","sticky":false,"template":"","format":"standard","meta":{"footnotes":""},"categories":[174],"tags":[3900,517,3164,255,146,147,25,24,256,2183,23],"class_list":{"0":"post-141670","1":"post","2":"type-post","3":"status-publish","4":"format-standard","5":"has-post-thumbnail","7":"category-famosos","8":"tag-hola","9":"tag-actualidad","10":"tag-bodas","11":"tag-celebrities","12":"tag-entertainment","13":"tag-entretenimiento","14":"tag-es","15":"tag-espana","16":"tag-famosos","17":"tag-influencers","18":"tag-spain"},"share_on_mastodon":{"url":"","error":""},"_links":{"self":[{"href":"https:\/\/www.europesays.com\/es\/wp-json\/wp\/v2\/posts\/141670","targetHints":{"allow":["GET"]}}],"collection":[{"href":"https:\/\/www.europesays.com\/es\/wp-json\/wp\/v2\/posts"}],"about":[{"href":"https:\/\/www.europesays.com\/es\/wp-json\/wp\/v2\/types\/post"}],"author":[{"embeddable":true,"href":"https:\/\/www.europesays.com\/es\/wp-json\/wp\/v2\/users\/2"}],"replies":[{"embeddable":true,"href":"https:\/\/www.europesays.com\/es\/wp-json\/wp\/v2\/comments?post=141670"}],"version-history":[{"count":0,"href":"https:\/\/www.europesays.com\/es\/wp-json\/wp\/v2\/posts\/141670\/revisions"}],"wp:featuredmedia":[{"embeddable":true,"href":"https:\/\/www.europesays.com\/es\/wp-json\/wp\/v2\/media\/141671"}],"wp:attachment":[{"href":"https:\/\/www.europesays.com\/es\/wp-json\/wp\/v2\/media?parent=141670"}],"wp:term":[{"taxonomy":"category","embeddable":true,"href":"https:\/\/www.europesays.com\/es\/wp-json\/wp\/v2\/categories?post=141670"},{"taxonomy":"post_tag","embeddable":true,"href":"https:\/\/www.europesays.com\/es\/wp-json\/wp\/v2\/tags?post=141670"}],"curies":[{"name":"wp","href":"https:\/\/api.w.org\/{rel}","templated":true}]}}