{"id":141674,"date":"2025-09-27T06:01:06","date_gmt":"2025-09-27T06:01:06","guid":{"rendered":"https:\/\/www.europesays.com\/es\/141674\/"},"modified":"2025-09-27T06:01:06","modified_gmt":"2025-09-27T06:01:06","slug":"el-libro-que-mark-zuckerberg-no-quiere-que-leas","status":"publish","type":"post","link":"https:\/\/www.europesays.com\/es\/141674\/","title":{"rendered":"El libro que Mark Zuckerberg no quiere que leas"},"content":{"rendered":"<p>Barcelona\u00bbTrabaj\u00e9 all\u00ed [en Facebook] durante siete a\u00f1os y, si tuviera que resumirlos en una sola frase, dir\u00eda que empez\u00f3 siendo una farsa esperanzadora y acab\u00f3 en una tragedia llena de oscuridad y arrepentimiento. Yo era una de las personas que asesoraban a la c\u00fapula de la empresa, Mark Zuckerberg y Sheryl Sandberg, mientras planetas pensaban como planeta, mientras pensaban. desesperanzada como se plegaban ante reg\u00edmenes autoritarios como China y enga\u00f1aban a la opini\u00f3n p\u00fablica como si nada. les hab\u00eda otorgado y comportado ese poder.\u00bb<\/p>\n<p>As\u00ed comienza Sarah Wynn-Williams su relato, explicando sus a\u00f1os trabajando como directora de pol\u00edticas p\u00fablicas de Facebook (ahora Meta) entre 2011 y 2017 en el libro Los irresponsables: Una historia real de poder, codicia y falso idealismo (Pen\u00ednsula, 2025). Un libro que tambi\u00e9n tiene pol\u00e9mica propia, porque el fundador y consejero delegado de Meta, Mark Zuckerberg, intent\u00f3 impedir su publicaci\u00f3n. De hecho, a Wynn-Williams no se le puede entrevistar para hablar del libro ni de su etapa en Facebook. Cuando se public\u00f3 en Estados Unidos, en marzo de este a\u00f1o, enseguida se posicion\u00f3 como uno de los m\u00e1s vendidos en Amazon, y Meta logr\u00f3 una orden provisional de un tribunal de arbitraje que impide a la autora promocionar su libro. De hecho, seg\u00fan public\u00f3 The Guardian esta semana, Sarah Wynn-Williams se enfrenta a una multa de 50.000 d\u00f3lares cada vez que incumpla el orden que le proh\u00edbe criticar a Meta.<\/p>\n<p>Wynn-Williams es una exdiplom\u00e1tica neozelandesa que entr\u00f3 a trabajar en Meta fruto del idealismo, que le llev\u00f3 a pensar que, en los a\u00f1os incipientes de la red social, \u00abFacebook pod\u00eda cambiar el mundo\u00bb. A lo largo de m\u00e1s de 450 p\u00e1ginas, ya trav\u00e9s de varios cap\u00edtulos \u2014algunos con cierto tono humor\u00edstico, otros terriblemente crudos, tanto en lo que se refiere a su vida personal como a la profesional\u2014, la exdirectiva repasa c\u00f3mo la c\u00fapula de Meta pas\u00f3 de no tener ning\u00fan tipo de inter\u00e9s en mezclarse con la clase de EE.UU.; a ser c\u00f3mplice \u2013de forma inconsciente\u2013 de genocidios en Myanmar por su pasividad a la hora de retirar fake news y discursos de odio contra los rohingyes, y en aliarse con el gobierno chino de Xi Jinping para, a cambio de cederle todos los datos de los usuarios chinos, poder operar en el pa\u00eds, entre otros ejemplos.<\/p>\n<p>Todas las situaciones que explica la exdirectiva en el libro han sido documentadas, investigadas o juzgadas, como el esc\u00e1ndalo de la manipulaci\u00f3n electoral de Facebook y Cambridge Analitica que sali\u00f3 a la luz en el 2018, dos a\u00f1os despu\u00e9s de la victoria de Trump. En el libro, Wynn-Williams explica al dedillo c\u00f3mo se fue orquestando toda la estrategia de lo que se lleg\u00f3 a bautizar como \u00ablas elecciones de Facebook\u00bb: \u00abPersonal de Facebook se integr\u00f3 en el equipo de campa\u00f1a de Trump en San Antonio durante meses, junto con programadores, redactores publicitarios, compradores de espacios en medios, ingenieros de redes. Parscale, dirigi\u00f3 la operaci\u00f3n junto al personal adscrito a Facebook, y b\u00e1sicamente se invent\u00f3 una nueva forma de hacer una campa\u00f1a pol\u00edtica para llegar a la Casa Blanca a base de publicaciones basura [&#8230;] Boz, el responsable del equipo publicitario, la llam\u00f3 \u00abla mejor campa\u00f1a digital que hubiera visto nunca por parte de ning\u00fan anunciante, y punto\u00bb.<\/p>\n<p>A medida que fueron pasando los a\u00f1os, Wynn-Williams se fue desilusionando. Por lo que explica en el libro, el ambiente dentro de la empresa tambi\u00e9n empez\u00f3 a corromperse. Tambi\u00e9n explica el acoso que recibi\u00f3 durante su baja de maternidad cuando sufri\u00f3 un choque amni\u00f3tico y estuvo a punto de morir. Describe tambi\u00e9n un d\u00eda en el que una chica se puso a convulsionar en medio de la oficina y el resto de trabajadores no la miraron. Explica varios casos de acoso sexual y laboral por parte de varias figuras de poder dentro de la empresa \u2013hombres y mujeres\u2013 y, de hecho, en su caso particular, pedir una investigaci\u00f3n interna por acoso por parte de su superior directo, Joel Kaplan, es el que termina con su despido, a pesar de tener pruebas y testigos.<\/p>\n<p>\u00abPienso a todas horas sobre c\u00f3mo ve\u00eda yo la empresa antes de incorporarme. En las posibilidades, en la promesa de conectar a todas las personas del planeta. En lo seguro que Facebook cambiar\u00eda el mundo hacia mejor. muy sentidas sobre c\u00f3mo la plataforma les hab\u00eda cambiado la vida [&#8230;] Parec\u00eda prometedor e inmenso; incluso me obsesiona lo peor que tiene. que necesitan: acceso directo a lo que est\u00e1 diciendo la gente en todos los extractos de la sociedad\u00bb, termina la exdirectiva.<\/p>\n","protected":false},"excerpt":{"rendered":"Barcelona\u00bbTrabaj\u00e9 all\u00ed [en Facebook] durante siete a\u00f1os y, si tuviera que resumirlos en una sola frase, dir\u00eda que&hellip;\n","protected":false},"author":2,"featured_media":141675,"comment_status":"","ping_status":"","sticky":false,"template":"","format":"standard","meta":{"footnotes":""},"categories":[172],"tags":[224,146,147,25,24,13734,1496,225,21665,689,2615,23,37528],"class_list":{"0":"post-141674","1":"post","2":"type-post","3":"status-publish","4":"format-standard","5":"has-post-thumbnail","7":"category-libros","8":"tag-books","9":"tag-entertainment","10":"tag-entretenimiento","11":"tag-es","12":"tag-espana","13":"tag-leas","14":"tag-libro","15":"tag-libros","16":"tag-mark","17":"tag-no","18":"tag-quiere","19":"tag-spain","20":"tag-zuckerberg"},"share_on_mastodon":{"url":"","error":""},"_links":{"self":[{"href":"https:\/\/www.europesays.com\/es\/wp-json\/wp\/v2\/posts\/141674","targetHints":{"allow":["GET"]}}],"collection":[{"href":"https:\/\/www.europesays.com\/es\/wp-json\/wp\/v2\/posts"}],"about":[{"href":"https:\/\/www.europesays.com\/es\/wp-json\/wp\/v2\/types\/post"}],"author":[{"embeddable":true,"href":"https:\/\/www.europesays.com\/es\/wp-json\/wp\/v2\/users\/2"}],"replies":[{"embeddable":true,"href":"https:\/\/www.europesays.com\/es\/wp-json\/wp\/v2\/comments?post=141674"}],"version-history":[{"count":0,"href":"https:\/\/www.europesays.com\/es\/wp-json\/wp\/v2\/posts\/141674\/revisions"}],"wp:featuredmedia":[{"embeddable":true,"href":"https:\/\/www.europesays.com\/es\/wp-json\/wp\/v2\/media\/141675"}],"wp:attachment":[{"href":"https:\/\/www.europesays.com\/es\/wp-json\/wp\/v2\/media?parent=141674"}],"wp:term":[{"taxonomy":"category","embeddable":true,"href":"https:\/\/www.europesays.com\/es\/wp-json\/wp\/v2\/categories?post=141674"},{"taxonomy":"post_tag","embeddable":true,"href":"https:\/\/www.europesays.com\/es\/wp-json\/wp\/v2\/tags?post=141674"}],"curies":[{"name":"wp","href":"https:\/\/api.w.org\/{rel}","templated":true}]}}