{"id":141680,"date":"2025-09-27T06:06:37","date_gmt":"2025-09-27T06:06:37","guid":{"rendered":"https:\/\/www.europesays.com\/es\/141680\/"},"modified":"2025-09-27T06:06:37","modified_gmt":"2025-09-27T06:06:37","slug":"el-42-de-las-muertes-por-cancer-se-debe-a-factores-de-riesgo-prevenibles-segun-un-estudio-en-the-lancet","status":"publish","type":"post","link":"https:\/\/www.europesays.com\/es\/141680\/","title":{"rendered":"El 42% de las muertes por c\u00e1ncer se debe a factores de riesgo prevenibles, seg\u00fan un estudio en The Lancet"},"content":{"rendered":"<p><img alt=\"El 42% de las muertes\" class=\"global-image\" decoding=\"async\" fetchpriority=\"high\" height=\"1024\" loading=\"eager\" src=\"https:\/\/www.europesays.com\/es\/wp-content\/uploads\/2025\/09\/DHIJXKKPTRDHTM3IG2IREJWSIM.jpg\" width=\"1792\"\/>El 42% de las muertes por c\u00e1ncer se atribuyen a factores de riesgo modificables (Imagen Ilustrativa Infobae)<\/p>\n<p class=\"paragraph\">Casi la mitad de las <b>muertes por <\/b><a rel=\"noopener noreferrer nofollow\" href=\"https:\/\/www.infobae.com\/tag\/cancer\/\" target=\"_blank\" title=\"https:\/\/www.infobae.com\/tag\/cancer\/\"><b>c\u00e1ncer<\/b><\/a> en el mundo est\u00e1n relacionadas con <b>factores de riesgo evitables<\/b>, seg\u00fan un <b>estudio global<\/b> publicado en la revista <a rel=\"noopener nofollow\" href=\"https:\/\/www.thelancet.com\/journals\/lancet\/article\/PIIS0140-6736(25)01635-6\/fulltext\" target=\"_blank\" title=\"https:\/\/www.thelancet.com\/journals\/lancet\/article\/PIIS0140-6736(25)01635-6\/fulltext\"><b>The Lancet<\/b><\/a>. <\/p>\n<p class=\"paragraph\">El an\u00e1lisis, que abarca datos de <b>204 pa\u00edses y territorios<\/b>, muestra que el 42% de los fallecimientos por c\u00e1ncer en 2023 se asocian a 44 factores modificables, como el <a rel=\"noopener noreferrer nofollow\" href=\"https:\/\/www.infobae.com\/tag\/tabaquismo\/\" target=\"_blank\" title=\"https:\/\/www.infobae.com\/tag\/tabaquismo\/\"><b>consumo de tabaco<\/b><\/a>, una alimentaci\u00f3n poco saludable y el <b>az\u00facar elevado en sangre<\/b>. <\/p>\n<p class=\"paragraph\">En ese a\u00f1o, el c\u00e1ncer caus\u00f3 10,4 millones de muertes y 18,5 millones de nuevos casos, cifras que han aumentado un 74% y un 105% respectivamente desde 1990.<\/p>\n<p><img alt=\"Los nuevos casos de c\u00e1ncer\" class=\"global-image\" decoding=\"async\" fetchpriority=\"low\" height=\"484\" loading=\"lazy\" src=\"https:\/\/www.europesays.com\/es\/wp-content\/uploads\/2025\/09\/7TFWIKU2YVDN3NL2FEOL56YNQM.png\" width=\"722\"\/>Los nuevos casos de c\u00e1ncer aumentaron un 105% desde 1990 (Freepik)<\/p>\n<p class=\"paragraph\">El estudio fue realizado por el grupo <b>Global Burden of Disease Study Cancer Collaborators<\/b>, liderado por la doctora <b>Lisa Force<\/b> del <b>Instituto de M\u00e9tricas y Evaluaci\u00f3n de la Salud <\/b>(m\u00e1s conocido como <b>IHME<\/b>, que es la sigla en ingl\u00e9s), una organizaci\u00f3n de investigaci\u00f3n independiente de la <b>Universidad de Washington<\/b> en Seattle, Estados Unidos. <\/p>\n<p class=\"paragraph\">Tambi\u00e9n colaboraron expertos internacionales y el apoyo de <b>Fundaci\u00f3n<\/b> <b>Gates<\/b>, <b>St Jude Children\u2019s Research Hospital<\/b> y <b>Fundaci\u00f3n<\/b> <b>St Baldrick\u2019s<\/b>.<\/p>\n<p class=\"paragraph\">Las implicancias de este hallazgo son relevantes para la <b>salud p\u00fablica mundial<\/b>: millones de muertes prematuras por c\u00e1ncer podr\u00edan evitarse si se redujera la exposici\u00f3n a factores de riesgo conocidos. <\/p>\n<p class=\"paragraph\">El doctor <b>Theo Vos<\/b>, coautor del estudio, que \u201ccon cuatro de cada diez muertes por c\u00e1ncer vinculadas a factores de riesgo establecidos, como el tabaco, la mala alimentaci\u00f3n y el az\u00facar alto en sangre, existen enormes oportunidades para que los pa\u00edses act\u00faen sobre estos riesgos, al prevenir casos de c\u00e1ncer y salvar vidas\u201d.<\/p>\n<p><img alt=\"El tabaco es el principal\" class=\"global-image\" decoding=\"async\" fetchpriority=\"low\" height=\"816\" loading=\"lazy\" src=\"https:\/\/www.europesays.com\/es\/wp-content\/uploads\/2025\/09\/MQS422LYOJBT3ANZXDGSQZSBNY.jpg\" width=\"1456\"\/>El tabaco es el principal factor de riesgo de c\u00e1ncer, responsable del 21% de las muertes (Imagen Ilustrativa Infobae)<\/p>\n<p class=\"paragraph\">El <b>c\u00e1ncer<\/b> es la segunda causa de muerte en el mundo y su carga sigue en aumento, lo que genera presi\u00f3n sobre los sistemas de salud. <\/p>\n<p class=\"paragraph\">Los investigadores del nuevo estudio explicaron que, aunque existen avances en el tratamiento y la prevenci\u00f3n, la mayor\u00eda de los pa\u00edses no dispone de datos actualizados ni de pol\u00edticas suficientes para controlar el c\u00e1ncer. <\/p>\n<p class=\"paragraph\">El objetivo principal de su investigaci\u00f3n fue estimar la carga global, regional y nacional del c\u00e1ncer entre 1990 y 2023, identificar qu\u00e9 parte de esa carga se debe a factores de riesgo evitables y proyectar la evoluci\u00f3n del c\u00e1ncer hasta el a\u00f1o 2050.<\/p>\n<p class=\"paragraph\">El contexto que motiv\u00f3 el estudio incluye la meta de los <b>Objetivos de Desarrollo Sostenible (ODS)<\/b> de la ONU de reducir en un tercio la mortalidad prematura por enfermedades no transmisibles, como el c\u00e1ncer, para 2030. <\/p>\n<p class=\"paragraph\">Sin embargo, los investigadores<b> advierten que el ritmo actual de reducci\u00f3n es insuficiente para alcanzar ese objetivo. <\/b><\/p>\n<p><img alt=\"Se proyectan 30,5 millones de\" class=\"global-image\" decoding=\"async\" fetchpriority=\"low\" height=\"361\" loading=\"lazy\" src=\"https:\/\/www.europesays.com\/es\/wp-content\/uploads\/2025\/09\/DGFJTLWWTRHUNG4Y3LKDRMG5YA.png\" width=\"616\"\/>Se proyectan 30,5 millones de nuevos diagn\u00f3sticos de c\u00e1ncer para 2050 (Freepik)<\/p>\n<p class=\"paragraph\">Para hacer el trabajo, los investigadores analizaron<b> 47 tipos de c\u00e1ncer y 44 factores de riesgo<\/b>, como el tabaco, el alcohol, la obesidad, la contaminaci\u00f3n del aire y los riesgos laborales.<\/p>\n<p class=\"paragraph\">Utilizaron datos de registros de c\u00e1ncer, sistemas de registro civil y entrevistas a familiares de personas fallecidas por c\u00e1ncer. <\/p>\n<p class=\"paragraph\">Se aplicaron modelos estad\u00edsticos avanzados para estimar la incidencia, la mortalidad y los a\u00f1os de vida perdidos por discapacidad (<b>DALY<\/b>, por sus siglas en ingl\u00e9s) en <b>204 pa\u00edses y territorios<\/b>. <\/p>\n<p class=\"paragraph\">Adem\u00e1s, se calcularon las muertes atribuibles a cada factor de riesgo y se hicieron proyecciones hasta 2050.<\/p>\n<p><img alt=\"Una dieta poco saludable se\" class=\"global-image\" decoding=\"async\" fetchpriority=\"low\" height=\"816\" loading=\"lazy\" src=\"https:\/\/www.europesays.com\/es\/wp-content\/uploads\/2025\/09\/7BY723DY2JC3LKELTF2CMZVQFM.jpg\" width=\"1456\"\/>Una dieta poco saludable se identifica como uno de los factores de riesgo clave en el aumento de muertes por c\u00e1ncer (Imagen Ilustrativa Infobae)<\/p>\n<p class=\"paragraph\">En 2023, los diferentes tipos de c\u00e1ncer fueron responsables de <b>271 millones de a\u00f1os de vida perdidos por discapacidad (DALY)<\/b> a nivel global. <\/p>\n<p class=\"paragraph\">El 65,8% de las muertes y el 57,9% de los casos nuevos ocurrieron en <b>pa\u00edses de ingresos bajos y medios<\/b>. <\/p>\n<p class=\"paragraph\">El tabaco result\u00f3 ser el principal factor de riesgo, responsable del 21% de las muertes por c\u00e1ncer en todo el mundo. En los pa\u00edses de menores ingresos, <b>el sexo no seguro fue el principal riesgo<\/b>, vinculado al 12,5% de los fallecimientos por c\u00e1ncer.<\/p>\n<p class=\"paragraph\">Tambi\u00e9n se identificaron diferencias entre hombres y mujeres. En 2023, el 46% de las muertes por c\u00e1ncer en hombres se relacion\u00f3 con factores de riesgo evitables, frente al 36% en mujeres. <\/p>\n<p><img alt=\"La contaminaci\u00f3n del aire figura\" class=\"global-image\" decoding=\"async\" fetchpriority=\"low\" height=\"816\" loading=\"lazy\" src=\"https:\/\/www.europesays.com\/es\/wp-content\/uploads\/2025\/09\/GMHQNP3KXRDFBNTK7HAE7563TM.jpg\" width=\"1456\"\/>La contaminaci\u00f3n del aire figura entre los principales factores de riesgo para c\u00e1ncer en hombres, seg\u00fan el estudio (Imagen Ilustrativa Infobae)<\/p>\n<p class=\"paragraph\">Para los<b> hombres<\/b>, los riesgos principales fueron el <b>tabaco<\/b>, la <b>dieta <\/b>poco saludable, el consumo elevado de<b> alcohol<\/b>, los <b>riesgos laborales<\/b> y la <b>contaminaci\u00f3n<\/b> del aire. <\/p>\n<p class=\"paragraph\">En las <b>mujeres<\/b>, destacaron el <b>tabaco<\/b>, el <b>sexo no seguro<\/b>, la mala <b>alimentaci\u00f3n<\/b>, la <b>obesidad <\/b>y el <b>az\u00facar <\/b>alto en sangre.<\/p>\n<p class=\"paragraph\">Las proyecciones indican que, si no se intensifican las acciones de prevenci\u00f3n y control, el n\u00famero de nuevos casos de c\u00e1ncer <b>aumentar\u00e1 un 61% y las muertes un 75% para 2050.<\/b> Se alcanzar\u00edan los 30,5 millones de diagn\u00f3sticos y 18,6 millones de fallecimientos anuales. <\/p>\n<p class=\"paragraph\">M\u00e1s de la mitad de los nuevos casos y dos tercios de las muertes se concentrar\u00e1n en pa\u00edses de ingresos bajos y medios.<\/p>\n<p><img alt=\"En Am\u00e9rica Latina, la mayor\u00eda\" class=\"global-image\" decoding=\"async\" fetchpriority=\"low\" height=\"816\" loading=\"lazy\" src=\"https:\/\/www.europesays.com\/es\/wp-content\/uploads\/2025\/09\/KE57KUBD65G77EKGFOZQ4NFJ6A.png\" width=\"1456\"\/>En Am\u00e9rica Latina, la mayor\u00eda de los casos y muertes por c\u00e1ncer en 2023 se atribuyeron a tabaco, dieta poco saludable, obesidad, alcohol y contaminantes ambientales (Imagen Ilustrativa Infobae)<\/p>\n<p class=\"paragraph\">El estudio publicado en <b>The Lancet<\/b> incluy\u00f3 datos de <b>Am\u00e9rica Latina<\/b>, aunque la mayor parte de los resultados globales se centr\u00f3 en la comparaci\u00f3n entre grupos de ingresos. <\/p>\n<p class=\"paragraph\">En la regi\u00f3n, como en otros pa\u00edses de ingresos medios, la incidencia y la mortalidad por c\u00e1ncer aument\u00f3 en las \u00faltimas d\u00e9cadas. <\/p>\n<p class=\"paragraph\">Las tasas ajustadas por edad muestran que, mientras en los pa\u00edses ricos la mortalidad por c\u00e1ncer bajaron, <b>en Am\u00e9rica Latina y otras regiones de ingresos bajos y medios las tasas y el n\u00famero absoluto de casos siguen en ascenso.<\/b><\/p>\n<p class=\"paragraph\"><b>El acceso desigual a servicios de diagn\u00f3stico temprano y tratamiento de calidad agrava la situaci\u00f3n en la regi\u00f3n.<\/b><\/p>\n<p><img alt=\"El acceso desigual a diagn\u00f3stico\" class=\"global-image\" decoding=\"async\" fetchpriority=\"low\" height=\"1080\" loading=\"lazy\" src=\"https:\/\/www.europesays.com\/es\/wp-content\/uploads\/2025\/09\/JCK7ZUK46ZHA5AMZTYHPE2SW54.jpg\" width=\"1920\"\/>El acceso desigual a diagn\u00f3stico temprano y tratamientos de calidad agrava la mortalidad por c\u00e1ncer en Am\u00e9rica Latina (Imagen Ilustrativa Infobae)<\/p>\n<p class=\"paragraph\">Los investigadores destacaron que la falta de datos de calidad y la escasez de registros de c\u00e1ncer en varios pa\u00edses latinoamericanos dificultan la planificaci\u00f3n de pol\u00edticas efectivas. <\/p>\n<p class=\"paragraph\">Subrayaron la importancia de fortalecer los sistemas de vigilancia y de<b> invertir en prevenci\u00f3n, diagn\u00f3stico y tratamiento<\/b> oportuno para reducir la carga del c\u00e1ncer en la regi\u00f3n.<\/p>\n<p><img alt=\"El estudio se\u00f1ala que los\" class=\"global-image\" decoding=\"async\" fetchpriority=\"low\" height=\"816\" loading=\"lazy\" src=\"https:\/\/www.europesays.com\/es\/wp-content\/uploads\/2025\/09\/KAH3P4BVRRGW3PN5V6E6QE3UQM.jpg\" width=\"1456\"\/>El estudio se\u00f1ala que los efectos de la pandemia de COVID-19 no se incluyeron por falta de datos robustos, lo que podr\u00eda haber impactado las tendencias de c\u00e1ncer (Imagen ilustrativa Infobae)<\/p>\n<p class=\"paragraph\">Tras la investigaci\u00f3n, los cient\u00edficos alertaron que el <b>c\u00e1ncer seguir\u00e1 siendo un problema de salud global creciente,<\/b> con un impacto desproporcionado en los pa\u00edses con menos recursos.<\/p>\n<p class=\"paragraph\">Aunque la<b> reducci\u00f3n <\/b>de las tasas de mortalidad ajustadas por edad es <b>alentadora,<\/b> no basta para alcanzar los objetivos internacionales de reducci\u00f3n de muertes prematuras por c\u00e1ncer.<\/p>\n<p class=\"paragraph\">Entre las limitaciones del estudio, los investigadores mencionan la <b>falta de datos de calidad en muchos pa\u00edses,<\/b> la exclusi\u00f3n de algunos factores infecciosos vinculados al c\u00e1ncer y la imposibilidad de prever el impacto de futuras innovaciones m\u00e9dicas. <\/p>\n<p class=\"paragraph\">Adem\u00e1s, el an\u00e1lisis no incorpora los<b> efectos de la pandemia <\/b>ni de los conflictos recientes sobre la carga del c\u00e1ncer.<\/p>\n<p><img alt=\"Alertaron que el c\u00e1ncer seguir\u00e1\" class=\"global-image\" decoding=\"async\" fetchpriority=\"low\" height=\"1076\" loading=\"lazy\" src=\"https:\/\/www.europesays.com\/es\/wp-content\/uploads\/2025\/09\/UOQHHQCDA5EOHGMSFRW3GIW5RM.jpg\" width=\"1920\"\/>Alertaron que el c\u00e1ncer seguir\u00e1 creciendo a nivel mundial y afectar\u00e1 de manera desproporcionada a los pa\u00edses con menos recursos (Imagen Ilustrativa Infobae)<\/p>\n<p class=\"paragraph\">Como recomendaci\u00f3n principal, el equipo urge a los gobiernos y organismos internacionales a priorizar la <b>prevenci\u00f3n del c\u00e1ncer<\/b> en sus pol\u00edticas de salud, especialmente en los pa\u00edses de ingresos bajos y medios. <\/p>\n<p class=\"paragraph\">\u201cEl aumento del c\u00e1ncer en estos pa\u00edses es un <b>desastre inminente<\/b>\u201d, advirti\u00f3 el doctor <b>Meghnath Dhimal<\/b>, que forma parte del<b> Consejo de Investigaci\u00f3n en Salud de Nepal<\/b>.<\/p>\n<p class=\"paragraph\">Consideraron que existen<b> intervenciones costo-efectivas<\/b> para reducir la carga del c\u00e1ncer y que es necesario un enfoque interdisciplinario y colaborativo para implementar soluciones.<\/p>\n<p class=\"paragraph\">Mejorar los resultados en c\u00e1ncer a nivel global exige reducir las desigualdades en el acceso a servicios de salud, diagn\u00f3stico oportuno y tratamientos de calidad, para que todas las personas reciban la atenci\u00f3n que necesitan, donde y cuando la necesiten.<\/p>\n","protected":false},"excerpt":{"rendered":"El 42% de las muertes por c\u00e1ncer se atribuyen a factores de riesgo modificables (Imagen Ilustrativa Infobae) Casi&hellip;\n","protected":false},"author":2,"featured_media":141681,"comment_status":"","ping_status":"","sticky":false,"template":"","format":"standard","meta":{"footnotes":""},"categories":[92],"tags":[1066,25,24,165,166,23],"class_list":{"0":"post-141680","1":"post","2":"type-post","3":"status-publish","4":"format-standard","5":"has-post-thumbnail","7":"category-salud","8":"tag-cancer","9":"tag-es","10":"tag-espana","11":"tag-health","12":"tag-salud","13":"tag-spain"},"share_on_mastodon":{"url":"","error":""},"_links":{"self":[{"href":"https:\/\/www.europesays.com\/es\/wp-json\/wp\/v2\/posts\/141680","targetHints":{"allow":["GET"]}}],"collection":[{"href":"https:\/\/www.europesays.com\/es\/wp-json\/wp\/v2\/posts"}],"about":[{"href":"https:\/\/www.europesays.com\/es\/wp-json\/wp\/v2\/types\/post"}],"author":[{"embeddable":true,"href":"https:\/\/www.europesays.com\/es\/wp-json\/wp\/v2\/users\/2"}],"replies":[{"embeddable":true,"href":"https:\/\/www.europesays.com\/es\/wp-json\/wp\/v2\/comments?post=141680"}],"version-history":[{"count":0,"href":"https:\/\/www.europesays.com\/es\/wp-json\/wp\/v2\/posts\/141680\/revisions"}],"wp:featuredmedia":[{"embeddable":true,"href":"https:\/\/www.europesays.com\/es\/wp-json\/wp\/v2\/media\/141681"}],"wp:attachment":[{"href":"https:\/\/www.europesays.com\/es\/wp-json\/wp\/v2\/media?parent=141680"}],"wp:term":[{"taxonomy":"category","embeddable":true,"href":"https:\/\/www.europesays.com\/es\/wp-json\/wp\/v2\/categories?post=141680"},{"taxonomy":"post_tag","embeddable":true,"href":"https:\/\/www.europesays.com\/es\/wp-json\/wp\/v2\/tags?post=141680"}],"curies":[{"name":"wp","href":"https:\/\/api.w.org\/{rel}","templated":true}]}}