{"id":141686,"date":"2025-09-27T06:10:08","date_gmt":"2025-09-27T06:10:08","guid":{"rendered":"https:\/\/www.europesays.com\/es\/141686\/"},"modified":"2025-09-27T06:10:08","modified_gmt":"2025-09-27T06:10:08","slug":"ignora-ahmad-al-sharaa-los-problemas-internos-en-siria-dw-26-09-2025","status":"publish","type":"post","link":"https:\/\/www.europesays.com\/es\/141686\/","title":{"rendered":"\u00bfIgnora Ahmad Al Sharaa los problemas internos en Siria? \u2013 DW \u2013 26\/09\/2025"},"content":{"rendered":"<p>Para el presidente interino de <a class=\"internal-link\" href=\"https:\/\/www.dw.com\/es\/siria\/t-17410218\" rel=\"nofollow noopener\" target=\"_blank\">Siria<\/a>, <a class=\"internal-link\" href=\"https:\/\/www.dw.com\/es\/al-sharaa-ahmed\/t-71017717\" rel=\"nofollow noopener\" target=\"_blank\">Ahmad Al Sharaa<\/a>, el discurso pronunciado esta semana en la Asamblea General de las <a class=\"internal-link\" href=\"https:\/\/www.dw.com\/es\/onu\/t-17409613\" rel=\"nofollow noopener\" target=\"_blank\">Naciones Unidas<\/a> en Nueva York marc\u00f3 un hito en su carrera y en el reconocimiento del pa\u00eds. \u00abSiria est\u00e1 recuperando el lugar que le corresponde entre las naciones del mundo\u00bb, afirm\u00f3 Al Sharaa en Nueva York.<\/p>\n<p>Era la primera vez que un jefe de Estado sirio asist\u00eda a la Asamblea General de las Naciones Unidas (AGNU)\u00a0desde 1967. Los 50 a\u00f1os de gobierno de mano dura de la familia Asad en Siria hizo que\u00a0las relaciones con Estados Unidos se mantuvieran fr\u00edas. Siria estaba representada en la AGNU por ministros de Asuntos Exteriores en lugar de por el jefe de Estado.<\/p>\n<p>Sin embargo, las relaciones entre Siria, Estados Unidos y muchos pa\u00edses occidentales se han ido descongelando desde diciembre de 2024, cuando una ofensiva liderada por la milicia islamista Hayat Tahrir\u00a0 Al Sham, bajo el mando de Ahmad Al Sharaa, derroc\u00f3 al dictador <a class=\"internal-link\" href=\"https:\/\/www.dw.com\/es\/al-asad-bashar\/t-17411610\" rel=\"nofollow noopener\" target=\"_blank\">Bashar Al Asad<\/a>, que llevaba mucho tiempo en el poder, y puso fin a casi 14 a\u00f1os de guerra civil.<\/p>\n<p>\u00abAhmad Al Sharaa parece ser muy consciente de la necesidad de mejoras tangibles y de traducir ahora el impulso internacional m\u00e1s amplio en avances s\u00f3lidos, sabiendo que la estabilidad de su gobierno y del pa\u00eds estar\u00e1 directamente ligada al progreso\u00bb, declar\u00f3 a DW Julien Barnes-Dacey, director del programa MENA del Consejo Europeo de Relaciones Exteriores.<\/p>\n<p><img data-format=\"MASTER_LANDSCAPE\" data-id=\"74135391\" data-url=\"https:\/\/static.dw.com\/image\/74135391_${formatId}.jpg\" data-aspect-ratio=\"16\/9\" alt=\"Personas en Siria agitan banderas en la calle para celebrar despu\u00e9s de que el presidente sirio Ahmad Al Sharaa pronunciara su discurso en la Asamblea General de las Naciones Unidas. (24.09.2025).\" style=\"padding-bottom: 56.25%; height: 0; max-height: 0;\"\/>En Damasco, multitudes se reunieron para celebrar despu\u00e9s de que el presidente sirio Ahmad Al Sharaa pronunciara su discurso en la Asamblea General de las Naciones Unidas. (24.09.2025).Imagen: Hisam Hac Omer\/Anadolu Agency\/IMAGO<\/p>\n<p>Persisten los retos internos<\/p>\n<p>Sin embargo, el creciente reconocimiento internacional de Siria contrasta fuertemente con la continua inestabilidad regional e interna.<\/p>\n<p>En su discurso ante la Asamblea General de las Naciones Unidas, Al Sharaa conden\u00f3 los frecuentes ataques del Ej\u00e9rcito de\u00a0<a class=\"internal-link\" href=\"https:\/\/www.dw.com\/es\/israel\/t-17412656\" rel=\"nofollow noopener\" target=\"_blank\">Israel<\/a>, \u00abque contradicen el apoyo de la comunidad internacional a Siria y a su pueblo\u00bb.<\/p>\n<p>Aunque destac\u00f3 que Siria sigue \u00abcomprometida con el di\u00e1logo\u00bb, descart\u00f3 que normalice sus relaciones con Israel en un futuro pr\u00f3ximo.<\/p>\n<p>Mientras tanto, las negociaciones con Israel, lideradas por Estados Unidos,\u00a0han pasado de centrarse en la plena normalizaci\u00f3n diplom\u00e1tica a buscar un acuerdo de seguridad que podr\u00eda incluir la retirada de las fuerzas israel\u00edes del territorio sirio, y el retorno al acuerdo de separaci\u00f3n de 1974. Dicho\u00a0acuerdo preve\u00eda la continuaci\u00f3n del alto el fuego y la separaci\u00f3n de las tropas enemigas por una fuerza de paz de la ONU.<\/p>\n<p>Al Sharaa tambi\u00e9n plante\u00f3 la cuesti\u00f3n de la violencia sectaria letal contra grupos religiosos y \u00e9tnicos, como las minor\u00edas alauita, cristiana y drusa, que se produjo bajo su mandato, este a\u00f1o. Al parecer, en los ataques participaron fuerzas gubernamentales y milicias afines.<\/p>\n<p>\u00abPrometo llevar ante la justicia a cualquiera que tenga las manos manchadas con la sangre del pueblo sirio\u00bb, prometi\u00f3 Al Sharaa en Nueva York, a\u00f1adiendo que Siria hab\u00eda formado misiones de investigaci\u00f3n y hab\u00eda concedido a las Naciones Unidas el derecho a investigar los asesinatos.<\/p>\n<p><img data-format=\"MASTER_LANDSCAPE\" data-id=\"74134856\" data-url=\"https:\/\/static.dw.com\/image\/74134856_${formatId}.jpg\" data-aspect-ratio=\"16\/9\" alt=\"Un hombre camina entre los escombros de la ciudad de Alepo, Siria.\" style=\"padding-bottom: 56.25%; height: 0; max-height: 0;\"\/>Siria tiene una gran necesidad de reconstrucci\u00f3n tras 14 a\u00f1os de guerra civil, y el levantamiento de las sanciones impulsar\u00eda la inversi\u00f3n y el crecimiento econ\u00f3mico.Imagen: Mahmoud Hassano\/REUTERS <\/p>\n<p>Se aproximan controvertidas elecciones<\/p>\n<p>Al Sharaa tambi\u00e9n reiter\u00f3 que se deben respetar los derechos de las minor\u00edas y que es preciso formar un gobierno inclusivo que refleje la diversidad \u00e9tnica y religiosa de Siria.<\/p>\n<p>Sin embargo, los cr\u00edticos afirman que las pr\u00f3ximas elecciones parlamentarias en Siria carecen de una representaci\u00f3n democr\u00e1tica genuina. La votaci\u00f3n, que se pospuso de mediados de septiembre al\u00a0cinco\u00a0de octubre, excluir\u00e1 a dos minor\u00edas de tres regiones debido a problemas de seguridad y a la ausencia de control central.<\/p>\n<p>Otro punto de controversia es que 121 esca\u00f1os del nuevo Parlamento sirio en Damasco ser\u00e1n seleccionados por \u00f3rganos electorales con fuertes v\u00ednculos con el presidente. En un principio, hab\u00eda 140 esca\u00f1os en juego, pero debido a la exclusi\u00f3n de dos minor\u00edas, 19 esca\u00f1os quedar\u00e1n vacantes por el momento. Los esca\u00f1os restantes de la nueva Asamblea Popular ser\u00e1n designados directamente por Al Sharaa.<\/p>\n<p>\u00abExiste la sensaci\u00f3n de que el enfoque de Al Sharaa de centralizar el poder bajo su liderazgo est\u00e1 cerrando el espacio para un enfoque de gobernanza m\u00e1s inclusivo que d\u00e9 cabida a las minor\u00edas y a una federalizaci\u00f3n geogr\u00e1fica del poder\u00bb,advirti\u00f3 Barnes-Dacey.<\/p>\n<p>En su discurso, Al Sharaa pidi\u00f3 el levantamiento total de las sanciones \u00abpara que dejen de ser un lastre para el pueblo sirio\u00bb. En su opini\u00f3n, Siria ha pasado de ser un \u00abexportador de crisis\u00bb a un lugar de \u00aboportunidades\u00bb que no deber\u00eda enfrentarse a m\u00e1s sanciones internacionales.<\/p>\n<p>Aunque muchas sanciones, como las impuestas por la Uni\u00f3n Europea y EE. UU. tras el estallido de la guerra civil siria en 2011, se levantaron a principios de este a\u00f1o, las sanciones m\u00e1s estrictas, la Ley C\u00e9sar de Protecci\u00f3n Civil de Siria de 2019, siguen vigentes. Estas sanciones ten\u00edan por objeto exigir responsabilidades por los cr\u00edmenes cometidos por el anterior Gobierno sirio de Asad, as\u00ed como por sus aliados, Rusia e Ir\u00e1n. Sin embargo, su eliminaci\u00f3n definitiva depende del Congreso de Estados Unidos.<\/p>\n<p>\u00abAl Sharaa tiene un argumento s\u00f3lido en lo que respecta a la importancia fundamental del alivio de las sanciones, que est\u00e1 logrando gracias a su compromiso con los Estados Unidos, y que ser\u00e1 crucial para abrir las entradas econ\u00f3micas que el pa\u00eds necesita tan desesperadamente\u00bb, afirm\u00f3 Barnes-Dacey, del ECFR.<\/p>\n<p>(gg\/cp)<\/p>\n","protected":false},"excerpt":{"rendered":"Para el presidente interino de Siria, Ahmad Al Sharaa, el discurso pronunciado esta semana en la Asamblea General&hellip;\n","protected":false},"author":2,"featured_media":141687,"comment_status":"","ping_status":"","sticky":false,"template":"","format":"standard","meta":{"footnotes":""},"categories":[42],"tags":[17,18,13,14,11,61,62,63,64,19,20,9,10,15,16,12,21,22,65,66,67],"class_list":{"0":"post-141686","1":"post","2":"type-post","3":"status-publish","4":"format-standard","5":"has-post-thumbnail","7":"category-internacional","8":"tag-breaking-news","9":"tag-breakingnews","10":"tag-featured-news","11":"tag-featurednews","12":"tag-headlines","13":"tag-internacional","14":"tag-international","15":"tag-international-news","16":"tag-internationalnews","17":"tag-latest-news","18":"tag-latestnews","19":"tag-news","20":"tag-noticias","21":"tag-noticias-destacadas","22":"tag-noticiasdestacadas","23":"tag-titulares","24":"tag-ultimas-noticias","25":"tag-ultimasnoticias","26":"tag-world","27":"tag-world-news","28":"tag-worldnews"},"share_on_mastodon":{"url":"","error":""},"_links":{"self":[{"href":"https:\/\/www.europesays.com\/es\/wp-json\/wp\/v2\/posts\/141686","targetHints":{"allow":["GET"]}}],"collection":[{"href":"https:\/\/www.europesays.com\/es\/wp-json\/wp\/v2\/posts"}],"about":[{"href":"https:\/\/www.europesays.com\/es\/wp-json\/wp\/v2\/types\/post"}],"author":[{"embeddable":true,"href":"https:\/\/www.europesays.com\/es\/wp-json\/wp\/v2\/users\/2"}],"replies":[{"embeddable":true,"href":"https:\/\/www.europesays.com\/es\/wp-json\/wp\/v2\/comments?post=141686"}],"version-history":[{"count":0,"href":"https:\/\/www.europesays.com\/es\/wp-json\/wp\/v2\/posts\/141686\/revisions"}],"wp:featuredmedia":[{"embeddable":true,"href":"https:\/\/www.europesays.com\/es\/wp-json\/wp\/v2\/media\/141687"}],"wp:attachment":[{"href":"https:\/\/www.europesays.com\/es\/wp-json\/wp\/v2\/media?parent=141686"}],"wp:term":[{"taxonomy":"category","embeddable":true,"href":"https:\/\/www.europesays.com\/es\/wp-json\/wp\/v2\/categories?post=141686"},{"taxonomy":"post_tag","embeddable":true,"href":"https:\/\/www.europesays.com\/es\/wp-json\/wp\/v2\/tags?post=141686"}],"curies":[{"name":"wp","href":"https:\/\/api.w.org\/{rel}","templated":true}]}}