{"id":141688,"date":"2025-09-27T06:11:05","date_gmt":"2025-09-27T06:11:05","guid":{"rendered":"https:\/\/www.europesays.com\/es\/141688\/"},"modified":"2025-09-27T06:11:05","modified_gmt":"2025-09-27T06:11:05","slug":"el-salto-edicion-general-5","status":"publish","type":"post","link":"https:\/\/www.europesays.com\/es\/141688\/","title":{"rendered":"&#8211; El Salto &#8211; Edici\u00f3n General"},"content":{"rendered":"<p>La noche antes de que los matasen, Xos\u00e9 Humberto Baena y Jos\u00e9 Luis S\u00e1nchez-Bravo cantaron el himno gallego y A Rianxeira con los ojos llorosos en dos celdas de mala muerte en un s\u00f3tano de la c\u00e1rcel de Carabanchel. No se hab\u00edan conocido antes a pesar de que ambos eran de Vigo, estudiaron en el mismo instituto y se alistaron a comienzos de los setenta en el\u00a0Frente Revolucionario Antifascista y Patriota (FRAP): \u201cNo se conoc\u00edan de antes, pero esa noche se convirtieron en inseparables\u201d.\u00a0<\/p>\n<p>La cita es del periodista Roger Mateos, que acaba de publicar un ins\u00f3lito y laborioso trabajo de investigaci\u00f3n sobre las certezas, las preguntas sin responder y, sobre todo, los secretos alrededor de los hechos que llevaron a que el \u00faltimo fusilado del franquismo, Baena, perdiese la vida frente a un pelot\u00f3n de fusilamiento a la luz del alba del 27 de septiembre de 1975 en Hoyo de Manzanares. Lo asesinaron junto a\u00a0S\u00e1nchez-Bravo y\u00a0Ram\u00f3n Garc\u00eda Sanz, camaradas del PCE (m-l) y el FRAP; y despu\u00e9s de dos militantes de ETA pol\u00edtico-militar, Juan Paredes Manot (Txiki) y \u00c1ngel Otaegui \u2014a diferencia de lo que suele decir el grueso de la historiograf\u00eda\u2014.<\/p>\n<p>Partiendo de una investigaci\u00f3n que se remonta a hace m\u00e1s de veinte a\u00f1os,\u00a0<a href=\"https:\/\/www.anagrama-ed.es\/libro\/cronicas\/el-verano-de-los-inocentes\/9788433947697\/CR_143\" target=\"_blank\" rel=\"nofollow noopener\">El verano de los inocentes<\/a> trata de reconstruir las grandes inc\u00f3gnitas que rodean al asesinato del agente de la Polic\u00eda Armada \u2014predecesora de la Nacional\u2014\u00a0Lucio Rodr\u00edguez Mart\u00ednez en la calle Alenza de Madrid. Una acci\u00f3n organizada y reivindicada por el FRAP por la que un tribunal militar conden\u00f3 a pena de muerte a Xos\u00e9 Humberto en un juicio-farsa sin ning\u00fan tipo de garant\u00eda jur\u00eddica, pero cargado de simbolismo.\u00a0<\/p>\n<p>Tanto a Baena como a sus compa\u00f1eros de militancia en el\u00a0Partido Comunista de Espa\u00f1a (marxista-leninista), detenidos diez d\u00edas despu\u00e9s de los atentados, le sacaron sus testimonios jurados bajo torturas en las mazmorras de <a href=\"https:\/\/www.elsaltodiario.com\/historia\/pablo-alcantara-entrar-direccion-general-seguridad-era-entrar-al-infierno\" target=\"_blank\" rel=\"nofollow noopener\">la Direcci\u00f3n General de Seguridad<\/a>, centro neur\u00e1lgico de los cr\u00edmenes de lesa humanidad del r\u00e9gimen de Franco hasta el \u00faltimo suspiro de la dictadura. En aquel sustrato, abonado por los gritos de las cientos de personas extorsionadas f\u00edsica y psicol\u00f3gicamente, medraron infames personajes\u00a0de la polic\u00eda franquista como Roberto Conesa, el famoso Billy el Ni\u00f1o \u2013Antonio Gonz\u00e1lez Pacheco\u2013 o Manuel Ballesteros. De hecho, todos ellos, los asesinados aquel verano, pasaron por las manos manchadas de sangre de Conesa.<\/p>\n<p>Las grandes hip\u00f3tesis en torno al atentado por el que fue inculpado Baena conviene descubrirlas, en su contexto, en esta cr\u00f3nica publicada por Anagrama hace apenas un par de semanas. Cualquier breve recorte ser\u00eda injusto para con la historia. Sin embargo, la gran prueba que es el motor y la obsesi\u00f3n del periodista catal\u00e1n es el relato de las \u00faltimas palabras de Baena con su padre antes de partir hacia su \u00faltimo destino. Todav\u00eda hoy siguen guardadas a fuego en el coraz\u00f3n de su hermana Flor:<\/p>\n<p>\u2014Te digo una cosa, hijo, preferir\u00eda que me dijeras que fuiste t\u00fa el culpable, porque por lo menos sabr\u00eda que quienes te condenaron a muerte no se equivocaron de persona. Pero si me dices que van a fusilar a un inocente, todav\u00eda me doler\u00e1 m\u00e1s.<\/p>\n<p>\u2014\ufeffLo siento, pap\u00e1, pero no puedo darte este consuelo. No fui yo quien lo mat\u00f3.<\/p>\n<p>Mateos se obsesion\u00f3 con este testimonio.\u00a0El mismo que lleva acompa\u00f1ando a Flor Baena cincuenta a\u00f1os mientras lucha para limpiar la memoria de su hermano. Un camino que este agosto vio su primera luz cuando\u00a0<a href=\"https:\/\/www.elsaltodiario.com\/memoria-historica\/gobierno-anula-condena-uno-cinco-ultimos-fusilados-franquismo\" target=\"_blank\" rel=\"nofollow noopener\">el Gobierno declar\u00f3 nula<\/a> la condena a muerte a Xos\u00e9 Humberto: \u201cPor fin he conseguido que el Estado escriba asesinado donde dec\u00eda asesino\u201d, celebr\u00f3 Flor.<\/p>\n<p>Sin embargo, sigue habiendo demasiadas zonas oscuras en una historia profundamente inc\u00f3moda para todas las personas implicadas en los sucesos de aquel verano: excepto para\u00a0las familias de las v\u00edctimas. Merecen ser iluminadas y ese es el hilo que vertebra\u00a0El verano de los inocentes:\u00a0quedan grandes cuestiones por resolver. Adem\u00e1s, existen los ingredientes para que sean resueltas.\u00a0<\/p>\n<p>Roger Mateos se las plantea y, muchas de ellas, consigue responderlas o, al menos, acercarse mucho a ello.\u00a0Sobre las penas de muerte. \u00bfQui\u00e9n decidi\u00f3 que esos j\u00f3venes ten\u00edan que morir, en un momento en que la salud de Franco se aguantaba con pinzas? El PCE (m-l) crey\u00f3 que la violencia ser\u00eda decisiva para que la Transici\u00f3n fuera m\u00e1s una ruptura que una reforma \u00bfFueron aquellas muertes responsabilidad de los jueces que dictaron las sentencias, o bien hubo \u00f3rdenes desde m\u00e1s arriba para orientar el veredicto? La comunidad internacional, el Papa de Roma y hasta el hermano de Franco le pidieron el indulto.\u00a0Y sobre la lucha armada del FRAP en el verano de 1975:\u00a0\u00bfen qu\u00e9 reuni\u00f3n se decidi\u00f3 empezar a matar polic\u00edas y por qu\u00e9 el plan acab\u00f3 en tama\u00f1a cat\u00e1strofe?\u00a0<\/p>\n<p>Adem\u00e1s de las m\u00e1s trascendentales para acabar de limpiar la memoria de Baena, las que tienen que ver con los atentados en los que \u00e9l y otros compa\u00f1eros fueron culpados: \u00bfdetuvo la polic\u00eda a los verdaderos autores de los cr\u00edmenes de aquel verano, o bien los condenados fueron simples cabezas de turco? La pregunta es fundamental y para resolverla, el autor se chocar\u00e1 durante a\u00f1os con un gran pacto de silencio en el coraz\u00f3n del PCE (m-l) y el FRAP que, a diferencia de lo que se cree, no era el brazo armado del partido, sino un frente en el que varias organizaciones contrarias a la estrategia de Santiago Carrillo en el PCE se juntaron para hacer pol\u00edtica.<\/p>\n<p>\u201cMe decid\u00ed a romper el tab\u00fa gracias a un militante del partido:\u00a0Luis Puicerc\u00fas, Putxi.\u00a0\u00c9l estaba convencido de que, m\u00e1s all\u00e1 de lo obvio \u2014que la dictadura fusil\u00f3 a esos cinco militantes de manera atroz, despu\u00e9s de unos simulacros de juicio en los que no se imparti\u00f3 ninguna clase de justicia\u2014, se pod\u00eda demostrar de manera fehaciente la inocencia del \u00faltimo fusilado. Y ese era un dato fundamental, porque en la sentencia que lo conden\u00f3 a muerte se dec\u00eda otra cosa\u201d, relata Mateos en conversaci\u00f3n con El Salto. \u201cPara hacerlo tuve que contactar con los compa\u00f1eros de sumario de Baena, con las personas que hab\u00edan sido juzgadas y condenadas junto con \u00e9l\u201d, recalca. Es decir, Pablo Mayoral y\u00a0Manuel Blanco Chivite. Ellos estaban all\u00ed. Ellos deben saber qui\u00e9n apret\u00f3 el gatillo que acab\u00f3 con la vida de Lucio Rodr\u00edguez y si realmente no fue Baena.<\/p>\n<p>Las p\u00e1ginas parecen ser m\u00e1s densas cuando Mateos relata las tres entrevistas revisadas para el libro. Cada una m\u00e1s que la anterior. Hay desesperaci\u00f3n, enfado, bloqueo. Tambi\u00e9n para quien lee. Los tres se conocen desde hace a\u00f1os aunque solo dos son camaradas. Hurgar en el silencio militante de quien vivi\u00f3 los atentados desde dentro y no ha soltado prenda en medio siglo no es de buen agrado para ellos. <\/p>\n<p>Aunque comparten la tesis, es una frase de Blanco Chivite la que mejor simboliza el supuesto motivo del silencio: \u201cSiempre se investiga a los del mismo lado&#8230; \u00a1Qui\u00e9n mat\u00f3 a tal polic\u00eda! \u00a1Qui\u00e9n mat\u00f3 a tal sargento! Y qu\u00e9 hay de los asesinatos del franquismo? Veamos, esos din\u00e1micos periodistas que buscan con tanto ah\u00ednco la verdad&#8230; \u00bfC\u00f3mo se llaman los oficiales que encabezaron los pelotones de fusilamiento del 27 de septiembre? \u00a1En cuarenta a\u00f1os de democracia nadie se ha molestado en averiguar sus nombres!\u201d.<\/p>\n<p>Y tiene parte de raz\u00f3n. Tanto los agentes voluntarios de la Guardia Civil que asesinaron a\u00a0Baena, S\u00e1nchez-Bravo y\u00a0Garc\u00eda Sanz como los de la Polic\u00eda Armada que descargaron sus fusiles sobre los militantes de ETA pol\u00edtico-militar, Txiki y Otaegui, permanecen en el anonimato. Pero \u2018a no quita b\u2019 y Mateos lo sabe bien.<\/p>\n<p>\u201cAhora lo entiendo. Entiendo porque, si lo miramos desde los ojos de Flor Baena y de la familia, hay todav\u00eda una necesidad de saber qu\u00e9 pas\u00f3, de saber qu\u00e9 ocurri\u00f3 ese verano del 75. Yo, desde mi perspectiva period\u00edstica, tambi\u00e9n necesito saber qu\u00e9 pas\u00f3 cincuenta a\u00f1os despu\u00e9s. Es leg\u00edtimo querer reconstruir aquellos hechos tan trascendentales de un a\u00f1o tan crucial para la historia de Espa\u00f1a\u201d, defiende Roger. Y sigue: \u201cQuiero reconstruirlos, pero entiendo las reticencias de los m\u00e1s directamente implicados, porque detr\u00e1s de aquellos sucesos sigue habiendo miedo, dolor y traumas que no se han sanado\u201d. <\/p>\n<p>Las personas que sobrevivieron a los consejos de guerra pasaron por d\u00edas y semanas de aut\u00e9ntico calvario y dolor: primero con las detenciones, luego con la tortura, con el miedo y, finalmente, con unos esperp\u00e9nticos juicios que terminaron con condenas a muerte.<\/p>\n<p>La cantidad de fuentes personales y de archivo empleadas por el autor as\u00ed como la cantidad de informaci\u00f3n plasmada en 400 p\u00e1ginas es ingente. Es evidente que subyace su trabajo de fondo: escribir una suerte de enciclopedia con la historia completa del\u00a0Partido Comunista de Espa\u00f1a (marxista-leninista). Ese partido, \u201ca veces exc\u00e9ntrico\u201d, avalado por la Rep\u00fablica Popular Socialista de Albania de\u00a0Enver Hoxha a cuyo territorio fueron a formarse pol\u00edtica y militarmente personajes hist\u00f3ricos del partido que contaba con Julio \u00c1lvarez del Vayo como Elena \u00d3dena y Ra\u00fal Marco. <\/p>\n<p>Lo publicar\u00e1, asiente Mateos. Pero el trabajo tras este libro lo ha dejado exhausto. Y no solo a \u00e9l, para muchas de las fuentes, como Mar\u00eda del Pilar Alonso, Maruxa, pareja de Baena cuando fue asesinado, transitar por aquellos recuerdos, por aquel trauma, es una experiencia dolorosa y agotadora y por lo tanto, debe ser excepcional.<\/p>\n<p>Antes de colgar el tel\u00e9fono, hay una pregunta inevitable para Mateos como investigador versado en el tema:\u00a0\u00bfaceler\u00f3 la violencia pol\u00edtica el final de la dictadura? \u00bfQu\u00e9 peso tuvo en el devenir de la historia de Espa\u00f1a los sucesos de aquel verano? \u201cEs dif\u00edcil determinarlo, tendr\u00edamos que hacer pol\u00edtica-ficci\u00f3n y valorar qu\u00e9 hubiese pasado si no hubieran ocurrido los atentados. Pero lo cierto es que el r\u00e9gimen ya se estaba derrumbando: primero, por la inminente muerte de Franco y, segundo, por las ansias de cambio que hab\u00eda en la sociedad. Y esto iba mucho m\u00e1s all\u00e1 de las acciones armadas de ETA y del FRAP\u201d, argumenta Mateos.<\/p>\n<p data-start=\"496\" data-end=\"804\">De hecho, la inmensa mayor\u00eda de la militancia antifranquista no estaba en organizaciones que desarrollaban la lucha armada. La principal organizaci\u00f3n antifranquista era el PCE y, en Catalu\u00f1a, el PSUC. Adem\u00e1s, recuerda, exist\u00edan muchas otras organizaciones de izquierda revolucionaria que no recurr\u00edan a la violencia.<\/p>\n<p data-start=\"806\" data-end=\"1245\">Lo que s\u00ed hab\u00eda era una contestaci\u00f3n social muy amplia en distintos frentes: en la calle, en los centros de trabajo, en las universidades. Todo eso estaba acosando y asediando al r\u00e9gimen franquista desde muchos flancos. \u201cEn ese contexto, la lucha armada \u2014los atentados de ETA y del FRAP aquel verano\u2014 lo que hizo fue desatar una ola represiva todav\u00eda m\u00e1s feroz, que culmin\u00f3 en la atrocidad de los cinco fusilamientos del 27 de septiembre\u201d, a\u00f1ade y remata: \u201cEsa locura, esa atrocidad que cometi\u00f3 el r\u00e9gimen \u2014ese qu\u00edntuple asesinato de Estado cometido por un dictador que estaba a punto de morir\u2014 fue la puntilla de su descr\u00e9dito, tanto a nivel mundial como interno\u201d.<\/p>\n","protected":false},"excerpt":{"rendered":"La noche antes de que los matasen, Xos\u00e9 Humberto Baena y Jos\u00e9 Luis S\u00e1nchez-Bravo cantaron el himno gallego&hellip;\n","protected":false},"author":2,"featured_media":141689,"comment_status":"","ping_status":"","sticky":false,"template":"","format":"standard","meta":{"footnotes":""},"categories":[8],"tags":[17,18,25,24,13,14,1470,11,19,20,1472,9,10,15,16,4805,23,12,21,22],"class_list":{"0":"post-141688","1":"post","2":"type-post","3":"status-publish","4":"format-standard","5":"has-post-thumbnail","7":"category-espana","8":"tag-breaking-news","9":"tag-breakingnews","10":"tag-es","11":"tag-espana","12":"tag-featured-news","13":"tag-featurednews","14":"tag-franquismo","15":"tag-headlines","16":"tag-latest-news","17":"tag-latestnews","18":"tag-memoria-historica","19":"tag-news","20":"tag-noticias","21":"tag-noticias-destacadas","22":"tag-noticiasdestacadas","23":"tag-radical-magazine","24":"tag-spain","25":"tag-titulares","26":"tag-ultimas-noticias","27":"tag-ultimasnoticias"},"share_on_mastodon":{"url":"","error":""},"_links":{"self":[{"href":"https:\/\/www.europesays.com\/es\/wp-json\/wp\/v2\/posts\/141688","targetHints":{"allow":["GET"]}}],"collection":[{"href":"https:\/\/www.europesays.com\/es\/wp-json\/wp\/v2\/posts"}],"about":[{"href":"https:\/\/www.europesays.com\/es\/wp-json\/wp\/v2\/types\/post"}],"author":[{"embeddable":true,"href":"https:\/\/www.europesays.com\/es\/wp-json\/wp\/v2\/users\/2"}],"replies":[{"embeddable":true,"href":"https:\/\/www.europesays.com\/es\/wp-json\/wp\/v2\/comments?post=141688"}],"version-history":[{"count":0,"href":"https:\/\/www.europesays.com\/es\/wp-json\/wp\/v2\/posts\/141688\/revisions"}],"wp:featuredmedia":[{"embeddable":true,"href":"https:\/\/www.europesays.com\/es\/wp-json\/wp\/v2\/media\/141689"}],"wp:attachment":[{"href":"https:\/\/www.europesays.com\/es\/wp-json\/wp\/v2\/media?parent=141688"}],"wp:term":[{"taxonomy":"category","embeddable":true,"href":"https:\/\/www.europesays.com\/es\/wp-json\/wp\/v2\/categories?post=141688"},{"taxonomy":"post_tag","embeddable":true,"href":"https:\/\/www.europesays.com\/es\/wp-json\/wp\/v2\/tags?post=141688"}],"curies":[{"name":"wp","href":"https:\/\/api.w.org\/{rel}","templated":true}]}}