{"id":141690,"date":"2025-09-27T06:12:12","date_gmt":"2025-09-27T06:12:12","guid":{"rendered":"https:\/\/www.europesays.com\/es\/141690\/"},"modified":"2025-09-27T06:12:12","modified_gmt":"2025-09-27T06:12:12","slug":"trasportes-trabaja-en-la-mejora-del-drenaje-de-la-carretera-n-234-en-el-enlace-centro-de-la-ciudad-de-teruel","status":"publish","type":"post","link":"https:\/\/www.europesays.com\/es\/141690\/","title":{"rendered":"Trasportes trabaja en la mejora del drenaje de la carretera N-234 en el enlace centro de la ciudad de Teruel"},"content":{"rendered":"<p>26-09-2025<\/p>\n<p>  \tEl Ministerio de Transportes y Movilidad Sostenible est\u00e1 ejecutando las obras de reparaci\u00f3n del drenaje en la carretera N-234 a la altura del enlace centro de Teruel y el barrio de El Jorgito de la capital turolense, como consecuencia de los da\u00f1os generados por la DANA del pasado octubre de 2024 en varios puntos de la Red de Carreteras del Estado en la provincia de Teruel, para lo que se han movilizado m\u00e1s de 3 millones de euros (IVA incluido) que incluyen esta actuaci\u00f3n.<\/p>\n<p>  \tLos trabajos incluyen la demolici\u00f3n del firme y la retirada del tubo existente, para la posterior instalaci\u00f3n de un marco de 5&#215;2 con el objetivo de mejorar el funcionamiento hidr\u00e1ulico de la obra de drenaje transversal, reduciendo as\u00ed las sobreelevaciones que se producen aguas arriba.<\/p>\n<p>  \tSe trata de la primera fase del desv\u00edo, puesto que con posterioridad ser\u00e1 necesario actuar sobre el pont\u00f3n que se sit\u00faa en el tronco de la N-234.<\/p>\n<p>  \tPara llevar a cabo las labores mencionadas, a partir del pr\u00f3ximo lunes 29 de septiembre y, previsiblemente, hasta finales del mes de octubre, se realizar\u00e1 el corte completo de la plataforma del lazo del enlace centro de la Variante de Teruel, en el km 120,85 donde la N-234 se conecta con accesos al centro de la ciudad.<\/p>\n<p>  \tPara facilitar la circulaci\u00f3n viaria, se habilitar\u00e1n itinerarios alternativos permitiendo los movimientos de los siguientes accesos afectados:<\/p>\n<ul>\n<li>  \t\tPara acceder a Teruel Centro desde N-234 sentido Cuenca-Valencia, se deber\u00e1 realizar por la intersecci\u00f3n de Teruel Norte en el km 122,4 hacia la Avenida Zaragoza y pasar a circular por la carretera local de Teruel.<\/li>\n<li>  \t\tPara acceder a la N-234 sentido Cuenca-Valencia, barrios de El Jorgito y Pinar de la Muela, desde la ciudad de Teruel: se debe tomar la salida direcci\u00f3n Zaragoza y realizar un cambio de sentido en la glorieta del Pol\u00edgono Industrial La Paz en el km 123,30.<\/li>\n<\/ul>\n<p>  \tLos itinerarios peatonales solo sufrir\u00e1n actuaciones puntuales.<\/p>\n<p>  \tEl Ministerio de Transportes y Movilidad Sostenible sigue invirtiendo en la mejora de las carreteras estatales en la provincia de Teruel. En este sentido, cabe se\u00f1alar que hace una semana se iniciaron las obras de mejora en 8,4 km de la carretera N-234, la variante sur de la ciudad de Teruel; o que en agosto se licit\u00f3 por <a href=\"https:\/\/www.transportes.gob.es\/el-ministerio\/sala-de-prensa\/noticias\/jue-14082025-1245\" rel=\"nofollow noopener\" target=\"_blank\">15,5 millones de euros<\/a> un contrato de conservaci\u00f3n para 168 km de la autov\u00eda A-23 y las carreteras N-234, N211 y N-211A.<\/p>\n<p>  \t<a href=\"https:\/\/www.transportes.gob.es\/recursos_mfom\/sala_prensa\/a43e84bce60532edf92033a6e49b1cf8\/light-zona-actuacion_3.jpg\" data-fancybox=\"seq\" data-caption=\"Zona de actuaci\u00f3n\" class=\"fancybox\" rel=\"nofollow noopener\" target=\"_blank\"><img decoding=\"async\" src=\"https:\/\/www.europesays.com\/es\/wp-content\/uploads\/2025\/09\/thumb-zona-actuacion_3.jpg\" alt=\"Imagen noticia: Zona de actuaci\u00f3n\" class=\"noprocesar\"\/><\/a>Zona de actuaci\u00f3n<a href=\"https:\/\/www.transportes.gob.es\/recursos_mfom\/sala_prensa\/a43e84bce60532edf92033a6e49b1cf8\/light-zona-actuacion_3.jpg\" class=\"descargar\" download=\"Imagen-descarga-0.jpg\" rel=\"nofollow noopener\" target=\"_blank\">Descargar imagen<\/a><\/p>\n","protected":false},"excerpt":{"rendered":"26-09-2025 El Ministerio de Transportes y Movilidad Sostenible est\u00e1 ejecutando las obras de reparaci\u00f3n del drenaje en la&hellip;\n","protected":false},"author":2,"featured_media":141691,"comment_status":"","ping_status":"","sticky":false,"template":"","format":"standard","meta":{"footnotes":""},"categories":[5],"tags":[17,18,25,24,13,14,11,19,20,9,10,15,16,23,12,21,22],"class_list":{"0":"post-141690","1":"post","2":"type-post","3":"status-publish","4":"format-standard","5":"has-post-thumbnail","7":"category-titulares","8":"tag-breaking-news","9":"tag-breakingnews","10":"tag-es","11":"tag-espana","12":"tag-featured-news","13":"tag-featurednews","14":"tag-headlines","15":"tag-latest-news","16":"tag-latestnews","17":"tag-news","18":"tag-noticias","19":"tag-noticias-destacadas","20":"tag-noticiasdestacadas","21":"tag-spain","22":"tag-titulares","23":"tag-ultimas-noticias","24":"tag-ultimasnoticias"},"share_on_mastodon":{"url":"","error":""},"_links":{"self":[{"href":"https:\/\/www.europesays.com\/es\/wp-json\/wp\/v2\/posts\/141690","targetHints":{"allow":["GET"]}}],"collection":[{"href":"https:\/\/www.europesays.com\/es\/wp-json\/wp\/v2\/posts"}],"about":[{"href":"https:\/\/www.europesays.com\/es\/wp-json\/wp\/v2\/types\/post"}],"author":[{"embeddable":true,"href":"https:\/\/www.europesays.com\/es\/wp-json\/wp\/v2\/users\/2"}],"replies":[{"embeddable":true,"href":"https:\/\/www.europesays.com\/es\/wp-json\/wp\/v2\/comments?post=141690"}],"version-history":[{"count":0,"href":"https:\/\/www.europesays.com\/es\/wp-json\/wp\/v2\/posts\/141690\/revisions"}],"wp:featuredmedia":[{"embeddable":true,"href":"https:\/\/www.europesays.com\/es\/wp-json\/wp\/v2\/media\/141691"}],"wp:attachment":[{"href":"https:\/\/www.europesays.com\/es\/wp-json\/wp\/v2\/media?parent=141690"}],"wp:term":[{"taxonomy":"category","embeddable":true,"href":"https:\/\/www.europesays.com\/es\/wp-json\/wp\/v2\/categories?post=141690"},{"taxonomy":"post_tag","embeddable":true,"href":"https:\/\/www.europesays.com\/es\/wp-json\/wp\/v2\/tags?post=141690"}],"curies":[{"name":"wp","href":"https:\/\/api.w.org\/{rel}","templated":true}]}}