{"id":141692,"date":"2025-09-27T06:13:07","date_gmt":"2025-09-27T06:13:07","guid":{"rendered":"https:\/\/www.europesays.com\/es\/141692\/"},"modified":"2025-09-27T06:13:07","modified_gmt":"2025-09-27T06:13:07","slug":"el-frigorificos-a-traducir-juego-en-puntos","status":"publish","type":"post","link":"https:\/\/www.europesays.com\/es\/141692\/","title":{"rendered":"El Frigor\u00edficos, a traducir juego en puntos"},"content":{"rendered":"<p class=\"ft-text ft-helper-closenews\">E<strong>l Frigor\u00edficos del Morrazo intentar\u00e1 sumar sus primeros puntos<\/strong> de la temporada en el encuentro que esta tarde<strong> (19 horas, pabell\u00f3n de O Gata\u00f1al, <\/strong>con el arbitraje del gallego Rosendo L\u00f3pez y el asturiano Friera Cavada) lo enfrenta ante el <strong>Bada Huesca. <\/strong>La escuadra que dirige <strong>Quique Dom\u00ednguez<\/strong> conf\u00eda en poder<a class=\"ft-link ft-link--decoration\" href=\"https:\/\/www.farodevigo.es\/deportes\/morrazo\/2025\/09\/26\/frigorificos-busca-mejorar-punteria-121965233.html\" rel=\"nofollow noopener\" target=\"_blank\"> traducir en resultados las buenas sensaciones ofrecidas <\/a>ante Ademar Le\u00f3n y Viveros Herol Nava, y as\u00ed obtener una <strong>victoria que refuerce el trabajo realizado hasta la fecha por el t\u00e9cnico pontevedr\u00e9s y sus disc\u00edpulos. <\/strong>Y quiere hacerlo, adem\u00e1s, ante su afici\u00f3n y frente a un conjunto que a priori, y por lo visto la temporada pasada, entra en el abanico de los que luchar\u00e1n por la permanencia.<\/p>\n<p class=\"ft-text\">Lo cierto es que, m\u00e1s all\u00e1 de los necesarios ajustes en un equipo en construcci\u00f3n, la escuadra canguesa se hizo <strong>acreedora a un mejor resultado tanto ante los leoneses como, sobre todo, frente a los segovianos.<\/strong> El Cangas ha comenzado a esbozar algunas de las caracter\u00edsticas con las que Quique Dom\u00ednguez desea impregnar el juego morracense, como una<strong> defensa muy agresiva <\/strong>\u2013tanto con el habitual 6.0 como con el 5.1 utilizado en la recta final ante los naveros\u2013,<strong> velocidad en las transiciones y una circulaci\u00f3n de bal\u00f3n fluida <\/strong>que permita distribuir las responsabilidades ofensivas. Falt\u00f3, sobre todo en el \u00faltimo duelo, un mayor acierto en la finalizaci\u00f3n.<\/p>\n<p class=\"ft-text\">El preparador del Frigor\u00edficos ha hecho hincapi\u00e9 esta semana en ese aspecto a mejorar, tan trabajable como todos los dem\u00e1s. \u00abClaro que es importante buscar situaciones favorables de lanzamiento, pero como entrenado<strong>r tambi\u00e9n tienes que darles herramientas para que conozcan al portero, para que vean el porqu\u00e9 de algunos errores, <\/strong>etc\u00e9tera\u00bb, manifiesta.<\/p>\n<p class=\"ft-text\">El <strong>estado f\u00edsico de Javi Garc\u00eda<\/strong> es la principal<strong> preocupaci\u00f3n en el Frigor\u00edficos<\/strong>. El pivote sufri\u00f3 una aparatosa ca\u00edda en el duelo ante el Nava y se golpe\u00f3 el hombro derecho. Aunque las pruebas que se le realizaron no detectan ninguna lesi\u00f3n de importancia, todav\u00eda tiene la zona dolorida.<strong> Entre ayer y hoy se tomar\u00e1 una decisi\u00f3n<\/strong>. Si finalmente no pudiese estar en la lista su lugar lo ocupar\u00eda el pivote del Luceros Juan Rodr\u00edguez. Los 16 convocados ser\u00edan los porteros Panjan y Javi Fern\u00e1ndez; los centrales Santi y Manu P\u00e9rez; los laterales Pereiro, Ludman, Gayo, Valderhaug y Rivero; los pivotes Quintas, Pablo Castro y Javi Garc\u00eda; y los extremos D\u2019Antino, Gallardo, Arnau y Ar\u00f3n D\u00edaz.<\/p>\n<p class=\"ft-text\">Del Huesca Dom\u00ednguez apunta el hecho de que, a pesar de las lesione<strong>s, \u00abcuentan con una plantilla de gran potencial, sobre todo ofensivo,<\/strong> con un equipo con mucha capacidad y variedad\u00bb.<\/p>\n<p>El cubano Yoel Cuni debutar\u00e1 en el conjunto oscense<\/p>\n<p class=\"ft-text\">El Huesca se presentar\u00e1 en Cangas con <strong>su \u00faltima incorporaci\u00f3n, el cubano Yoel Cuni, fichado del Tatabanya h\u00fangaro<\/strong>. El lateral izquierdo ya cuenta con el transfer y estar\u00e1 entre los convocados, aunque, como asegura Jos\u00e9 Francisco Nolasco, \u00abes un jugador con mucha experiencia, con un nivel defensivo y ofensivo importante, aunque no est\u00e9 ahora al cien por cien\u00bb.Cuni se une a los otros tres fichajes para esta temporada, que han sido el portero<strong> Ben Tekaya (Puente Genil), el central Tchitombi (Cuenca) y el extremo Dani P\u00e9rez (Nava)<\/strong>. Por contra, los oscenses han sufrido bajas considerables en la figura de Miguel Malo (Burgos) o Arg\u00fcillas (Cuenca), adem\u00e1s de Adri\u00e1 P\u00e9rez o Borrag\u00e1n.<\/p>\n<p>Goleada local en el \u00faltimo precedente entre ambos<\/p>\n<p class=\"ft-text\">Hasta e<strong>n 13 ocasiones se han enfrentado Cangas y Huesca<\/strong> en casa de los primeros en la Liga Asobal. El \u00faltimo precedente entre ambos fue <a class=\"ft-link ft-link--decoration\" href=\"https:\/\/www.farodevigo.es\/deportes\/morrazo\/2024\/10\/21\/frigorificos-saca-rodillo-huesca-109921757.html\" rel=\"nofollow noopener\" target=\"_blank\">la goleada de la pasada temporada (38-29),<\/a> un resultado que no refleja la igualdad habitual entre ambos en los \u00faltimos tiempos, como reflejan los tres empates anteriores (30-30, 28-28 y 25-25).El balance global habla de<strong> seis victorias para el equipo de O Morrazo, con cuatro empates y tres victorias para los visitantes. <\/strong>La \u00faltima de ellas fue en la campa\u00f1a 20-21 por 22-33.<\/p>\n<p data-close=\"closedContent\" class=\"subscribeHideForDisplay\">Suscr\u00edbete para seguir leyendo<\/p>\n","protected":false},"excerpt":{"rendered":"El Frigor\u00edficos del Morrazo intentar\u00e1 sumar sus primeros puntos de la temporada en el encuentro que esta tarde&hellip;\n","protected":false},"author":2,"featured_media":141693,"comment_status":"","ping_status":"","sticky":false,"template":"","format":"standard","meta":{"footnotes":""},"categories":[278],"tags":[6256,1672,376,168,25,24,1673,375,1675,23,167],"class_list":{"0":"post-141692","1":"post","2":"type-post","3":"status-publish","4":"format-standard","5":"has-post-thumbnail","7":"category-balonmano","8":"tag-bada-huesca","9":"tag-balonman-cangas","10":"tag-balonmano","11":"tag-deportes","12":"tag-es","13":"tag-espana","14":"tag-frigorificos-del-morrazo","15":"tag-handball","16":"tag-liga-asobal","17":"tag-spain","18":"tag-sports"},"share_on_mastodon":{"url":"","error":""},"_links":{"self":[{"href":"https:\/\/www.europesays.com\/es\/wp-json\/wp\/v2\/posts\/141692","targetHints":{"allow":["GET"]}}],"collection":[{"href":"https:\/\/www.europesays.com\/es\/wp-json\/wp\/v2\/posts"}],"about":[{"href":"https:\/\/www.europesays.com\/es\/wp-json\/wp\/v2\/types\/post"}],"author":[{"embeddable":true,"href":"https:\/\/www.europesays.com\/es\/wp-json\/wp\/v2\/users\/2"}],"replies":[{"embeddable":true,"href":"https:\/\/www.europesays.com\/es\/wp-json\/wp\/v2\/comments?post=141692"}],"version-history":[{"count":0,"href":"https:\/\/www.europesays.com\/es\/wp-json\/wp\/v2\/posts\/141692\/revisions"}],"wp:featuredmedia":[{"embeddable":true,"href":"https:\/\/www.europesays.com\/es\/wp-json\/wp\/v2\/media\/141693"}],"wp:attachment":[{"href":"https:\/\/www.europesays.com\/es\/wp-json\/wp\/v2\/media?parent=141692"}],"wp:term":[{"taxonomy":"category","embeddable":true,"href":"https:\/\/www.europesays.com\/es\/wp-json\/wp\/v2\/categories?post=141692"},{"taxonomy":"post_tag","embeddable":true,"href":"https:\/\/www.europesays.com\/es\/wp-json\/wp\/v2\/tags?post=141692"}],"curies":[{"name":"wp","href":"https:\/\/api.w.org\/{rel}","templated":true}]}}