{"id":141698,"date":"2025-09-27T06:18:08","date_gmt":"2025-09-27T06:18:08","guid":{"rendered":"https:\/\/www.europesays.com\/es\/141698\/"},"modified":"2025-09-27T06:18:08","modified_gmt":"2025-09-27T06:18:08","slug":"alejandro-valverde-moldea-a-juan-ayuso-a-su-imagen-y-semejanza-antes-del-mundial-de-ciclismo-de-ruanda-ciclismo-deportes","status":"publish","type":"post","link":"https:\/\/www.europesays.com\/es\/141698\/","title":{"rendered":"Alejandro Valverde moldea a Juan Ayuso a su imagen y semejanza antes del Mundial de ciclismo de Ruanda | Ciclismo | Deportes"},"content":{"rendered":"<p class=\"\">Revolotea una avispa entre el verdor de Navacerrada, all\u00ed donde la selecci\u00f3n espa\u00f1ola de ciclismo ha convivido esta semana antes del Mundial en ruta de Ruanda, y se posa, amenazante, en el rostro de Juan Ayuso, que la espanta agitando la mano y, en un ambiente distendido, menos expuesto que el del UAE, <a href=\"https:\/\/elpais.com\/deportes\/ciclismo\/2025-09-25\/juan-ayuso-liderara-el-lidl-los-proximos-cinco-anos.html\" target=\"_self\" rel=\"nofollow noopener\" title=\"https:\/\/elpais.com\/deportes\/ciclismo\/2025-09-25\/juan-ayuso-liderara-el-lidl-los-proximos-cinco-anos.html\">equipo que abandonar\u00e1 con el a\u00f1o nuevo rumbo al Lidl-Trek<\/a>, bromea: \u201cAs\u00ed me preparo para Ruanda\u201d.<\/p>\n<p class=\"\">Sabe el alicantino que ese leve zumbido representa uno de los dos principales temores del combinado espa\u00f1ol antes de abordar el asalto al arco\u00edris en Kigali, capital del pa\u00eds africano. \u201cEl otro d\u00eda habl\u00e9 con Ra\u00fal [Garc\u00eda Pierna] para felicitarle por la crono y me dijo que le hab\u00eda entrado un bicho en el maillot y que le hab\u00eda reventado entero\u201d, confiesa ante el enjambre de periodistas que lo rodean en el jard\u00edn del prominente chalet que la federaci\u00f3n espa\u00f1ola ha reservado para la ocasi\u00f3n en la sierra de Madrid, a la misma altitud que se disputar\u00e1 este domingo la prueba en l\u00ednea del Mundial (a partir de las 9.45; Teledeporte y Eurosport).<\/p>\n<p class=\"\">La otra gran amenaza, apuntan desde el combinado espa\u00f1ol, es la imperante poluci\u00f3n de Kigali, cuyo aire est\u00e1 hasta tres veces m\u00e1s contaminado que el de una ciudad como Madrid. \u201cTodos los ciclistas dicen que les cuesta respirar\u201d, apunta Alejandro Valverde, que se estrena en Ruanda como seleccionador nacional sin terminar de despojarse del maillot de ciclista. As\u00ed lo relatan Ayuso y el resto de integrantes del equipo espa\u00f1ol, que han sufrido en sus propias carnes las arrancadas del murciano por los sinuosos puertos madrile\u00f1os antes de viajar a Kigali con escala en Bruselas. \u201cNada, nada\u201d, quita peso Valverde, reacio a bajarse de la bicicleta que aparc\u00f3, al menos en la \u00e9lite, en 2022; \u201cles aceler\u00e9 un poco en las siete revueltas [curvas de herradura en la vertiente segoviana del puerto de Navacerrada], pero nada del otro mundo\u201d.<\/p>\n<p><img decoding=\"auto\" class=\"_re lazyload a_m-h\" height=\"276\"  width=\"414\"  src=\"https:\/\/www.europesays.com\/es\/wp-content\/uploads\/2025\/09\/4A7VWDNIJ5DKZENUCKN5QMPD4Y.jpeg\" loading=\"lazy\"\/>Juan Ayuso, a la izquierda, y Alejandro Valverde, a la derecha, con el resto de la selecci\u00f3n espa\u00f1ola esta semana en Navacerrada.RFEC<\/p>\n<p class=\"\">Ans\u00eda El Bala dar con una prolongaci\u00f3n de sus piernas en las empolvadas carreteras de Ruanda y Ayuso, joven, explosivo y, como \u00e9l, ganador, el que m\u00e1s de una generaci\u00f3n repleta de talento, parece el id\u00f3neo a emular sus pasos. \u201cEs un l\u00edder nato, alguien capaz de adaptarse a todos los terrenos\u201d, dijo Valverde del alicantino <a href=\"https:\/\/elpais.com\/deportes\/ciclismo\/2025-03-19\/alejandro-valverde-mi-virtud-respecto-a-otros-seleccionadores-es-que-sigo-a-un-buen-nivel-y-puedo-entrenar-con-los-corredores.html\" target=\"_self\" rel=\"nofollow noopener\" title=\"https:\/\/elpais.com\/deportes\/ciclismo\/2025-03-19\/alejandro-valverde-mi-virtud-respecto-a-otros-seleccionadores-es-que-sigo-a-un-buen-nivel-y-puedo-entrenar-con-los-corredores.html\">en su presentaci\u00f3n como seleccionador, all\u00e1 por primavera<\/a>. Varios meses despu\u00e9s, ya con el de J\u00e1vea a su vera, el gesto le delata. \u201cSi sale convencido de sus capacidades, estar\u00e1 adelante el domingo\u201d.<\/p>\n<p class=\"\">No firma la medalla de plata el todav\u00eda ciclista del UAE, ambicioso, pero Valverde, atento a escasos metros, arquea las cejas para poco despu\u00e9s llevarle la contraria. Una plata es una plata, piensa quien se colg\u00f3 siete medallas en 14 Mundiales defendiendo los colores de Espa\u00f1a. Ser\u00e1n algo diferentes esta vez, azules marinos m\u00e1s dif\u00edciles de identificar en el pelot\u00f3n, pero la ambici\u00f3n se mantiene intacta.<\/p>\n<p class=\"\">La gran inc\u00f3gnita, eso s\u00ed, recae en la preparaci\u00f3n de Ayuso, que, vencedor de cl\u00e1sicas y de <a href=\"https:\/\/elpais.com\/deportes\/ciclismo\/2025-03-16\/el-show-de-juan-ayuso-acto-primero-un-tridente-en-la-tirreno-adriatico.html\" target=\"_self\" rel=\"nofollow noopener\" title=\"https:\/\/elpais.com\/deportes\/ciclismo\/2025-03-16\/el-show-de-juan-ayuso-acto-primero-un-tridente-en-la-tirreno-adriatico.html\">la Tirreno-Adri\u00e1tico<\/a> en primavera, pinch\u00f3 en el asalto al Giro de Italia y acudi\u00f3 a la llamada del UAE en la Vuelta a Espa\u00f1a sin el esperado bloque de altitud en sus piernas. Descartada, pues, la general, el de J\u00e1vea caz\u00f3 tres triunfos de etapa en las semanas previas a una prueba a la que llega, de nuevo, sin preparaci\u00f3n en altitud. \u201cEs dif\u00edcil, porque al ser un Mundial con tanto desnivel puede marcar mucho\u201d, admite \u00e9l, reacio, pese a todo, a descartarse antes de tiempo. \u201cMe hubiera gustado hacer altura, pero creo que aun as\u00ed la preparaci\u00f3n ha sido buena. En Andorra [donde reside] y en Navacerrada he estado entrenando a la misma altitud a la que vamos a correr el domingo, as\u00ed que m\u00e1s o menos llegar\u00e9 adaptado. No es lo mismo que haber dormido tres semanas a dos mil metros, pero para una carrera de un d\u00eda me deber\u00eda valer\u201d.<\/p>\n","protected":false},"excerpt":{"rendered":"Revolotea una avispa entre el verdor de Navacerrada, all\u00ed donde la selecci\u00f3n espa\u00f1ola de ciclismo ha convivido esta&hellip;\n","protected":false},"author":2,"featured_media":141699,"comment_status":"","ping_status":"","sticky":false,"template":"","format":"standard","meta":{"footnotes":""},"categories":[273],"tags":[16347,2839,313,2838,1540,312,168,25,24,4657,20135,41365,25063,23,167],"class_list":{"0":"post-141698","1":"post","2":"type-post","3":"status-publish","4":"format-standard","5":"has-post-thumbnail","7":"category-ciclismo","8":"tag-alejandro-valverde","9":"tag-carreras-ciclistas","10":"tag-ciclismo","11":"tag-ciclistas","12":"tag-competiciones","13":"tag-cycling","14":"tag-deportes","15":"tag-es","16":"tag-espana","17":"tag-juan-ayuso","18":"tag-mundial-ciclismo","19":"tag-rfec","20":"tag-ruanda","21":"tag-spain","22":"tag-sports"},"share_on_mastodon":{"url":"","error":""},"_links":{"self":[{"href":"https:\/\/www.europesays.com\/es\/wp-json\/wp\/v2\/posts\/141698","targetHints":{"allow":["GET"]}}],"collection":[{"href":"https:\/\/www.europesays.com\/es\/wp-json\/wp\/v2\/posts"}],"about":[{"href":"https:\/\/www.europesays.com\/es\/wp-json\/wp\/v2\/types\/post"}],"author":[{"embeddable":true,"href":"https:\/\/www.europesays.com\/es\/wp-json\/wp\/v2\/users\/2"}],"replies":[{"embeddable":true,"href":"https:\/\/www.europesays.com\/es\/wp-json\/wp\/v2\/comments?post=141698"}],"version-history":[{"count":0,"href":"https:\/\/www.europesays.com\/es\/wp-json\/wp\/v2\/posts\/141698\/revisions"}],"wp:featuredmedia":[{"embeddable":true,"href":"https:\/\/www.europesays.com\/es\/wp-json\/wp\/v2\/media\/141699"}],"wp:attachment":[{"href":"https:\/\/www.europesays.com\/es\/wp-json\/wp\/v2\/media?parent=141698"}],"wp:term":[{"taxonomy":"category","embeddable":true,"href":"https:\/\/www.europesays.com\/es\/wp-json\/wp\/v2\/categories?post=141698"},{"taxonomy":"post_tag","embeddable":true,"href":"https:\/\/www.europesays.com\/es\/wp-json\/wp\/v2\/tags?post=141698"}],"curies":[{"name":"wp","href":"https:\/\/api.w.org\/{rel}","templated":true}]}}