{"id":141704,"date":"2025-09-27T06:22:07","date_gmt":"2025-09-27T06:22:07","guid":{"rendered":"https:\/\/www.europesays.com\/es\/141704\/"},"modified":"2025-09-27T06:22:07","modified_gmt":"2025-09-27T06:22:07","slug":"que-placer-para-la-mirada-o-sea-claudia-cardinale-television","status":"publish","type":"post","link":"https:\/\/www.europesays.com\/es\/141704\/","title":{"rendered":"Qu\u00e9 placer para la mirada. O sea, Claudia Cardinale | Televisi\u00f3n"},"content":{"rendered":"<p class=\"\">Aseguran que la c\u00e1mara adora a determinadas actrices y actores, les mima, resalta su belleza natural, es decisiva para que los espectadores queden fascinados cuando esta les enfoca. Yo creo que, aunque la c\u00e1mara les tuviera man\u00eda, ser\u00eda misi\u00f3n imposible que tratara de afearles, ningunearles, restarles protagonismo. Su imagen llena la pantalla, son la encarnaci\u00f3n de la belleza, es imposible dejar de mirarles, aunque figuren en segundo plano. No necesitan gran talento expresivo, aunque la mayor\u00eda lo posean. La naturaleza les concedi\u00f3 esos rostros y f\u00edsicos excepcionales. Poseen im\u00e1n, seducci\u00f3n, armon\u00eda, sensualidad. Y provocan turbaci\u00f3n, deseo, ardor, amor. Tambi\u00e9n esas sensaciones que la Santa Madre Iglesia aconsejaba confesar y hacer penitencia despu\u00e9s. Benditas sean. Acaba de morir una de ellas. <a href=\"https:\/\/elpais.com\/cultura\/2025-09-23\/muere-la-musa-del-cine-italiano-claudia-cardinale-a-los-87-anos.html\" target=\"_self\" rel=\"nofollow noopener\" title=\"https:\/\/elpais.com\/cultura\/2025-09-23\/muere-la-musa-del-cine-italiano-claudia-cardinale-a-los-87-anos.html\">Se llamaba Claudia Cardinale<\/a>. Le debo muchas cosas gozosas, pensamientos impuros, la constataci\u00f3n de que te puedes enamorar de alguien al que solo has visto en la pantalla, de un sue\u00f1o tan carnal como real, de un luminoso objeto del deseo.<\/p>\n<p>fotogaler\u00eda<\/p>\n<p class=\"\">Hizo pel\u00edculas bendecidas por el clasicismo. Conducidas por eso tan pomposo que denominan grandes creadores: <a href=\"https:\/\/elpais.com\/cultura\/2025-09-23\/muere-la-musa-del-cine-italiano-claudia-cardinale-a-los-87-anos.html\" target=\"_self\" rel=\"nofollow noopener\" title=\"https:\/\/elpais.com\/cultura\/2025-09-23\/muere-la-musa-del-cine-italiano-claudia-cardinale-a-los-87-anos.html\">Fellini, Visconti, Leone<\/a>, yo recuerdo con escalofr\u00edos su aparici\u00f3n en uno de mis w\u00e9sterns, que es <a href=\"https:\/\/www.imdb.com\/es-es\/title\/tt0060862\/\" target=\"_self\" rel=\"nofollow noopener\" title=\"https:\/\/www.imdb.com\/es-es\/title\/tt0060862\/\">Los profesionales<\/a>. Pero mi cuelgue con ella permanenc\u00eda incluso en sus pel\u00edculas m\u00e1s \u00ednfimas. Por ejemplo, tuvimos el privilegio de disfrutarla al lado de otra diosa del sexo llamada <a href=\"https:\/\/elpais.com\/noticias\/brigitte-bardot\/\" target=\"_self\" rel=\"nofollow noopener\" title=\"https:\/\/elpais.com\/noticias\/brigitte-bardot\/\">Brigitte Bardot <\/a>en la nada memorable Las petroleras. Todo era hermoso en La Cardinale. Mi mirada nunca se cans\u00f3 de observarla. Tambi\u00e9n me ocurri\u00f3 con Sophia Loren, Ava Gardner, Gene Tierney, Michelle Pfeiffer. Son maravillosa droga dura y adem\u00e1s no provocan resaca.<\/p>\n<p class=\"\">Estas mujeres tambi\u00e9n pose\u00edan talento y personalidad. Pero les bastaba con su presencia para llenarlo todo. En Espa\u00f1a existe una mujer que a\u00f1adir\u00eda a esa lista, es Charo L\u00f3pez. Observar ese rostro provoca felicidad. Hace unos a\u00f1os le preguntaron en una entrevista por el envejecimiento. Creo que respondi\u00f3 algo as\u00ed: \u201cNo hay nada bueno en ello, envejecer es horroroso, todo es una mierda\u201d. Tan l\u00facida y sincera Charo L\u00f3pez. Fernando Trueba rescat\u00f3 en la vejez a Cardinale. Fue en la est\u00e9tica y triste <a href=\"https:\/\/elpais.com\/cultura\/2012\/09\/24\/videos\/1348496497_211138.html\" target=\"_self\" rel=\"nofollow noopener\" title=\"https:\/\/elpais.com\/cultura\/2012\/09\/24\/videos\/1348496497_211138.html\">El artista y la modelo<\/a>. Sus arrugas segu\u00edan poseyendo encanto.<\/p>\n","protected":false},"excerpt":{"rendered":"Aseguran que la c\u00e1mara adora a determinadas actrices y actores, les mima, resalta su belleza natural, es decisiva&hellip;\n","protected":false},"author":2,"featured_media":141705,"comment_status":"","ping_status":"","sticky":false,"template":"","format":"standard","meta":{"footnotes":""},"categories":[174],"tags":[1015,255,177,42838,146,147,25,24,256,628,724,1925,23,807],"class_list":{"0":"post-141704","1":"post","2":"type-post","3":"status-publish","4":"format-standard","5":"has-post-thumbnail","7":"category-famosos","8":"tag-actrices","9":"tag-celebrities","10":"tag-cine","11":"tag-claudia-cardinale","12":"tag-entertainment","13":"tag-entretenimiento","14":"tag-es","15":"tag-espana","16":"tag-famosos","17":"tag-italia","18":"tag-obituarios","19":"tag-opinion","20":"tag-spain","21":"tag-television"},"share_on_mastodon":{"url":"","error":""},"_links":{"self":[{"href":"https:\/\/www.europesays.com\/es\/wp-json\/wp\/v2\/posts\/141704","targetHints":{"allow":["GET"]}}],"collection":[{"href":"https:\/\/www.europesays.com\/es\/wp-json\/wp\/v2\/posts"}],"about":[{"href":"https:\/\/www.europesays.com\/es\/wp-json\/wp\/v2\/types\/post"}],"author":[{"embeddable":true,"href":"https:\/\/www.europesays.com\/es\/wp-json\/wp\/v2\/users\/2"}],"replies":[{"embeddable":true,"href":"https:\/\/www.europesays.com\/es\/wp-json\/wp\/v2\/comments?post=141704"}],"version-history":[{"count":0,"href":"https:\/\/www.europesays.com\/es\/wp-json\/wp\/v2\/posts\/141704\/revisions"}],"wp:featuredmedia":[{"embeddable":true,"href":"https:\/\/www.europesays.com\/es\/wp-json\/wp\/v2\/media\/141705"}],"wp:attachment":[{"href":"https:\/\/www.europesays.com\/es\/wp-json\/wp\/v2\/media?parent=141704"}],"wp:term":[{"taxonomy":"category","embeddable":true,"href":"https:\/\/www.europesays.com\/es\/wp-json\/wp\/v2\/categories?post=141704"},{"taxonomy":"post_tag","embeddable":true,"href":"https:\/\/www.europesays.com\/es\/wp-json\/wp\/v2\/tags?post=141704"}],"curies":[{"name":"wp","href":"https:\/\/api.w.org\/{rel}","templated":true}]}}