{"id":141710,"date":"2025-09-27T06:25:13","date_gmt":"2025-09-27T06:25:13","guid":{"rendered":"https:\/\/www.europesays.com\/es\/141710\/"},"modified":"2025-09-27T06:25:13","modified_gmt":"2025-09-27T06:25:13","slug":"emociones-al-limite-y-nuevos-conflictos","status":"publish","type":"post","link":"https:\/\/www.europesays.com\/es\/141710\/","title":{"rendered":"emociones al l\u00edmite y nuevos conflictos"},"content":{"rendered":"<p id=\"exdcIZlvFb\" data-wc=\"141\"><strong>The Pitt<\/strong> se ha convertido en una de las series m\u00e1s intensas y comentadas del panorama actual, conquistando tanto a la cr\u00edtica como a los fans, no solo a los del g\u00e9nero m\u00e9dico sino a todo tipo de p\u00fablico. Ambientada en el hospital de trauma m\u00e1s fren\u00e9tico de <strong>Pittsburgh,<\/strong> la ficci\u00f3n ha logrado destacar por su ritmo realista y sus personajes al l\u00edmite. Turnos eternos, adrenalina constante y secretos que se quedan entre pasillos&#8230; todo eso y mucho m\u00e1s regresar\u00e1 a nuestras pantallas con la segunda temporada, que ya est\u00e1 en camino. Por si fuera poco, <strong>Katherine LaNasa\u00a0<\/strong>\u2014que da vida a la jefa de enfermera<strong>s Dana Evans<\/strong>\u2014 ha adelantado algunos detalles sobre lo que est\u00e1 por venir, aumentando a\u00fan m\u00e1s las expectativas de los seguidores, que no ven el momento de volver a ver a este equipo m\u00e9dico en acci\u00f3n.\u00a0<\/p>\n<p> <img src=\"https:\/\/www.europesays.com\/es\/wp-content\/uploads\/2025\/09\/5586806d1199-gettyimages-2234945500.jpg\"   width=\"1024\" height=\"682\" loading=\"lazy\" decoding=\"async\" alt=\"Gracias a su papel como Dana Evans, Katherine ha ganado su primer premio Emmy \" fetchpriority=\"auto\" class=\"image ho-image\"\/>\u00a9 Getty Images<\/p>\n<p id=\"epL9rEoJ4e\" data-wc=\"67\">Los fieles espectadores de esta ficci\u00f3n hospitalaria pueden esperar de los nuevos cap\u00edtulos \u201cuna exploraci\u00f3n m\u00e1s compleja\u201d de los personajes. As\u00ed lo desvelaba LaNasa a su paso por la alfombra roja en <a class=\"hm-link ho-link\" href=\"https:\/\/www.hola.com\/actualidad\/20250915855738\/premios-emmy-2025-donde-puedes-ver-las-series-y-actores-ganadores\/\" data-mrf-recirculation=\"article-body-link\" rel=\"nofollow noopener\" target=\"_blank\">la 77\u00aa edici\u00f3n de los premios Emmy,\u00a0<\/a>galard\u00f3n con el que fue reconocida precisamente por su papel como Dana Evans. Con estas palabras, dejaba claro que el drama no har\u00e1 concesiones en su segunda entrega.\u00a0<\/p>\n<p> <img src=\"https:\/\/www.europesays.com\/es\/wp-content\/uploads\/2025\/09\/f767616bab41-katherine-lanasa-hbo.jpg\"   width=\"1024\" height=\"682\" loading=\"lazy\" decoding=\"async\" alt=\"Katherine LaNasa es la jefa de enfermeras Dana Evans en 'The Pitt'\" fetchpriority=\"auto\" class=\"image ho-image\"\/>\u00a9 HBO Max<\/p>\n<p id=\"eSN-XiNk5c\" data-wc=\"89\">Al final de la primera temporada, el futuro de la enfermera jefe quedaba en el aire tras ser agredida por un paciente. Pero los fans pueden respirar tranquilos porque el personaje regresa al centro m\u00e9dico. Eso s\u00ed, lo har\u00e1 \u201cen un lugar muy inestable\u201d, tal y como adelantaba la int\u00e9rprete, que tambi\u00e9n a\u00f1ad\u00eda que no pod\u00eda dar m\u00e1s datos, ya que ni siquiera ella conoce hacia d\u00f3nde se dirige la trama. Una pista m\u00e1s de que la incertidumbre \u2014emocional y narrativa\u2014 volver\u00e1 a marcar el tono de la serie. \u00a0<\/p>\n<p> <img src=\"https:\/\/www.europesays.com\/es\/wp-content\/uploads\/2025\/09\/2e2ccc6f6c1b-the-pitt-.jpg\"   width=\"1024\" height=\"596\" loading=\"lazy\" decoding=\"async\" alt=\"'The Pitt' se ha alzado con cuatro Emmy entre ellos los de Mejor serie y mejor actor protagonista en la categor\u00eda de drama\" fetchpriority=\"auto\" class=\"image ho-image\"\/>\u00a9 HBO Max<br \/>\nLo que sabemos de la segunda temporada<\/p>\n<p id=\"eEXqRUtmXO\" data-wc=\"83\">Aunque a\u00fan quedan algunos meses para regresar a los pasillos del <strong>Pittsburgh Trauma Medical Hospital<\/strong> \u2014el estreno est\u00e1 previsto para enero de 2026\u2014, ya han trascendido algunos detalles sobre lo que nos traer\u00e1n los nuevos cap\u00edtulos. La acci\u00f3n retomar\u00e1 la trama unos diez meses despu\u00e9s del final de la primera entrega y se desarrollar\u00e1 durante el fin de semana del 4 de julio, una fecha clave en <strong>Estados Unidos\u00a0<\/strong>que podr\u00eda dar lugar a situaciones intensas tanto dentro como fuera del centro m\u00e9dico.\u00a0<\/p>\n<p> <img src=\"https:\/\/www.europesays.com\/es\/wp-content\/uploads\/2025\/09\/c9c0db06d0b2-the-pitt-drama-medico-hbo.jpg\"   width=\"1024\" height=\"682\" loading=\"lazy\" decoding=\"async\" alt=\"La segunda temporada volver\u00e1 a seguir el ritmo fren\u00e9tico de un turno de urgencias\" fetchpriority=\"auto\" class=\"image ho-image\"\/>\u00a9 HBO Max<\/p>\n<p id=\"ez5DkSwWSR\" data-wc=\"73\">Siguiendo con su sello personal, la serie volver\u00e1 a girar en torno a un turno de urgencias sin pausas, donde cada episodio cubre una hora de las quince que dura la jornada, una f\u00f3rmula que aporta realismo y tensi\u00f3n a cada escena. Entre los casos que nos mantendr\u00e1n en vilo de principio a fin, se encuentra uno relacionado con un beb\u00e9, que promete convertirse en uno de los m\u00e1s emocionantes de la temporada.<\/p>\n<p> <img src=\"https:\/\/www.europesays.com\/es\/wp-content\/uploads\/2025\/09\/5b6c3d046027-hbo.jpg\"   width=\"1024\" height=\"682\" loading=\"lazy\" decoding=\"async\" alt=\"Noah Wyle ha ganado su primer premio Emmy gracias a su papel de Robby en 'The Pitt'\" fetchpriority=\"auto\" class=\"image ho-image\"\/>\u00a9 HBO Max<\/p>\n<p> <img src=\"https:\/\/www.europesays.com\/es\/wp-content\/uploads\/2025\/09\/071560b83bc5-langdonthepitt-hbo.jpg\"   width=\"1024\" height=\"537\" loading=\"lazy\" decoding=\"async\" alt=\"Langdon regresa en la segunda temporada tras haber hecho rehabilitaci\u00f3n \" fetchpriority=\"auto\" class=\"image ho-image\"\/>\u00a9 HBO Max<\/p>\n<p id=\"ebGcSvT-pkd\" data-wc=\"106\">La ficci\u00f3n promete ir un paso m\u00e1s all\u00e1, profundizando en las emociones, conflictos internos y relaciones que marcar\u00e1n el regreso de sus protagonistas. Veremos al <strong>dr. Michael &#8216;Robby&#8217; Robinavitch<\/strong>, papel que le ha valido un Emmy a <strong>Noah Wyle<\/strong>, en una nueva etapa tras haber reconocido que necesitaba ayuda e iniciado un proceso de terapia. La temporada mostrar\u00e1 c\u00f3mo ha evolucionado despu\u00e9s de varios meses de trabajo personal. Tambi\u00e9n presenciaremos el regreso de <strong>Langdon (Patrick Ball)<\/strong>, que se reincorpora al hospital justo en ese turno tras haber completado una rehabilitaci\u00f3n exigida por el propio Robby para superar su adicci\u00f3n y poder seguir ejerciendo en el centro.\u00a0<\/p>\n<p> <img src=\"https:\/\/www.europesays.com\/es\/wp-content\/uploads\/2025\/09\/4ce2e71b5423-danrobby-hbo.jpg\"   width=\"1024\" height=\"512\" loading=\"lazy\" decoding=\"async\" alt=\"Dana regresa despu\u00e9s de haber sido agredida por un paciente\" fetchpriority=\"auto\" class=\"image ho-image\"\/>\u00a9 HBO Max<\/p>\n<p id=\"efHirpAqF1L\" data-wc=\"80\">Por su parte, Dana, quien dej\u00f3 el hospital tras ser agredida por un paciente, regresa despu\u00e9s de casi un a\u00f1o de ausencia. Lo hace con una actitud m\u00e1s firme y protectora, volcada en cuidar a su equipo. Su evoluci\u00f3n reflejar\u00e1 el impacto de aquella experiencia y su capacidad de resiliencia. La serie tambi\u00e9n seguir\u00e1 de cerca a otros miembros del personal, como<strong>\u00a0Trinity Santos<\/strong> y <strong>Victoria Javadi,\u00a0<\/strong>quienes contin\u00faan enfrent\u00e1ndose a los desaf\u00edos de sus residencias m\u00e9dicas y creciendo profesionalmente.\u00a0<\/p>\n<p> <img src=\"https:\/\/www.europesays.com\/es\/wp-content\/uploads\/2025\/09\/6deca8b06210-thepitt-hbomax.jpg\"   width=\"1024\" height=\"575\" loading=\"lazy\" decoding=\"async\" alt=\"'The Pitt' regresa con su segunda temporada el pr\u00f3ximo mes de enero\" fetchpriority=\"auto\" class=\"image ho-image\"\/>\u00a9 HBO Max<\/p>\n<p id=\"eWuBNlZx-xM\" data-wc=\"66\">Tambi\u00e9n se abordar\u00e1n cuestiones muy reales del entorno hospitalario como los turnos interminables, los recortes o las decisiones cl\u00ednicas que se toman bajo presi\u00f3n. Con nuevos conflictos, casos de vida o muerte, m\u00e1s adrenalina y un equipo m\u00e9dico que tambi\u00e9n lucha por encontrar su propio equilibrio,\u00a0The Pitt\u00a0promete una segunda temporada a\u00fan m\u00e1s intensa, humana y emocionante. \u00a1Prep\u00e1rate&#8230; porque la cuenta atr\u00e1s ya ha comenzado!<\/p>\n","protected":false},"excerpt":{"rendered":"The Pitt se ha convertido en una de las series m\u00e1s intensas y comentadas del panorama actual, conquistando&hellip;\n","protected":false},"author":2,"featured_media":141711,"comment_status":"","ping_status":"","sticky":false,"template":"","format":"standard","meta":{"footnotes":""},"categories":[171],"tags":[517,7065,146,147,25,24,11943,23,807,214],"class_list":{"0":"post-141710","1":"post","2":"type-post","3":"status-publish","4":"format-standard","5":"has-post-thumbnail","7":"category-tv","8":"tag-actualidad","9":"tag-el-buscador-de-series","10":"tag-entertainment","11":"tag-entretenimiento","12":"tag-es","13":"tag-espana","14":"tag-hbo","15":"tag-spain","16":"tag-television","17":"tag-tv"},"share_on_mastodon":{"url":"","error":""},"_links":{"self":[{"href":"https:\/\/www.europesays.com\/es\/wp-json\/wp\/v2\/posts\/141710","targetHints":{"allow":["GET"]}}],"collection":[{"href":"https:\/\/www.europesays.com\/es\/wp-json\/wp\/v2\/posts"}],"about":[{"href":"https:\/\/www.europesays.com\/es\/wp-json\/wp\/v2\/types\/post"}],"author":[{"embeddable":true,"href":"https:\/\/www.europesays.com\/es\/wp-json\/wp\/v2\/users\/2"}],"replies":[{"embeddable":true,"href":"https:\/\/www.europesays.com\/es\/wp-json\/wp\/v2\/comments?post=141710"}],"version-history":[{"count":0,"href":"https:\/\/www.europesays.com\/es\/wp-json\/wp\/v2\/posts\/141710\/revisions"}],"wp:featuredmedia":[{"embeddable":true,"href":"https:\/\/www.europesays.com\/es\/wp-json\/wp\/v2\/media\/141711"}],"wp:attachment":[{"href":"https:\/\/www.europesays.com\/es\/wp-json\/wp\/v2\/media?parent=141710"}],"wp:term":[{"taxonomy":"category","embeddable":true,"href":"https:\/\/www.europesays.com\/es\/wp-json\/wp\/v2\/categories?post=141710"},{"taxonomy":"post_tag","embeddable":true,"href":"https:\/\/www.europesays.com\/es\/wp-json\/wp\/v2\/tags?post=141710"}],"curies":[{"name":"wp","href":"https:\/\/api.w.org\/{rel}","templated":true}]}}