{"id":141720,"date":"2025-09-27T06:34:08","date_gmt":"2025-09-27T06:34:08","guid":{"rendered":"https:\/\/www.europesays.com\/es\/141720\/"},"modified":"2025-09-27T06:34:08","modified_gmt":"2025-09-27T06:34:08","slug":"begona-gomez-comparece-por-quinta-vez-ante-el-juez-peinado-camino-de-un-juicio-con-jurado-por-malversacion-el-mundo","status":"publish","type":"post","link":"https:\/\/www.europesays.com\/es\/141720\/","title":{"rendered":"Bego\u00f1a G\u00f3mez comparece por quinta vez ante el juez Peinado camino de un juicio con jurado por malversaci\u00f3n &#8211; El Mundo"},"content":{"rendered":"<ol>\n<li><a href=\"https:\/\/news.google.com\/rss\/articles\/CBMiekFVX3lxTE5yLTZxOVVrNk9zZHZzOGRDTUFrOEFFNkd0N2tNNDVlYmc0ZFdNbnlDUG9PZmt3WWdtYy15N1N5RE0xVEpOMmlXM1hiM0ZoWXRXOXlUUU5sRHJ1VW04LUphQVJ0akkwazFjTVhZeVVYRlR0ZjZTc19UUlhR0gF6QVVfeXFMTzZQamlXc2V3ZE41Uzc2cHNvbDNSejJLY1N4OS1ha0RzamhJVmxMWExRZjRNcURvczVPZzBOaTd3R3lLdUV0TS1VSjJfdEZfZElxSkJ3S1ZMRzZnNnZRZFdJbC1RQTdMM1pTQUJ1eGhfX25mb0dad1RNZmc?oc=5\" target=\"_blank\" rel=\"nofollow noopener\">Bego\u00f1a G\u00f3mez comparece por quinta vez ante el juez Peinado camino de un juicio con jurado por malversaci\u00f3n<\/a>&nbsp;&nbsp;El Mundo<\/li>\n<li><a href=\"https:\/\/news.google.com\/rss\/articles\/CBMi1wFBVV95cUxOUEZWMTdvaWdybnFjbnAyTUtxa3VlYWQxZlEwcHJDQUhzcURIV29nWlg3d1lyU0Rac0o5cDlRNTNXTEVZQTRCRE43bTAwSkxLZWNKTWNtMzgzSmhEQ0NMSU5TN1BGQk1wX24zZTFLNDBEOW1HWjltdkp2d3J3MDdPaG9kcEZ5TVpHQ2dpSkdRblZyZEJDOGRhLXA2LXBKVDB2UmpUT05LOElVc0dXVVRDZ2k1amszTmRtY2RTdFZJdG05bkpxQmVEa0pUcWIwWG52Ykk3M2FEVQ?oc=5\" target=\"_blank\" rel=\"nofollow noopener\">El juez Peinado convoca a las partes para llevar a Bego\u00f1a G\u00f3mez ante un jurado popular<\/a>&nbsp;&nbsp;Cadena SER<\/li>\n<li><a href=\"https:\/\/news.google.com\/rss\/articles\/CBMilwFBVV95cUxNaXVoY1VjNXlVSkhUUm9nRWxxQTJUTW9raFM3SmRhUXZ1U19iU05RU3FHSmNYQVJaSGtsa1pwZzNBTDVYR3ZXS0lQSzFSVjdjcXFJcVJnWHhSUnRzWDlibkxjZDF4TU14U0FkeENPX0JpdWdocW1vVi11QnhFaHNReUdNdzJHblZ0RlhOOUNXU2hDY3NmMEQ4?oc=5\" target=\"_blank\" rel=\"nofollow noopener\">Bego\u00f1a G\u00f3mez entrar\u00e1 hoy al juzgado otra vez por el garaje<\/a>&nbsp;&nbsp;ABC<\/li>\n<li><a href=\"https:\/\/news.google.com\/rss\/articles\/CBMi7AFBVV95cUxNdUFZaGxfQVl0WlR2bThiT201RlR4XzNMZkY5cld2ZjJxcTU1bDFFUWwxT1BZd2dhLU4tbDV4al9yODRvdVBKTVZUcXdsZk1lZE90VktkT0RVNnBlU3IzMUZWVWhxYUo2cjlXNzg5VUl6dFZCWnpoR2tTMFVTMkdtME9XcjYxTFVlYlBMVlNiSUdncGd2dWItbVJFaUN0d3ZBS2ZTdGJLQU9mc3JQRzVWR3oxRlBXREVobDFBeXBmQmtyeHVNWXVGbmtFZk1JTVlXUGhYVmtNU3hvMk1YM0J0N1JuYmJMTXVUV0F5btIBiAJBVV95cUxNT1JSNnk0UGZyTlZxZERhQUtCbzc5d2RCSGdvS3NKa2FvY1lrN3RKbExyQXNCR0tPWmZfYnJKcXBlYWNnMU9JaWI5VmZKNEwyYTdVTXpkR3l5MkVPZUV6QzgxaGwwWUdaSkZMZ3AwNml2LTBTSF9kbWJsZFQzQnRtaDc2dXRwMHlyYUt2RjZHMkJfYUtxOFN0OWgxd1ZCZ18tWGU4UlBnWVdJRHR4MFpPeDExSWRpRndKTlZwamJQZ2dUckhhRGhVcm1GWl90VzktcjlsM092ZU9abUN4a2NkdzExY1JnallhdENRTlR2Y0ZJaUUtTHZiaTMxNjhYU0pXSUV0YV9TcHU?oc=5\" target=\"_blank\" rel=\"nofollow noopener\">La justicia autoriza a Bego\u00f1a G\u00f3mez a volver a entrar por el garaje ante el \u00abambiente hostil\u00bb<\/a>&nbsp;&nbsp;La Voz de Galicia<\/li>\n<li><a href=\"https:\/\/news.google.com\/rss\/articles\/CBMi6AFBVV95cUxNUkhNcGw2ang5VGR3Nk5HMGRmYmZiQXBYa19Cb2FTN1RvYWoxSE80d3A2NEtQYm9XUE1QcEVrcG5WbmUwdE8zRGtOU0E4TFFsbkdiQWRpRXI5S1JoRkM3ZE9QNVB5SHFpU2VGVjAxcWt5SExPcEpEQmQ3SWZJeWN2ZmE2RnlINDZZLTFWUElqV3Y5MlRiVGliUkRKZEF6OGxqWWtvRTg5SzNaYUNHU0lsWHdVZGs0NWFNcFNsbW1QNE9tM1pEMmZxTFlUb2hwODVQSWRjVHV5anpmck9LbXU5ZGVfWnBwZUly?oc=5\" target=\"_blank\" rel=\"nofollow noopener\">La \u00faltima bala de Bego\u00f1a ante Peinado: desactivar la malversaci\u00f3n en su comparecencia<\/a>&nbsp;&nbsp;El Confidencial<\/li>\n<\/ol>\n","protected":false},"excerpt":{"rendered":"Bego\u00f1a G\u00f3mez comparece por quinta vez ante el juez Peinado camino de un juicio con jurado por malversaci\u00f3n&nbsp;&nbsp;El&hellip;\n","protected":false},"author":2,"featured_media":141721,"comment_status":"","ping_status":"","sticky":false,"template":"","format":"standard","meta":{"footnotes":""},"categories":[8],"tags":[16640,17,18,25,24,13,14,11,16638,19,20,9,10,15,16,2959,23,12,21,22],"class_list":{"0":"post-141720","1":"post","2":"type-post","3":"status-publish","4":"format-standard","5":"has-post-thumbnail","7":"category-espana","8":"tag-begona-gomez-fernandez","9":"tag-breaking-news","10":"tag-breakingnews","11":"tag-es","12":"tag-espana","13":"tag-featured-news","14":"tag-featurednews","15":"tag-headlines","16":"tag-juan-carlos-peinado","17":"tag-latest-news","18":"tag-latestnews","19":"tag-news","20":"tag-noticias","21":"tag-noticias-destacadas","22":"tag-noticiasdestacadas","23":"tag-pedro-sanchez","24":"tag-spain","25":"tag-titulares","26":"tag-ultimas-noticias","27":"tag-ultimasnoticias"},"share_on_mastodon":{"url":"","error":""},"_links":{"self":[{"href":"https:\/\/www.europesays.com\/es\/wp-json\/wp\/v2\/posts\/141720","targetHints":{"allow":["GET"]}}],"collection":[{"href":"https:\/\/www.europesays.com\/es\/wp-json\/wp\/v2\/posts"}],"about":[{"href":"https:\/\/www.europesays.com\/es\/wp-json\/wp\/v2\/types\/post"}],"author":[{"embeddable":true,"href":"https:\/\/www.europesays.com\/es\/wp-json\/wp\/v2\/users\/2"}],"replies":[{"embeddable":true,"href":"https:\/\/www.europesays.com\/es\/wp-json\/wp\/v2\/comments?post=141720"}],"version-history":[{"count":0,"href":"https:\/\/www.europesays.com\/es\/wp-json\/wp\/v2\/posts\/141720\/revisions"}],"wp:featuredmedia":[{"embeddable":true,"href":"https:\/\/www.europesays.com\/es\/wp-json\/wp\/v2\/media\/141721"}],"wp:attachment":[{"href":"https:\/\/www.europesays.com\/es\/wp-json\/wp\/v2\/media?parent=141720"}],"wp:term":[{"taxonomy":"category","embeddable":true,"href":"https:\/\/www.europesays.com\/es\/wp-json\/wp\/v2\/categories?post=141720"},{"taxonomy":"post_tag","embeddable":true,"href":"https:\/\/www.europesays.com\/es\/wp-json\/wp\/v2\/tags?post=141720"}],"curies":[{"name":"wp","href":"https:\/\/api.w.org\/{rel}","templated":true}]}}