{"id":141722,"date":"2025-09-27T06:35:31","date_gmt":"2025-09-27T06:35:31","guid":{"rendered":"https:\/\/www.europesays.com\/es\/141722\/"},"modified":"2025-09-27T06:35:31","modified_gmt":"2025-09-27T06:35:31","slug":"el-club-de-leones-de-la-cala-recibe-el-premio-joan-hunt-en-la-categoria-de-solidaridad-ayuntamiento-de-mijas","status":"publish","type":"post","link":"https:\/\/www.europesays.com\/es\/141722\/","title":{"rendered":"El Club de Leones de La Cala recibe el premio Joan Hunt en la categor\u00eda de Solidaridad \u2013 Ayuntamiento de Mijas"},"content":{"rendered":"<p>\t\t\tEl Club de Leones de La Cala recibe el premio Joan Hunt en la categor\u00eda de Solidaridad 26 de septiembre de 2025<br \/>\n<br \/>\n\t\t<img loading=\"lazy\" width=\"768\" height=\"768\" alt=\"\" decoding=\"async\"  src=\"https:\/\/www.europesays.com\/es\/wp-content\/uploads\/2025\/09\/Premio-Joan-Hunt-768x768.jpg\" data- class=\"attachment-medium_large size-medium_large wp-post-image lazyload\"\/>\t<\/p>\n<p>La alcaldesa de Mijas, Ana Mata, fue la encargada de entregar ayer el premio en la categor\u00eda de \u2018Solidaridad\u2019 dentro de la cuarta edici\u00f3n de los premios Joan Hunt que se celebraron en la Diputaci\u00f3n Provincial de M\u00e1laga. La regidora calific\u00f3 el premio como \u201cmuy merecido\u201d y destac\u00f3 la estrecha colaboraci\u00f3n entre el Consistorio y la organizaci\u00f3n ben\u00e9fica, que lleva a\u00f1os asentada en Mijas.<\/p>\n<p>\u00a0\u201cUna treintena de personas componen este colectivo que realizan acciones para apoyar proyectos muy necesarios dentro de nuestro municipio\u201d, explic\u00f3 la alcaldesa.<\/p>\n<p>El Club de Leones de La Cala, que cuenta con 46 a\u00f1os de trayectoria, se caracteriza por ayudar a familias vulnerables, apoyar a ni\u00f1os con necesidades m\u00e9dicas, colabora con centros educativos y refugios de animales y personas sin hogar.<\/p>\n<p>&#13;<br \/>\n &#13;<\/p>\n<p>\t\tNavegaci\u00f3n de entradas<\/p>\n","protected":false},"excerpt":{"rendered":"El Club de Leones de La Cala recibe el premio Joan Hunt en la categor\u00eda de Solidaridad 26&hellip;\n","protected":false},"author":2,"featured_media":141723,"comment_status":"","ping_status":"","sticky":false,"template":"","format":"standard","meta":{"footnotes":""},"categories":[5],"tags":[44042,17,18,44047,25,24,13,14,11,44046,19,20,44044,9,10,15,16,44045,44043,23,12,21,22],"class_list":{"0":"post-141722","1":"post","2":"type-post","3":"status-publish","4":"format-standard","5":"has-post-thumbnail","7":"category-titulares","8":"tag-ayuntamiento-de-mijas","9":"tag-breaking-news","10":"tag-breakingnews","11":"tag-burro-taxis","12":"tag-es","13":"tag-espana","14":"tag-featured-news","15":"tag-featurednews","16":"tag-headlines","17":"tag-la-cala-de-mijas","18":"tag-latest-news","19":"tag-latestnews","20":"tag-mijas-pueblo","21":"tag-news","22":"tag-noticias","23":"tag-noticias-destacadas","24":"tag-noticiasdestacadas","25":"tag-pueblo-de-mijas","26":"tag-recaudacin-mijas","27":"tag-spain","28":"tag-titulares","29":"tag-ultimas-noticias","30":"tag-ultimasnoticias"},"share_on_mastodon":{"url":"","error":""},"_links":{"self":[{"href":"https:\/\/www.europesays.com\/es\/wp-json\/wp\/v2\/posts\/141722","targetHints":{"allow":["GET"]}}],"collection":[{"href":"https:\/\/www.europesays.com\/es\/wp-json\/wp\/v2\/posts"}],"about":[{"href":"https:\/\/www.europesays.com\/es\/wp-json\/wp\/v2\/types\/post"}],"author":[{"embeddable":true,"href":"https:\/\/www.europesays.com\/es\/wp-json\/wp\/v2\/users\/2"}],"replies":[{"embeddable":true,"href":"https:\/\/www.europesays.com\/es\/wp-json\/wp\/v2\/comments?post=141722"}],"version-history":[{"count":0,"href":"https:\/\/www.europesays.com\/es\/wp-json\/wp\/v2\/posts\/141722\/revisions"}],"wp:featuredmedia":[{"embeddable":true,"href":"https:\/\/www.europesays.com\/es\/wp-json\/wp\/v2\/media\/141723"}],"wp:attachment":[{"href":"https:\/\/www.europesays.com\/es\/wp-json\/wp\/v2\/media?parent=141722"}],"wp:term":[{"taxonomy":"category","embeddable":true,"href":"https:\/\/www.europesays.com\/es\/wp-json\/wp\/v2\/categories?post=141722"},{"taxonomy":"post_tag","embeddable":true,"href":"https:\/\/www.europesays.com\/es\/wp-json\/wp\/v2\/tags?post=141722"}],"curies":[{"name":"wp","href":"https:\/\/api.w.org\/{rel}","templated":true}]}}