{"id":14173,"date":"2025-07-30T14:54:08","date_gmt":"2025-07-30T14:54:08","guid":{"rendered":"https:\/\/www.europesays.com\/es\/14173\/"},"modified":"2025-07-30T14:54:08","modified_gmt":"2025-07-30T14:54:08","slug":"paises-bajos-prohibe-la-entrada-a-2-ministros-israelies-de-extrema-derecha","status":"publish","type":"post","link":"https:\/\/www.europesays.com\/es\/14173\/","title":{"rendered":"Pa\u00edses Bajos proh\u00edbe la entrada a 2 ministros israel\u00edes de extrema derecha"},"content":{"rendered":"<p>\n  Por&amp;nbsp<b>Euronews<\/b>\n<\/p>\n<p>\n                    Publicado                 29\/07\/2025 &#8211; 15:22 CEST<br \/>\n                \u2022Ultima actualizaci\u00f3n<br \/>\n                                     17:08\n                                        <\/p>\n<p>          <img decoding=\"async\" class=\"c-ad__placeholder__logo\" src=\"https:\/\/static.euronews.com\/website\/images\/logos\/logo-euronews-stacked-outlined-72x72-grey-9.svg\" width=\"72\" height=\"72\" alt=\"\" loading=\"lazy\"\/><br \/>\n          PUBLICIDAD<\/p>\n<p>El Gobierno neerland\u00e9s ha anunciado que <strong>prohibir\u00e1 la entrada a dos ministros israel\u00edes de extrema derecha<\/strong>, <strong>Itamar Ben-Gvir<\/strong> (Seguridad Nacional) y <strong>Bezalel Smotrich<\/strong> (Finanzas), en respuesta a las <a href=\"https:\/\/es.euronews.com\/2025\/07\/28\/los-palestinos-denuncian-que-la-ayuda-humanitaria-no-llega-a-la-poblacion-de-gaza\" rel=\"nofollow noopener\" target=\"_blank\">violaciones de los derechos humanos por parte de Israel<\/a> y al continuo deterioro de la situaci\u00f3n en Gaza. Ambos son socios clave en la coalici\u00f3n del primer ministro <strong>Benjamin Netanyahu<\/strong>.<\/p>\n<p>Las medidas, que incluyen la prohibici\u00f3n de viajar y otras sanciones, fueron comunicadas en una carta que el ministro neerland\u00e9s de Asuntos Exteriores, <strong>Caspar Veldkamp<\/strong>, envi\u00f3 a los legisladores el lunes por la noche. Seg\u00fan medios locales, la carta se\u00f1alaba que los ministros \u00abhan <strong>incitado repetidamente a la violencia<\/strong> de los colonos contra la poblaci\u00f3n palestina y&#8230; llamado a la limpieza \u00e9tnica en la Franja de Gaza\u00bb.<\/p>\n<p>Adem\u00e1s, el Gobierno neerland\u00e9s convocar\u00e1 al embajador de Israel para instar a Netanyahu a \u00abtomar inmediatamente medidas que conduzcan a una <strong>mejora sustancial y r\u00e1pida<\/strong> de la <a href=\"https:\/\/es.euronews.com\/2025\/07\/27\/israel-abrira-hoy-corredores-humanitarios-en-gaza-entre-advertencias-de-hambruna\" rel=\"nofollow noopener\" target=\"_blank\">situaci\u00f3n humanitaria en toda la Franja de Gaza<\/a>\u00ab, seg\u00fan revel\u00f3 la carta.<\/p>\n<p>Ben-Gvir y Smotrich apoyan el movimiento de <strong>asentamientos israel\u00edes<\/strong> y son partidarios de continuar la guerra entre <a href=\"https:\/\/es.euronews.com\/2025\/07\/25\/un-hospital-de-gaza-registra-la-primera-muerte-de-un-nino-a-causa-del-hambre-mientras-aume\" rel=\"nofollow noopener\" target=\"_blank\">Israel y Ham\u00e1s en Gaza<\/a>, facilitando lo que denominan \u00abemigraci\u00f3n voluntaria\u00bb de palestinos y construyendo asentamientos jud\u00edos en su lugar. Ambos se mostraron desafiantes ante el anuncio. Ben-Gvir declar\u00f3 que \u00abseguir\u00eda actuando\u00bb, y Smotrich afirm\u00f3 que los l\u00edderes europeos se est\u00e1n sometiendo a las \u00abmentiras del Islam radical\u00bb.<\/p>\n<p><strong>Creciente presi\u00f3n internacional y precedentes<\/strong><\/p>\n<p>A principios de mes, <strong>Eslovenia<\/strong> prohibi\u00f3 a Ben-Gvir y Smotrich la entrada en el pa\u00eds, como respuesta a la falta de acci\u00f3n conjunta emprendida en Bruselas por los ministros de Asuntos Exteriores de la UE contra Israel. <\/p>\n<p>El mes pasado, el <strong>Reino Unido<\/strong>, <strong>Australia<\/strong>, <strong>Canad\u00e1<\/strong>, <strong>Nueva Zelanda<\/strong> y <strong>Noruega<\/strong> tomaron medidas similares, imponiendo sanciones econ\u00f3micas a ambos pol\u00edticos. El Gobierno neerland\u00e9s, que se prepara para las elecciones de octubre, se ha enfrentado a una creciente presi\u00f3n para que cambie su postura sobre la pol\u00edtica israel\u00ed.<\/p>\n<p>Fuentes adicionales<strong> \u2022 AP<\/strong><\/p>\n","protected":false},"excerpt":{"rendered":"Por&amp;nbspEuronews Publicado 29\/07\/2025 &#8211; 15:22 CEST \u2022Ultima actualizaci\u00f3n 17:08 PUBLICIDAD El Gobierno neerland\u00e9s ha anunciado que prohibir\u00e1 la&hellip;\n","protected":false},"author":2,"featured_media":14174,"comment_status":"","ping_status":"","sticky":false,"template":"","format":"standard","meta":{"footnotes":""},"categories":[42],"tags":[17,18,13,14,1256,1258,11,61,62,63,64,74,19,20,9,10,15,16,9542,76,1620,12,21,22,65,66,67],"class_list":{"0":"post-14173","1":"post","2":"type-post","3":"status-publish","4":"format-standard","5":"has-post-thumbnail","7":"category-internacional","8":"tag-breaking-news","9":"tag-breakingnews","10":"tag-featured-news","11":"tag-featurednews","12":"tag-franja-de-gaza","13":"tag-guerra-israel-hamas","14":"tag-headlines","15":"tag-internacional","16":"tag-international","17":"tag-international-news","18":"tag-internationalnews","19":"tag-israel","20":"tag-latest-news","21":"tag-latestnews","22":"tag-news","23":"tag-noticias","24":"tag-noticias-destacadas","25":"tag-noticiasdestacadas","26":"tag-paises-bajos","27":"tag-palestina","28":"tag-relaciones-internacionales","29":"tag-titulares","30":"tag-ultimas-noticias","31":"tag-ultimasnoticias","32":"tag-world","33":"tag-world-news","34":"tag-worldnews"},"share_on_mastodon":{"url":"","error":""},"_links":{"self":[{"href":"https:\/\/www.europesays.com\/es\/wp-json\/wp\/v2\/posts\/14173","targetHints":{"allow":["GET"]}}],"collection":[{"href":"https:\/\/www.europesays.com\/es\/wp-json\/wp\/v2\/posts"}],"about":[{"href":"https:\/\/www.europesays.com\/es\/wp-json\/wp\/v2\/types\/post"}],"author":[{"embeddable":true,"href":"https:\/\/www.europesays.com\/es\/wp-json\/wp\/v2\/users\/2"}],"replies":[{"embeddable":true,"href":"https:\/\/www.europesays.com\/es\/wp-json\/wp\/v2\/comments?post=14173"}],"version-history":[{"count":0,"href":"https:\/\/www.europesays.com\/es\/wp-json\/wp\/v2\/posts\/14173\/revisions"}],"wp:featuredmedia":[{"embeddable":true,"href":"https:\/\/www.europesays.com\/es\/wp-json\/wp\/v2\/media\/14174"}],"wp:attachment":[{"href":"https:\/\/www.europesays.com\/es\/wp-json\/wp\/v2\/media?parent=14173"}],"wp:term":[{"taxonomy":"category","embeddable":true,"href":"https:\/\/www.europesays.com\/es\/wp-json\/wp\/v2\/categories?post=14173"},{"taxonomy":"post_tag","embeddable":true,"href":"https:\/\/www.europesays.com\/es\/wp-json\/wp\/v2\/tags?post=14173"}],"curies":[{"name":"wp","href":"https:\/\/api.w.org\/{rel}","templated":true}]}}