{"id":141746,"date":"2025-09-27T06:56:12","date_gmt":"2025-09-27T06:56:12","guid":{"rendered":"https:\/\/www.europesays.com\/es\/141746\/"},"modified":"2025-09-27T06:56:12","modified_gmt":"2025-09-27T06:56:12","slug":"estos-son-los-supermercados-que-mas-y-menos-han-subido-los-precios-en-el-ultimo-ano-alguno-incluso-los-ha-abc","status":"publish","type":"post","link":"https:\/\/www.europesays.com\/es\/141746\/","title":{"rendered":"Estos son los supermercados que m\u00e1s y menos han subido los precios en el \u00faltimo a\u00f1o: alguno incluso los ha &#8230; &#8211; ABC"},"content":{"rendered":"<ol>\n<li><a href=\"https:\/\/news.google.com\/rss\/articles\/CBMiqAFBVV95cUxQd2p3em5NTU51aG1YQmhRZ2hNdGc1WmttNUJ6V20wc0ppbnVIT3lfb1pkcnRMSktaTFF3c29idXFqV1JscnJRMmc0czlMWDlydUE4dlpZNExwVTd1aHRrb3RwV08tNThsOU1fTTZyNWM2WWx0bVdsX1JRWmNkZTdMOTBBZnduVVdtVi1CdFRScWpDeFBiME40U1BneGl2YXcyZFd0VWRTaW3SAa4BQVVfeXFMUGdDakI4cnhrc2tMa1dTQkltREdGNlJhSy03LUk3MzE2alZ3VnNTaDZ2N1BlYWdPcmVkMmNFR2NUR255Nkl1ajVkekIxRFR1Y2RoVk5iRXNqa3lqczVMZV9ORjFFSEhIZDVXZVdHQ0ozNTlSMlNQekcxNTkyaUdXejUzS0huakQzUXBiRk1kb0pCdkFPRjB0LXdwX1h1TFl2VVpQc1pSLWxfZEI0YmV3?oc=5\" target=\"_blank\" rel=\"nofollow noopener\">Estos son los supermercados que m\u00e1s y menos han subido los precios en el \u00faltimo a\u00f1o: alguno incluso los ha &#8230;<\/a>&nbsp;&nbsp;ABC<\/li>\n<li><a href=\"https:\/\/news.google.com\/rss\/articles\/CBMikwFBVV95cUxNWGd3R21DQUtEMGl0V3BOdUo2QmZ2SjhQQm8tWHpjb09xVEFFa1R1bnFKRmpKMmNkY05pa2pVanhTR2w4eklFVkJzVmMwbjAySlIzNFNTRkloeGlCNEt0eTg2WmtfWFJ2OWZhYllldFIxa08wSHlIMGtfR1kxRDQ5Zjc0RDVRd2Z0WWdVQ3B5Y19LMHM?oc=5\" target=\"_blank\" rel=\"nofollow noopener\">Los supermercados m\u00e1s baratos de 2025<\/a>&nbsp;&nbsp;www.ocu.org<\/li>\n<li><a href=\"https:\/\/news.google.com\/rss\/articles\/CBMiuAFBVV95cUxOOTVSMlE3X0hZRGJwWVhVWjZDSENPVjgyZDk1TUZPQ1ZOWGxOcWVWbWR6bUVMS3FEMU5Ua0M5NWJxd0pMa2p5NDZfWHJ1RlZfaWd1RUVVcWJsSTJIWW1jaTY1SWk0eVNrLWVNLXBhUXVqakZpdnZ2UG9DS0dBd0VYWTN6aHBiZkM1akt3QUh1ZEh5bnU5bGc2TVVaOV9meUxFQXNCQkljYjhEN1VVZ2Q0V2ZDdzYtSVBm0gG-AUFVX3lxTE5YamRQYWJkdmxVT1lUMWRreEpDV0p5NHUxQ3FXdjBIZlUxZmc0NE1RY2VZV1Z6end2dEZHYkNkYXc0WXN4NTlYVnpfcjVjbC1yTktBTVpIbDhYRzhrbDFHdFVPZzFFVDNUYzk1VzNKdEx5ZDA3YXd4V0VRWENBTC0tRHlZVzBNZlo5VG5XT25hQjdlRHd6RURpNl9JOGtTbGM5MzktQlZqZWhTNW05ZWxEdnVsbDEtYUJmeU93WWc?oc=5\" target=\"_blank\" rel=\"nofollow noopener\">Este es el supermercado de Madrid m\u00e1s barato para comprar: la diferencia con el m\u00e1s caro es de 4.270 euros<\/a>&nbsp;&nbsp;El Confidencial<\/li>\n<li><a href=\"https:\/\/news.google.com\/rss\/articles\/CBMiwAFBVV95cUxNNVlwcGhWbDh4ZlRjTGY2QmRzeHRDOTZHeERuQ0RPaWtacmtGT3pubW5ONDIybFlzTEdsYkphSm9sVFpFNkVmdG5URUkzeXJ6Q1hqaU40WDZuTkFVOWZCS0ZzOUVFTzBMYk9FNjZEbzFjRVhUUW94NElJN1ZrM3MwVXVSaGRvSElmcUtmcnJ2bjZfcWpPX082MWJ0T2w0OGxzdm1UdzFlVUltZHZfa2gtSy1HQ1pTdDZwbXhtZXE0YmvSAcYBQVVfeXFMTklLZFJMMVVJelV2UXlsOVFhSWxQWHozT0R0RzRHSTlMXzNaeHBpU1lJZzJTNmZxWW1ackRoU3g0QnFqLTh6dUE1Q0lPVTJCdmNYeExqb2VzWFNzaXIzNVVHc002RDZHU3owNkNzWjRUZDhDUDRiOTZSNERQeEVfN2xmTmc4VXhWQkRNUU9ib05UMjRKa1V0N205ZGRwYmtMV212Tm5ncUN4dlRkQks5MUItQ1BKckU1cndPdkU3WjQ4OUhuOVRB?oc=5\" target=\"_blank\" rel=\"nofollow noopener\">El caf\u00e9, los pl\u00e1tanos y los limones encarecen una cesta de la compra que sube un 2,5% en 2025<\/a>&nbsp;&nbsp;La Vanguardia<\/li>\n<li><a href=\"https:\/\/news.google.com\/rss\/articles\/CBMivwFBVV95cUxNME9yU3BvQUVYMUVyRWZiNnhWN19mZUNVYUQ5UHJfeFl2TUJoX05WaWZ2NXFWRWJGdnVVeFZDemJYaXdPckhQenBBM0ZkZnlwSnI0cGhFanN0RTlVQi0yZU41Q1JQOEJVZWVlYm5URTZHMXJacWtKNXlJVFVHS1A0MDhaWk5ZQWRtdksyYUhpMnhFaEdhTDQ4Uk1pWFdHLVBBdUpnMXNXcTY1elJ3TktfQy1Wc2M2aGpJZFFYckwxSQ?oc=5\" target=\"_blank\" rel=\"nofollow noopener\">Estos son los supermercados m\u00e1s baratos de 2025: ahorra en la Regi\u00f3n de Murcia m\u00e1s de 1.000 euros anuales<\/a>&nbsp;&nbsp;La Verdad<\/li>\n<\/ol>\n","protected":false},"excerpt":{"rendered":"Estos son los supermercados que m\u00e1s y menos han subido los precios en el \u00faltimo a\u00f1o: alguno incluso&hellip;\n","protected":false},"author":2,"featured_media":141747,"comment_status":"","ping_status":"","sticky":false,"template":"","format":"standard","meta":{"footnotes":""},"categories":[80],"tags":[10810,1611,44049,82,95,94,25,24,10046,8038,23,26996,3212,3667],"class_list":{"0":"post-141746","1":"post","2":"type-post","3":"status-publish","4":"format-standard","5":"has-post-thumbnail","7":"category-economia","8":"tag-alguno","9":"tag-ano","10":"tag-bajado","11":"tag-business","12":"tag-economia","13":"tag-economy","14":"tag-es","15":"tag-espana","16":"tag-incluso","17":"tag-precios","18":"tag-spain","19":"tag-subido","20":"tag-supermercados","21":"tag-ultimo"},"share_on_mastodon":{"url":"","error":""},"_links":{"self":[{"href":"https:\/\/www.europesays.com\/es\/wp-json\/wp\/v2\/posts\/141746","targetHints":{"allow":["GET"]}}],"collection":[{"href":"https:\/\/www.europesays.com\/es\/wp-json\/wp\/v2\/posts"}],"about":[{"href":"https:\/\/www.europesays.com\/es\/wp-json\/wp\/v2\/types\/post"}],"author":[{"embeddable":true,"href":"https:\/\/www.europesays.com\/es\/wp-json\/wp\/v2\/users\/2"}],"replies":[{"embeddable":true,"href":"https:\/\/www.europesays.com\/es\/wp-json\/wp\/v2\/comments?post=141746"}],"version-history":[{"count":0,"href":"https:\/\/www.europesays.com\/es\/wp-json\/wp\/v2\/posts\/141746\/revisions"}],"wp:featuredmedia":[{"embeddable":true,"href":"https:\/\/www.europesays.com\/es\/wp-json\/wp\/v2\/media\/141747"}],"wp:attachment":[{"href":"https:\/\/www.europesays.com\/es\/wp-json\/wp\/v2\/media?parent=141746"}],"wp:term":[{"taxonomy":"category","embeddable":true,"href":"https:\/\/www.europesays.com\/es\/wp-json\/wp\/v2\/categories?post=141746"},{"taxonomy":"post_tag","embeddable":true,"href":"https:\/\/www.europesays.com\/es\/wp-json\/wp\/v2\/tags?post=141746"}],"curies":[{"name":"wp","href":"https:\/\/api.w.org\/{rel}","templated":true}]}}