{"id":141776,"date":"2025-09-27T07:18:10","date_gmt":"2025-09-27T07:18:10","guid":{"rendered":"https:\/\/www.europesays.com\/es\/141776\/"},"modified":"2025-09-27T07:18:10","modified_gmt":"2025-09-27T07:18:10","slug":"mayte-zaldivar-revela-la-herencia-de-julian-munoz-en-de-viernes-tenia-todo-embargado","status":"publish","type":"post","link":"https:\/\/www.europesays.com\/es\/141776\/","title":{"rendered":"Mayte Zald\u00edvar revela la herencia de Juli\u00e1n Mu\u00f1oz en De Viernes: \u00abTen\u00eda todo embargado\u00bb"},"content":{"rendered":"<p data-journey-content=\"true\" data-node-id=\"3\" class=\"css-6wxqfj emevuu60\">Ha pasado un a\u00f1o desde el fallecimiento de Juli\u00e1n Mu\u00f1oz. <a href=\"https:\/\/www.diezminutos.es\/famosos-corazon\/famosos-espanoles\/a62374946\/mayte-zaldivar-de-viernes-despedida-julian-munoz\/\" target=\"_blank\" data-vars-ga-outbound-link=\"https:\/\/www.diezminutos.es\/famosos-corazon\/famosos-espanoles\/a62374946\/mayte-zaldivar-de-viernes-despedida-julian-munoz\/\" data-vars-ga-ux-element=\"Hyperlink\" data-vars-ga-call-to-action=\"Las dudas de su herencia y la boda con Mayte Zald\u00edvar \" data-node-id=\"3.1\" class=\"body-link css-177bzfx emevuu60\" rel=\"nofollow noopener\">Las dudas de su herencia y la boda con Mayte Zald\u00edvar <\/a>en los \u00faltimos momentos de su vida, han sido foco de muchos debates durante estos meses. Dudas que Mayte Zald\u00edvar ha querido abordar en una <strong data-node-id=\"3.3\">entrevista en el plat\u00f3 de &#8216;De Viernes&#8217; a la que ha acudido junto a su hija Elia.<\/strong> Por primera vez, madre e hija se han sentado en directo en una entrevista en la que se han abierto a confesar todas las dudas de los colaboradores sin evitar ning\u00fan tema.<\/p>\n<p data-journey-content=\"true\" data-node-id=\"6\" class=\"css-6wxqfj emevuu60\">As\u00ed, Mayte ha aclarado <a href=\"https:\/\/www.diezminutos.es\/famosos-corazon\/famosos-espanoles\/a62198574\/julian-munoz-motivo-boda-mayte-zaldivar-de-viernes\/\" target=\"_blank\" data-vars-ga-outbound-link=\"https:\/\/www.diezminutos.es\/famosos-corazon\/famosos-espanoles\/a62198574\/julian-munoz-motivo-boda-mayte-zaldivar-de-viernes\/\" data-vars-ga-ux-element=\"Hyperlink\" data-vars-ga-call-to-action=\"c\u00f3mo surgi\u00f3 volver a casarse con Juli\u00e1n Mu\u00f1oz.\" data-node-id=\"6.1\" class=\"body-link css-177bzfx emevuu60\" rel=\"nofollow noopener\">c\u00f3mo surgi\u00f3 volver a casarse con Juli\u00e1n Mu\u00f1oz.<\/a> \u00ab\u00c9l lo necesitaba. Pensaba que era una forma de tener a la familia unida de nuevo, como antes\u00bb, confesaba la viuda del ex alcalde de Marbella. Una propuesta, que sus hijas acogieron con normalidad. <strong data-node-id=\"6.3\">\u00abLes preguntamos si eran felices, y ya est\u00e1\u00bb, confesaba Elia.<\/strong><\/p>\n<p><img draggable=\"true\" alt=\"mayte zaldivar julian mu\u00f1oz de viernes\" title=\"maite zaldivar julian mu\u00f1oz\" loading=\"lazy\" width=\"2580\" height=\"1451\" decoding=\"async\" data-nimg=\"1\" style=\"color:transparent;width:100%;height:auto;\"   src=\"https:\/\/www.europesays.com\/es\/wp-content\/uploads\/2025\/09\/elia-maite-zaldivar-68d712a713c32.jpg\" class=\"css-0 e1g79fud0\"\/><\/p>\n<p>Telecinco<\/p>\n<p data-journey-content=\"true\" data-node-id=\"9\" class=\"css-6wxqfj emevuu60\">A diferencia de su familia, el resto del mundo no acogi\u00f3 tan f\u00e1cilmente la noticia de la boda. Fueron muchos quienes <strong data-node-id=\"9.1\">criticaron que se dieran el &#8216;s\u00ed quiero&#8217; cuando Mayte tiene<a href=\"https:\/\/www.diezminutos.es\/famosos-corazon\/famosos-espanoles\/a61082074\/mayte-zaldivar-pareja-fernando-julian-munoz-boda\/\" target=\"_blank\" data-vars-ga-outbound-link=\"https:\/\/www.diezminutos.es\/famosos-corazon\/famosos-espanoles\/a61082074\/mayte-zaldivar-pareja-fernando-julian-munoz-boda\/\" data-vars-ga-ux-element=\"Hyperlink\" data-vars-ga-call-to-action=\" una relaci\u00f3n con otro hombre,\" data-node-id=\"9.1.1\" class=\"body-link css-177bzfx emevuu60\" rel=\"nofollow noopener\"> una relaci\u00f3n con otro hombre,<\/a><\/strong>con quien todav\u00eda est\u00e1 a d\u00eda de hoy.  \u00abSi hubiesen sido las \u00fanicas cr\u00edticas que he recibido desde el 2003, a lo mejor me dol\u00eda, pero se han dicho cosas tan fuertes, que me da igual. Lo que pens\u00e9is me molesta, pero no me duele\u00bb, explicaba Zald\u00edvar.<\/p>\n<p>El motivo real de la boda de Juli\u00e1n Mu\u00f1oz y Mayte<\/p>\n<p data-journey-content=\"true\" data-node-id=\"14\" class=\"css-6wxqfj emevuu60\">Madre e hija han querido dejar claro que el motivo de la boda no tuvo nada que ver con el dinero. Aunque s\u00ed que ha ayudado ya que, al estar casados, Mayte est\u00e1 cobrando la pensi\u00f3n de viudedad. <strong data-node-id=\"14.1\">\u00abClaro que la estoy cobrando. \u00bfQu\u00e9 quieres, que la regale? Si te pertenece, te pertenece\u00bb<\/strong>, ha sentenciado.<\/p>\n<p data-journey-content=\"true\" data-node-id=\"16\" class=\"css-6wxqfj emevuu60\">No obstante, ha se\u00f1alado que, si el dinero hubiera sido el motor de la boda, hubiera vendido una exclusiva. \u00abLlevo 20 a\u00f1os en la televisi\u00f3n, con todo lo que se ha pagado, <strong data-node-id=\"16.1\">\u00bf<\/strong><strong data-node-id=\"16.2\">t\u00fa piensas que me voy a casar por una pensi\u00f3n antes que por una exclusiva de la boda?<\/strong> Me hubiera vendido una exclusiva, me compro un piso, lo alquilo, y vivo tranquila ya el resto de mi vida\u00bb, dec\u00eda.<\/p>\n<p>Los detalles de la herencia de Juli\u00e1n Mu\u00f1oz <\/p>\n<p data-journey-content=\"true\" data-node-id=\"19\" class=\"css-6wxqfj emevuu60\">Pero la pensi\u00f3n no ha sido el \u00fanico tema de dinero que ha rondado en las tertulias tras la muerte de Juli\u00e1n Mu\u00f1oz. La herencia, ha sido tambi\u00e9n motivo de debate, puesto que el dinero que, seg\u00fan la justicia, rob\u00f3 del Ayuntamiento de Marbella <strong data-node-id=\"19.1\">en la &#8216;Operaci\u00f3n Malaya&#8217;, por la cual fue condenado, nunca apareci\u00f3. <\/strong><\/p>\n<p data-journey-content=\"true\" data-node-id=\"21\" class=\"css-6wxqfj emevuu60\">\u00abHemos renunciado. <strong data-node-id=\"21.1\">Obviamente, gracias a nuestro abogado sabemos las consecuencia de aceptar una herencia con tantos problemas de la justicia&#8230;\u00bb<\/strong>, aseguraba Elia. Mayte matizaba que \u00absab\u00edamos lo que ten\u00eda. Llev\u00e1bamos unos a\u00f1os, bastantes ya, con \u00e9l porque no ten\u00eda dinero. Viv\u00eda con mis hijas. Ten\u00eda todo embargado\u00bb. \u00abTe puedo asegurar que todo desapareci\u00f3. Muy tonto hubiera sido de vivir como ha vivido los \u00faltimos a\u00f1os teniendo que trabajar nosotras para aportar\u00bb, ha a\u00f1adido.<\/p>\n<p data-journey-content=\"true\" data-node-id=\"23\" class=\"css-6wxqfj emevuu60\">De hecho, Mayte ha dejado claro que muchos de los bienes que Juli\u00e1n ten\u00eda cuando entr\u00f3 en la c\u00e1rcel, \u00ablo que se llev\u00f3, se lo llev\u00f3. Cuando volvi\u00f3 de la c\u00e1rcel no ten\u00eda ni los trajes\u00bb. <strong data-node-id=\"23.1\">Entre sus bienes se encontraba un reloj Rolex de oro<\/strong> del que se han enterado en directo que ahora mismo lo tiene Agust\u00edn, hermano de <a href=\"https:\/\/diezminutos.es\/isabel-pantoja\" target=\"_blank\" data-node-id=\"23.3\" class=\"css-177bzfx emevuu60\" rel=\"nofollow noopener\">Isabel Pantoja.<\/a> \u00abLe dejaron sin nada\u00bb, dec\u00eda.<br data-node-id=\"23.5\"\/><\/p>\n<p><img src=\"https:\/\/www.europesays.com\/es\/wp-content\/uploads\/2025\/09\/1758957490_833_323095e3-d675-4360-ad79-c3a735f161a1_1681830139.file\" alt=\"Headshot of Aroa D\u00edaz\" title=\"Headshot of Aroa D\u00edaz\" width=\"100%\" height=\"100%\" decoding=\"async\" loading=\"lazy\" class=\"css-o0wq4v ev8dhu53\"\/><\/p>\n<p>Aroa D\u00edaz es experta en realities, televisi\u00f3n y actualidad en general. No hay momento del d\u00eda en el que no tenga encendida la televisi\u00f3n conociendo los \u00faltimos desvelos de los famosos, disfrutando de los realities como Supervivientes o de los concursos m\u00e1s rocambolescos. Las \u00faltimas novedades de los famosos del coraz\u00f3n son su perdici\u00f3n y la actualidad de las Casas Reales, su gran pasi\u00f3n. \u00a0\u00a0<\/p>\n<p>En sus ratos libres disfruta de las pel\u00edculas y series de moda, y bucea por los cat\u00e1logos de las plataformas de podcast buscando nuevas entrevistas y charlas de famosos.<\/p>\n<p>Adem\u00e1s, no ha parado de formarse en todos los aspectos convirti\u00e9ndose en una periodista 360: locuci\u00f3n, doblaje, grabaci\u00f3n de v\u00eddeo, periodismo m\u00f3vil, producci\u00f3n de podcast y SEO. Actualmente est\u00e1 form\u00e1ndose en el M\u00e1ster universitario de Periodismo y Comunicaci\u00f3n Digital: Datos y Nuevas Narrativas de la UOC.<\/p>\n<p>Graduada en periodismo por la Universidad Rey Juan Carlos, no ha parado de trabajar desde que obtuvo su t\u00edtulo all\u00e1 por el 2013. Despu\u00e9s de un breve impass en Palma de Mallorca, volvi\u00f3 a Legan\u00e9s donde arranc\u00f3 su experiencia con Legan\u00e9s Activo. En este tiempo he pasado por las redacciones de varios medios recayendo finalmente en Hearst Espa\u00f1a (Telenovela, Qu\u00e9 me dices y Diez Minutos). Tambi\u00e9n tiene experiencia en diferentes radios. \u00a0<\/p>\n","protected":false},"excerpt":{"rendered":"Ha pasado un a\u00f1o desde el fallecimiento de Juli\u00e1n Mu\u00f1oz. Las dudas de su herencia y la boda&hellip;\n","protected":false},"author":2,"featured_media":141777,"comment_status":"","ping_status":"","sticky":false,"template":"","format":"standard","meta":{"footnotes":""},"categories":[91],"tags":[253,146,147,25,24,23],"class_list":{"0":"post-141776","1":"post","2":"type-post","3":"status-publish","4":"format-standard","5":"has-post-thumbnail","7":"category-entretenimiento","8":"tag-discover","9":"tag-entertainment","10":"tag-entretenimiento","11":"tag-es","12":"tag-espana","13":"tag-spain"},"share_on_mastodon":{"url":"","error":""},"_links":{"self":[{"href":"https:\/\/www.europesays.com\/es\/wp-json\/wp\/v2\/posts\/141776","targetHints":{"allow":["GET"]}}],"collection":[{"href":"https:\/\/www.europesays.com\/es\/wp-json\/wp\/v2\/posts"}],"about":[{"href":"https:\/\/www.europesays.com\/es\/wp-json\/wp\/v2\/types\/post"}],"author":[{"embeddable":true,"href":"https:\/\/www.europesays.com\/es\/wp-json\/wp\/v2\/users\/2"}],"replies":[{"embeddable":true,"href":"https:\/\/www.europesays.com\/es\/wp-json\/wp\/v2\/comments?post=141776"}],"version-history":[{"count":0,"href":"https:\/\/www.europesays.com\/es\/wp-json\/wp\/v2\/posts\/141776\/revisions"}],"wp:featuredmedia":[{"embeddable":true,"href":"https:\/\/www.europesays.com\/es\/wp-json\/wp\/v2\/media\/141777"}],"wp:attachment":[{"href":"https:\/\/www.europesays.com\/es\/wp-json\/wp\/v2\/media?parent=141776"}],"wp:term":[{"taxonomy":"category","embeddable":true,"href":"https:\/\/www.europesays.com\/es\/wp-json\/wp\/v2\/categories?post=141776"},{"taxonomy":"post_tag","embeddable":true,"href":"https:\/\/www.europesays.com\/es\/wp-json\/wp\/v2\/tags?post=141776"}],"curies":[{"name":"wp","href":"https:\/\/api.w.org\/{rel}","templated":true}]}}