{"id":141786,"date":"2025-09-27T07:23:12","date_gmt":"2025-09-27T07:23:12","guid":{"rendered":"https:\/\/www.europesays.com\/es\/141786\/"},"modified":"2025-09-27T07:23:12","modified_gmt":"2025-09-27T07:23:12","slug":"abierta-la-convocatoria-para-formar-parte-del-proyecto-argamasa-de-la-fabrica-de-creacion","status":"publish","type":"post","link":"https:\/\/www.europesays.com\/es\/141786\/","title":{"rendered":"Abierta la convocatoria para formar parte del proyecto ARGAMASA de la F\u00e1brica de Creaci\u00f3n"},"content":{"rendered":"<p>\t\t\t\t\t\tSesi\u00f3n Argamasa \t\t\t\t\t<\/p>\n<tr>\n<td>\n\t\t\t\t\t\t<img decoding=\"async\" src=\"https:\/\/www.europesays.com\/es\/wp-content\/uploads\/2025\/09\/sesion_de_argamasa_con_babirusa_danza.jpg\" alt=\"noticias\/imagen-asociada\/2025\/09\/sesion_de_argamasa_con_babirusa_danza.jpg\" class=\"col-xs-12 col-md-12 img-responsive img-left\"\/>\n\t\t\t\t\t<\/td>\n<\/tr>\n<p class=\"lead\">\n\t\t\t\tSe trata de un seminario gratuito de ocho semanas de acercamiento a las artes, en el que cada martes los participantes entablan un di\u00e1logo con un artista y los viernes visitan espacios culturales p\u00fablicos de la ciudad\t\t\t<\/p>\n<p style=\"text-align: justify;\">La F\u00e1brica de Creaci\u00f3n, espacio municipal del Ayuntamiento de Santander dise\u00f1ado para acoger y visibilizar a artistas que est\u00e9n desarrollando un proyecto de artes esc\u00e9nicas, pl\u00e1sticas o audiovisuales, abre la convocatoria para formar parte del proyecto de p\u00fablicos ARGAMASA.<\/p>\n<p style=\"text-align: justify;\">La concejala de Cultura, Noem\u00ed M\u00e9ndez, ha explicado que, tras el \u00e9xito de la primera edici\u00f3n, el 7 de octubre dar\u00e1 comienzo la segunda edici\u00f3n, que se extender\u00e1 hasta el 28 de noviembre.<\/p>\n<p style=\"text-align: justify;\">En este seminario de ocho semanas, los martes los participantes podr\u00e1n entablar un di\u00e1logo con un artista y experimentar su lenguaje creativo, y los viernes de la misma semana visitar\u00e1n un espacio cultural p\u00fablico de la ciudad acompa\u00f1ados por el responsable del mismo.<\/p>\n<p style=\"text-align: justify;\">La responsable municipal de Cultura ha detallado que el objetivo del programa es establecer puentes entre el sector de las artes, los espacios culturales de la ciudad y la ciudadan\u00eda, para fomentar la educaci\u00f3n art\u00edstica y el pensamiento cr\u00edtico para todos.<\/p>\n<p style=\"text-align: justify;\">\u201cLa F\u00e1brica ha surgido para apoyar la creaci\u00f3n de obras, pero tambi\u00e9n para generar conocimiento y pensamiento cr\u00edtico, para visibilizar procesos art\u00edsticos en danza, m\u00fasica, teatro, fotograf\u00eda, artes pl\u00e1sticas o audiovisuales y para contribuir a la cooperaci\u00f3n y colaboraci\u00f3n entre el sector cultura\u201d, ha a\u00f1adido.<\/p>\n<p style=\"text-align: justify;\">En esta segunda edici\u00f3n se contar\u00e1 con el equipo de profesionales del mundo de las artes: Blanca Tejerina, Paulino Garc\u00eda, Luc\u00eda Venero, Manuela Guti\u00e9rrez, Cristina Somavilla, Yolanda G. Sobrado, Cristina Samaniego, Alfredo Santos y Sandro Cordero.<\/p>\n<p style=\"text-align: justify;\">Los espacios a visitar ser\u00e1n la Nave Sotoliva, Escenario Santander, Naves de Gamazo, Palacio de Festivales, Centro de Arte Faro de Cabo Mayor, Teatro Casyc, Centro de Documentaci\u00f3n de la Imagen de Santander y Museo de Arte Moderno y Contempor\u00e1neo de Santander MAS.<\/p>\n<p style=\"text-align: justify;\">\u201cDesde la F\u00e1brica de Creaci\u00f3n queremos rellenar los huecos existentes entre las estructuras culturales, el tejido profesional y las personas que viven en Santander. Aportar la masilla necesaria para fortalecer el ecosistema cultural. Es una iniciativa para toda persona deseosa de saber m\u00e1s sobre las artes, los centros culturales y la creaci\u00f3n art\u00edstica es bienvenida\u201d, explica Marta Romero, coordinadora del programa y de la F\u00e1brica de Creaci\u00f3n.<\/p>\n<p style=\"text-align: justify;\">M\u00e1s informaci\u00f3n e inscripciones <a href=\"https:\/\/www.santander.es\/noticia\/mailto:info@fabricadecreacion.com\" rel=\"nofollow noopener\" target=\"_blank\">info@fabricadecreacion.com<\/a> y <a href=\"https:\/\/fabricadecreacion.com\/\" rel=\"nofollow noopener\" target=\"_blank\">https:\/\/fabricadecreacion.com\/<\/a><\/p>\n","protected":false},"excerpt":{"rendered":"Sesi\u00f3n Argamasa Se trata de un seminario gratuito de ocho semanas de acercamiento a las artes, en el&hellip;\n","protected":false},"author":2,"featured_media":141787,"comment_status":"","ping_status":"","sticky":false,"template":"","format":"standard","meta":{"footnotes":""},"categories":[5],"tags":[17,18,25,24,13,14,11,19,20,9,10,15,16,23,12,21,22],"class_list":{"0":"post-141786","1":"post","2":"type-post","3":"status-publish","4":"format-standard","5":"has-post-thumbnail","7":"category-titulares","8":"tag-breaking-news","9":"tag-breakingnews","10":"tag-es","11":"tag-espana","12":"tag-featured-news","13":"tag-featurednews","14":"tag-headlines","15":"tag-latest-news","16":"tag-latestnews","17":"tag-news","18":"tag-noticias","19":"tag-noticias-destacadas","20":"tag-noticiasdestacadas","21":"tag-spain","22":"tag-titulares","23":"tag-ultimas-noticias","24":"tag-ultimasnoticias"},"share_on_mastodon":{"url":"","error":""},"_links":{"self":[{"href":"https:\/\/www.europesays.com\/es\/wp-json\/wp\/v2\/posts\/141786","targetHints":{"allow":["GET"]}}],"collection":[{"href":"https:\/\/www.europesays.com\/es\/wp-json\/wp\/v2\/posts"}],"about":[{"href":"https:\/\/www.europesays.com\/es\/wp-json\/wp\/v2\/types\/post"}],"author":[{"embeddable":true,"href":"https:\/\/www.europesays.com\/es\/wp-json\/wp\/v2\/users\/2"}],"replies":[{"embeddable":true,"href":"https:\/\/www.europesays.com\/es\/wp-json\/wp\/v2\/comments?post=141786"}],"version-history":[{"count":0,"href":"https:\/\/www.europesays.com\/es\/wp-json\/wp\/v2\/posts\/141786\/revisions"}],"wp:featuredmedia":[{"embeddable":true,"href":"https:\/\/www.europesays.com\/es\/wp-json\/wp\/v2\/media\/141787"}],"wp:attachment":[{"href":"https:\/\/www.europesays.com\/es\/wp-json\/wp\/v2\/media?parent=141786"}],"wp:term":[{"taxonomy":"category","embeddable":true,"href":"https:\/\/www.europesays.com\/es\/wp-json\/wp\/v2\/categories?post=141786"},{"taxonomy":"post_tag","embeddable":true,"href":"https:\/\/www.europesays.com\/es\/wp-json\/wp\/v2\/tags?post=141786"}],"curies":[{"name":"wp","href":"https:\/\/api.w.org\/{rel}","templated":true}]}}