{"id":14179,"date":"2025-07-30T14:57:14","date_gmt":"2025-07-30T14:57:14","guid":{"rendered":"https:\/\/www.europesays.com\/es\/14179\/"},"modified":"2025-07-30T14:57:14","modified_gmt":"2025-07-30T14:57:14","slug":"reaparecen-contratados-atletas-cubanos-que-abandonaron-una-delegacion-en-noviembre-aqui-detalles","status":"publish","type":"post","link":"https:\/\/www.europesays.com\/es\/14179\/","title":{"rendered":"Reaparecen contratados atletas cubanos que abandonaron una delegaci\u00f3n en noviembre (aqu\u00ed detalles)"},"content":{"rendered":"<p><img fetchpriority=\"high\" decoding=\"async\" class=\"wp-image-41595\" src=\"https:\/\/www.europesays.com\/es\/wp-content\/uploads\/2025\/07\/Balonmanistas-cubanos-contratados-recientemente-en-Espana-Marca.jpg\" alt=\"\" width=\"680\" height=\"354\"  \/>Los cubanos fueron presentados en redes sociales por su nuevo club. Foto tomada de Marca.<\/p>\n<p>El mundo del balonmano internacional ha sido testigo de una historia que combina drama deportivo, complejidad burocr\u00e1tica y esperanza de futuro. <a href=\"https:\/\/cubalite.com\/aqui-los-atletas-cubanos-que-abandonaron-delegaciones-en-el-exterior-en-2024\/\" rel=\"nofollow noopener\" target=\"_blank\">Tres jugadores cubanos que abandonaron una delegaci\u00f3n en Francia<\/a>, durante los preparativos para el Mundial de Balonmano de 2025, han reaparecido oficialmente en Espa\u00f1a, donde iniciar\u00e1n una nueva etapa de sus carreras deportivas con el CB Pedro Alonso Ni\u00f1o de Moguer.<\/p>\n<p>Diosel Rond\u00f3n, Jorge Prent y Daril Gonz\u00e1lez, todos internacionales por Cuba, tomaron la decisi\u00f3n de separarse de su selecci\u00f3n en noviembre pasado, mientras el equipo se encontraba concentrado en territorio franc\u00e9s prepar\u00e1ndose para el Campeonato Mundial que se celebrar\u00eda conjuntamente en Croacia, Dinamarca y Noruega entre el 14 de enero y el 2 de febrero de 2025. Esta decisi\u00f3n marc\u00f3 el inicio de una odisea personal y burocr\u00e1tica que finalmente ha encontrado su resoluci\u00f3n en tierras andaluzas.<\/p>\n<p>Seg\u00fan report\u00f3 la agencia espa\u00f1ola EFE, el club onubense anunci\u00f3 oficialmente el fichaje de los tres balonmanistas cubanos, quienes se hab\u00edan establecido en Moguer, en la provincia de Huelva, tras su salida del suelo franc\u00e9s. Sin embargo, el camino hacia su incorporaci\u00f3n oficial no fue sencillo, ya que no pudieron ser inscritos hasta ahora debido a las complejidades administrativas que rodearon su situaci\u00f3n.<\/p>\n<p>Los tres jugadores formar\u00e1n parte de la plantilla del CB Pedro Alonso Ni\u00f1o de Moguer para la pr\u00f3xima temporada, compitiendo en el grupo F de la Primera Nacional, que representa la tercera divisi\u00f3n del balonmano espa\u00f1ol. Esta oportunidad les permitir\u00e1 continuar desarrollando sus carreras deportivas en un entorno competitivo y profesional.<\/p>\n<p>El club expres\u00f3 a trav\u00e9s de sus redes sociales la satisfacci\u00f3n por este desenlace, celebrando \u00abcon enorme satisfacci\u00f3n que estos tres jugadores puedan seguir desarrollando su carrera deportiva y practicando el deporte que aman\u00bb.<\/p>\n<p>La resoluci\u00f3n de este caso ha requerido un trabajo conjunto y coordinado entre m\u00faltiples instituciones deportivas. El club onubense expres\u00f3 p\u00fablicamente su \u00abprofunda gratitud\u00bb hacia las entidades que hicieron posible este feliz desenlace \u00abtras muchos meses de gestiones y trabajo conjunto\u00bb.<\/p>\n<p>Entre las instituciones que participaron en las gestiones se encuentran la Federaci\u00f3n Internacional de Balonmano (IHF), la Federaci\u00f3n Espa\u00f1ola de Balonmano (RFEBM) y la Federaci\u00f3n Cubana de Balonmano, todas reconocidas por su \u00abcolaboraci\u00f3n, disposici\u00f3n y sensibilidad ante una situaci\u00f3n compleja que ha requerido coordinaci\u00f3n, compromiso y voluntad de entendimiento por todas las partes\u00bb.<\/p>\n<p>Los tres protagonistas de esta historia aportan diferentes caracter\u00edsticas t\u00e9cnicas al equipo. Diosel Rond\u00f3n Arceo, nacido en Bayamo en 2002, se desempe\u00f1a como pivote, posici\u00f3n que tambi\u00e9n ocupa Jorge F\u00e9lix Prent, natural de Matanzas y nacido en 2000. Por su parte, Daril Lois Gonz\u00e1lez Pedro, oriundo de Artemisa y nacido en 2001, juega en la primera l\u00ednea, completando as\u00ed un tr\u00edo que aporta versatilidad t\u00e1ctica al conjunto andaluz.<\/p>\n<p>La edad de los tres jugadores, todos entre los 22 y 25 a\u00f1os, representa una ventaja significativa tanto para su adaptaci\u00f3n al nuevo entorno como para su proyecci\u00f3n futura en el balonmano espa\u00f1ol. Su experiencia internacional con la selecci\u00f3n cubana les proporciona un bagaje competitivo valioso, que beneficiar\u00e1 tanto su desarrollo individual como el rendimiento colectivo del equipo.<\/p>\n<p>\ud83d\udc49Si quieres recibir nuestros art\u00edculos de deportes y otros contenidos sobre ese \u00e1mbito en tu WhatsApp, \u00fanete a este grupo:<br \/>\ud83d\udc49(<a href=\"https:\/\/chat.whatsapp.com\/E6brpr8iSIhBHjyFQDQUgD\" rel=\"nofollow noopener\" target=\"_blank\">Pincha aqu\u00ed para unirte<\/a>)<\/p>\n<p><a href=\"https:\/\/t.me\/CubaLite\" rel=\"nofollow\"><img loading=\"lazy\" decoding=\"async\" class=\"aligncenter size-full wp-image-25246\" src=\"https:\/\/www.europesays.com\/es\/wp-content\/uploads\/2025\/07\/telegram.png\" alt=\"\" width=\"950\" height=\"250\"  \/><\/a><\/p>\n<p>Anuncios<\/p>\n<p><a href=\"https:\/\/bit.ly\/4hARPps\" aria-label=\"BANNER TOMATE 2-2\" rel=\"nofollow noopener\" target=\"_blank\"><img decoding=\"async\" loading=\"lazy\" src=\"https:\/\/www.europesays.com\/es\/wp-content\/uploads\/2025\/07\/BANNER-TOMATE-2-2.png\" alt=\"\"   width=\"1200\" height=\"350\"\/><\/a><\/p>\n<p>Anuncios<\/p>\n<p><a href=\"https:\/\/bit.ly\/49q0Rl5\" aria-label=\"baner aceites1\" rel=\"nofollow noopener\" target=\"_blank\"><img decoding=\"async\" loading=\"lazy\" src=\"https:\/\/www.europesays.com\/es\/wp-content\/uploads\/2025\/07\/baner-aceites1.jpeg\" alt=\"\"   width=\"1200\" height=\"350\"\/><\/a><\/p>\n<p>Anuncios<\/p>\n<p><a href=\"https:\/\/bit.ly\/49q0Rl5\" aria-label=\"baner aceites1\" rel=\"nofollow noopener\" target=\"_blank\"><img decoding=\"async\" loading=\"lazy\" src=\"https:\/\/www.europesays.com\/es\/wp-content\/uploads\/2025\/07\/baner-aceites1.jpeg\" alt=\"\"   width=\"1200\" height=\"350\"\/><\/a><\/p>\n","protected":false},"excerpt":{"rendered":"Los cubanos fueron presentados en redes sociales por su nuevo club. Foto tomada de Marca. El mundo del&hellip;\n","protected":false},"author":2,"featured_media":14180,"comment_status":"","ping_status":"","sticky":false,"template":"","format":"standard","meta":{"footnotes":""},"categories":[278],"tags":[376,1164,168,25,24,375,23,167],"class_list":{"0":"post-14179","1":"post","2":"type-post","3":"status-publish","4":"format-standard","5":"has-post-thumbnail","7":"category-balonmano","8":"tag-balonmano","9":"tag-cuba","10":"tag-deportes","11":"tag-es","12":"tag-espana","13":"tag-handball","14":"tag-spain","15":"tag-sports"},"share_on_mastodon":{"url":"","error":""},"_links":{"self":[{"href":"https:\/\/www.europesays.com\/es\/wp-json\/wp\/v2\/posts\/14179","targetHints":{"allow":["GET"]}}],"collection":[{"href":"https:\/\/www.europesays.com\/es\/wp-json\/wp\/v2\/posts"}],"about":[{"href":"https:\/\/www.europesays.com\/es\/wp-json\/wp\/v2\/types\/post"}],"author":[{"embeddable":true,"href":"https:\/\/www.europesays.com\/es\/wp-json\/wp\/v2\/users\/2"}],"replies":[{"embeddable":true,"href":"https:\/\/www.europesays.com\/es\/wp-json\/wp\/v2\/comments?post=14179"}],"version-history":[{"count":0,"href":"https:\/\/www.europesays.com\/es\/wp-json\/wp\/v2\/posts\/14179\/revisions"}],"wp:featuredmedia":[{"embeddable":true,"href":"https:\/\/www.europesays.com\/es\/wp-json\/wp\/v2\/media\/14180"}],"wp:attachment":[{"href":"https:\/\/www.europesays.com\/es\/wp-json\/wp\/v2\/media?parent=14179"}],"wp:term":[{"taxonomy":"category","embeddable":true,"href":"https:\/\/www.europesays.com\/es\/wp-json\/wp\/v2\/categories?post=14179"},{"taxonomy":"post_tag","embeddable":true,"href":"https:\/\/www.europesays.com\/es\/wp-json\/wp\/v2\/tags?post=14179"}],"curies":[{"name":"wp","href":"https:\/\/api.w.org\/{rel}","templated":true}]}}