{"id":141790,"date":"2025-09-27T07:27:08","date_gmt":"2025-09-27T07:27:08","guid":{"rendered":"https:\/\/www.europesays.com\/es\/141790\/"},"modified":"2025-09-27T07:27:08","modified_gmt":"2025-09-27T07:27:08","slug":"luke-donald-el-elogio-de-donald-trump-y-el-liderazgo-silencioso-de-jon-rahm","status":"publish","type":"post","link":"https:\/\/www.europesays.com\/es\/141790\/","title":{"rendered":"Luke Donald, el elogio de Donald Trump y el liderazgo silencioso de Jon Rahm"},"content":{"rendered":"<p>&#13;<br \/>\n        &#13;<br \/>\n&#13;<br \/>\n        &#13;<\/p>\n<p>            <a href=\"https:\/\/ten-golf.com\/wp-content\/uploads\/2025\/09\/donaltrumpryder25.jpg\" data-caption=\"Donald Trump interactu\u00f3 con el p\u00fablico de la grada del hoyo 1 durante su visita a la Ryder Cup. (Photo by Scott Taetsch\/PGA of America)\" rel=\"nofollow noopener\" target=\"_blank\"><img decoding=\"async\" loading=\"lazy\" width=\"666\" height=\"444\" class=\"entry-thumb td-modal-image\" src=\"https:\/\/www.europesays.com\/es\/wp-content\/uploads\/2025\/09\/donaltrumpryder25-666x444.jpg\"   alt=\"Donald Trump interactu\u00f3 con el p\u00fablico de la grada del hoyo 1 durante su visita a la Ryder Cup.\" title=\"Donald Trump interactu\u00f3 con el p\u00fablico de la grada del hoyo 1 durante su visita a la Ryder Cup.\"\/><\/a>Donald Trump interactu\u00f3 con el p\u00fablico de la grada del hoyo 1 durante su visita a la Ryder Cup. (Photo by Scott Taetsch\/PGA of America)<\/p>\n<p>            De Donald a Donald y tiro porque me toca. Del l\u00edder del gobierno de los Estados Unidos al l\u00edder de esta Ryder Cup. De Trump a Luke. El presidente americano, que apareci\u00f3 por Bethpage el viernes para el inicio de la sesi\u00f3n de tarde de los fourballs, fue todo lo protagonis<\/p>\n<p>Para seguir leyendo, Suscr\u00edbete<\/p>\n<p>    Subscription OptionsMENSUAL<\/p>\n<p>Unlimited  Entradas<\/p>\n<p>Unlimited  Galer\u00edas<\/p>\n<p>Unlimited  \u00c1lbumes<\/p>\n<p>Unlimited  P\u00e1ginas<\/p>\n<p>ANUAL + LIBRO<\/p>\n<p>Unlimited  Entradas<\/p>\n<p>Unlimited  Galer\u00edas<\/p>\n<p>Unlimited  \u00c1lbumes<\/p>\n<p>Unlimited  P\u00e1ginas<\/p>\n<p>ANUAL<\/p>\n<p>Unlimited  Entradas<\/p>\n<p>Unlimited  Galer\u00edas<\/p>\n<p>Unlimited  \u00c1lbumes<\/p>\n<p>Unlimited  P\u00e1ginas<\/p>\n<p>    Recibe 30 mulligans para gastar en <a href=\"https:\/\/thegame.ten-golf.com\" target=\"_blank\" rel=\"nofollow noopener\">TheGame<\/a> junto a tu suscripci\u00f3n anual (al final de la temporada se quitar\u00e1n los mulligans no gastados)<\/p>\n<p>    Pincha <a href=\"https:\/\/ten-golf.com\/tengolf-pone-en-marcha-el-muro-de-pago-y-crea-el-club-tengolf\" target=\"_blank\" rel=\"nofollow noopener\">aqu\u00ed<\/a> para saber m\u00e1s sobre las distintas suscripciones<\/p>\n<p>        &#13;<br \/>\n&#13;<br \/>\n        &#13;<br \/>\n            &#13;<br \/>\n            &#13;<br \/>\n&#13;<\/p>\n<p class=\"join-telegram\"><img decoding=\"async\" class=\"loading\" src=\"https:\/\/www.europesays.com\/es\/wp-content\/uploads\/2025\/09\/1758237011_579_telegram-icon.png\" alt=\"\"\/> S\u00edguenos tambi\u00e9n en <a href=\"https:\/\/telegram.org\/\" target=\"_blank\" style=\"font-weight: normal;\" rel=\"nofollow noopener\">Telegram<\/a> en el canal <a href=\"https:\/\/t.me\/tengolf\" target=\"_blank\" rel=\"nofollow\">@tengolf<\/a><\/p>\n<p>        &#13;<br \/>\n        <a class=\"will-load\" name=\"end-article\" data-id=\"post-209826\"\/>&#13;<\/p>\n","protected":false},"excerpt":{"rendered":"&#13; &#13; &#13; &#13; Donald Trump interactu\u00f3 con el p\u00fablico de la grada del hoyo 1 durante su&hellip;\n","protected":false},"author":2,"featured_media":141791,"comment_status":"","ping_status":"","sticky":false,"template":"","format":"standard","meta":{"footnotes":""},"categories":[275],"tags":[27917,168,25,24,329,392,336,339,340,1909,1910,2624,23,167],"class_list":{"0":"post-141790","1":"post","2":"type-post","3":"status-publish","4":"format-standard","5":"has-post-thumbnail","7":"category-golf","8":"tag-bethpage","9":"tag-deportes","10":"tag-es","11":"tag-espana","12":"tag-golf","13":"tag-luke-donald","14":"tag-notificacion","15":"tag-portada-america","16":"tag-portada-global","17":"tag-portada-top","18":"tag-portada-top-america","19":"tag-ryder-cup","20":"tag-spain","21":"tag-sports"},"share_on_mastodon":{"url":"","error":""},"_links":{"self":[{"href":"https:\/\/www.europesays.com\/es\/wp-json\/wp\/v2\/posts\/141790","targetHints":{"allow":["GET"]}}],"collection":[{"href":"https:\/\/www.europesays.com\/es\/wp-json\/wp\/v2\/posts"}],"about":[{"href":"https:\/\/www.europesays.com\/es\/wp-json\/wp\/v2\/types\/post"}],"author":[{"embeddable":true,"href":"https:\/\/www.europesays.com\/es\/wp-json\/wp\/v2\/users\/2"}],"replies":[{"embeddable":true,"href":"https:\/\/www.europesays.com\/es\/wp-json\/wp\/v2\/comments?post=141790"}],"version-history":[{"count":0,"href":"https:\/\/www.europesays.com\/es\/wp-json\/wp\/v2\/posts\/141790\/revisions"}],"wp:featuredmedia":[{"embeddable":true,"href":"https:\/\/www.europesays.com\/es\/wp-json\/wp\/v2\/media\/141791"}],"wp:attachment":[{"href":"https:\/\/www.europesays.com\/es\/wp-json\/wp\/v2\/media?parent=141790"}],"wp:term":[{"taxonomy":"category","embeddable":true,"href":"https:\/\/www.europesays.com\/es\/wp-json\/wp\/v2\/categories?post=141790"},{"taxonomy":"post_tag","embeddable":true,"href":"https:\/\/www.europesays.com\/es\/wp-json\/wp\/v2\/tags?post=141790"}],"curies":[{"name":"wp","href":"https:\/\/api.w.org\/{rel}","templated":true}]}}