{"id":141799,"date":"2025-09-27T07:33:09","date_gmt":"2025-09-27T07:33:09","guid":{"rendered":"https:\/\/www.europesays.com\/es\/141799\/"},"modified":"2025-09-27T07:33:09","modified_gmt":"2025-09-27T07:33:09","slug":"el-nuevo-golpe-de-alejandra-rubio-a-mar-flores-tras-la-publicacion-de-sus-memorias","status":"publish","type":"post","link":"https:\/\/www.europesays.com\/es\/141799\/","title":{"rendered":"El nuevo golpe de Alejandra Rubio a Mar Flores tras la publicaci\u00f3n de sus memorias"},"content":{"rendered":"<p data-journey-content=\"true\" data-node-id=\"3\" class=\"css-6wxqfj emevuu60\">Todos los protagonistas se empe\u00f1an en resaltar que la relaci\u00f3n entre ellos es cordial, pero no dejan de haber gestos por parte de<strong data-node-id=\"3.1\"> <a href=\"https:\/\/www.diezminutos.es\/alejandra-rubio\/\" target=\"_blank\" data-vars-ga-outbound-link=\"https:\/\/www.diezminutos.es\/alejandra-rubio\/\" data-vars-ga-ux-element=\"Hyperlink\" data-vars-ga-call-to-action=\"Alejandra Rubio \" data-node-id=\"3.1.1\" class=\"body-link css-177bzfx emevuu60\" rel=\"nofollow noopener\">Alejandra Rubio <\/a>y Carlo Costanzia que podr\u00edan molestar a Mar Flores.<\/strong> Todo comenz\u00f3 con la publicaci\u00f3n de las memorias de la modelo, donde la t\u00eda de Laura Matamoros contaba los episodios m\u00e1s duros de su vida y en la que<strong data-node-id=\"3.3\"> su hijo mayor se convert\u00eda en protagonista involuntario de las mismas<\/strong>. Dos semanas despu\u00e9s de su publicaci\u00f3n, Mar Flores presentaba su libro de memorias, &#8216;<strong data-node-id=\"3.5\"><a href=\"https:\/\/www.diezminutos.es\/famosos-corazon\/famosos-espanoles\/a68045605\/mar-flores-presentacion-libro-posado-terelu-campos-carlos-costanzia-padre\/\" target=\"_blank\" data-vars-ga-outbound-link=\"https:\/\/www.diezminutos.es\/famosos-corazon\/famosos-espanoles\/a68045605\/mar-flores-presentacion-libro-posado-terelu-campos-carlos-costanzia-padre\/\" data-vars-ga-ux-element=\"Hyperlink\" data-vars-ga-call-to-action=\"Mar en calma&#039;, en Madrid sin el apoyo de su hijo mayor, Carlo Costanzia. \" data-node-id=\"3.5.0\" class=\"body-link css-177bzfx emevuu60\" rel=\"nofollow noopener\">Mar en calma&#8217;, en Madrid sin el apoyo de su hijo mayor, Carlo Costanzia. <\/a><\/strong><\/p>\n<p data-journey-content=\"true\" data-node-id=\"6\" class=\"css-6wxqfj emevuu60\"><strong data-node-id=\"6.0\">Una sonada ausencia que ha generado un gran revuelo<\/strong> a pesar de las palabras de la propia protagonista, que justificaba la ausencia de su hijo por asuntos laborales. \u00abVengan o no vengan, o si est\u00e1n trabajando,<strong data-node-id=\"6.2\"> lo importante es que me arropan y eso es bonito.<\/strong> Sobre todo, no necesitamos una foto para justificar que nos queremos\u00bb, contestaba la modelo intentando suavizar la relaci\u00f3n con su hijo.<\/p>\n<p data-journey-content=\"true\" data-node-id=\"8\" class=\"css-6wxqfj emevuu60\">Algo que contrastaba con la presencia del joven en el cumplea\u00f1os de<a href=\"https:\/\/www.diezminutos.es\/terelu-campos\/\" target=\"_blank\" data-vars-ga-outbound-link=\"https:\/\/www.diezminutos.es\/terelu-campos\/\" data-vars-ga-ux-element=\"Hyperlink\" data-vars-ga-call-to-action=\" Terelu Campos\" data-node-id=\"8.1\" class=\"body-link css-177bzfx emevuu60\" rel=\"nofollow noopener\"> Terelu Campos<\/a>, tan solo unos d\u00edas antes. A la misma hora, pero en otro lugar, en ese photocall posaban juntos y sonriente<a href=\"https:\/\/www.diezminutos.es\/famosos-corazon\/famosos-espanoles\/a66512315\/mar-flores-ausente-fiesta-cumpleanos-terelu-campos\/\" target=\"_blank\" data-vars-ga-outbound-link=\"https:\/\/www.diezminutos.es\/famosos-corazon\/famosos-espanoles\/a66512315\/mar-flores-ausente-fiesta-cumpleanos-terelu-campos\/\" data-vars-ga-ux-element=\"Hyperlink\" data-vars-ga-call-to-action=\"s Alejandra Rubio y Carlo Costanzia junto a la cumplea\u00f1era y Carlo Costanzia padre,\" data-node-id=\"8.3\" class=\"body-link css-177bzfx emevuu60\" rel=\"nofollow noopener\">s <strong data-node-id=\"8.3.1\">Alejandra Rubio y Carlo Costanzia junto a la cumplea\u00f1era y Carlo Costanzia padre<\/strong>,<\/a> persona con la que la modelo no tiene una buena relaci\u00f3n, tal y como ha relatado en su libro. Y que todo el mundo ve\u00eda como un claro posicionamiento de las Campos y del novio de Alejandra Rubio con el italiano.  <\/p>\n<p><img draggable=\"true\" alt=\"terelu campos celebra su 60 cumpleanos con carlo costanzia, alejandra rubio y carlo costanzia padre\" title=\"terelu campos celebra su 60 cumpleanos con carlo costanzia, alejandra rubio y carlo costanzia padre\" loading=\"lazy\" width=\"5335\" height=\"3443\" decoding=\"async\" data-nimg=\"1\" style=\"color:transparent;width:100%;height:auto;\"   src=\"https:\/\/www.europesays.com\/es\/wp-content\/uploads\/2025\/09\/terelu-campos-hija-alejandra-rubio-yerno-carlo-costanzia-padre-carlo-68cb240dd41bc.jpg\" class=\"css-0 e1g79fud0\"\/><\/p>\n<p>Francisco Guerra \/ Europa Press<\/p>\n<p>El \u00faltimo golpe de Alejandra Rubio a Mar Flores<\/p>\n<p data-journey-content=\"true\" data-node-id=\"14\" class=\"css-6wxqfj emevuu60\">Y como si la ausencia de Carlo en la presentaci\u00f3n de las memorias de su madre y su posado familiar con las Campos y su padre no fuera suficiente, ahora <strong data-node-id=\"14.1\">Alejandra Rubio tiene un gesto que se podr\u00eda interpretar como nuevo golpe de Mar Flores.<\/strong> La hija de Terelu Campos ha publicado un v\u00eddeo en el que da tips a madres primerizas sobre algunas herramientas que le han servido para los primeros meses de vida de su hijo, que el pr\u00f3ximo 6 de diciembre celebra su primer a\u00f1ito de vida. <\/p>\n<p data-journey-content=\"true\" data-node-id=\"17\" class=\"css-6wxqfj emevuu60\">Sin embargo, adem\u00e1s de los consejos hay algo que ha llamado poderosamente la atenci\u00f3n de sus seguidores. <strong data-node-id=\"17.1\">Una fotograf\u00eda de un padre y un hijo.<\/strong> Al principios sus seguidores pensaba que a Alejandra se le hab\u00eda escapado y hab\u00eda mostrado, sin querer, la carita de su beb\u00e9. Algo que se ha visto obligada a aclarar a trav\u00e9s de sus stories.  \u00abPara la tranquilidad de todo el mundo, que os est\u00e1is volviendo locos escribi\u00e9ndome: este enano no es mi hijo, e<strong data-node-id=\"17.3\">s Carlo de peque\u00f1o, as\u00ed que no os preocup\u00e9is porque a m\u00ed esas cosas no se me pasan\u00bb<\/strong>, ha comentado la nieta de Mar\u00eda Teresa Campos entre risas, revelando as\u00ed que <strong data-node-id=\"17.5\">antes de grabar el v\u00eddeo comprob\u00f3 que no se ve\u00eda nada que ella no quer\u00eda que se viese acerca de su hogar.<\/strong>  Para que no quedasen dudas, ha enfocado la foto m\u00e1s de cerca y se aprecia que se trata de un posado de Carlo Costanzia padre abrazando y besando a su primog\u00e9nito cuando era un beb\u00e9. <\/p>\n<p data-journey-content=\"true\" data-node-id=\"19\" class=\"css-6wxqfj emevuu60\">Un claro gesto que se podr\u00eda interpretar como un nuevo desplante por parte de Alejandra Rubio y Carlo Costanzia hacia Mar Flores. <\/p>\n<p><img src=\"https:\/\/www.europesays.com\/es\/wp-content\/uploads\/2025\/09\/1758958389_855_4104b2dc-9d92-4a2f-a41f-327dc6377620_1734436473.jpg\" alt=\"Headshot of Valentina Vera\" title=\"Headshot of Valentina Vera\" width=\"100%\" height=\"100%\" decoding=\"async\" loading=\"lazy\" class=\"css-o0wq4v ev8dhu53\"\/><\/p>\n<p>Valentina Vera es una periodista experta en cr\u00f3nica rosa, realidad, &#8216;reality&#8217;, moda y belleza. Siempre al d\u00eda de las \u00faltimas novedades de los famosos nacionales e internacionales y de las casas reales europeas. Su trabajo como redactora le permite ser testigo de las bodas de los personajes m\u00e1s relevantes del panorama social; de alfombras rojas; de funerales de Estado o de acontecimientos hist\u00f3ricos: como la proclamaci\u00f3n de Felipe VI como Rey o la coronaci\u00f3n de Carlos III de Inglaterra.<br \/>\nLicenciada en Periodismo por la Universidad Complutense de Madrid. Comenz\u00f3 su andadura en el mundo del coraz\u00f3n en el a\u00f1o 2013 en la revista \u00a1Hola! Y desde 2014 forma parte del grupo Hearst, donde ha ido adquiriendo experiencia tanto en la edici\u00f3n impresa como en el formato web de la revista Diez Minutos.<br \/>\nEl medio digital le apasiona por la inmediatez en la que sus lectores pueden ser testigos de lo que sucede en la vida de los famosos desde cualquier parte del mundo. Instagram, Twitter y TikTok se han convertido en una herramienta m\u00e1s de informaci\u00f3n a la hora de crear, gestionar y organizar el contenido, ya que le permiten conocer la \u00faltima hora de lo que sucede en la vida de los famosos.<br \/>\nEn constante formaci\u00f3n de estrategias y t\u00e9cnicas de optimizaci\u00f3n digital para su trabajo como redactora, en la actualidad tambi\u00e9n se encuentra estudiando Diet\u00e9tica. Llevar un estilo de vida saludable es algo que le apasiona y cree que la nutrici\u00f3n es una parte fundamental.<\/p>\n","protected":false},"excerpt":{"rendered":"Todos los protagonistas se empe\u00f1an en resaltar que la relaci\u00f3n entre ellos es cordial, pero no dejan de&hellip;\n","protected":false},"author":2,"featured_media":141800,"comment_status":"","ping_status":"","sticky":false,"template":"","format":"standard","meta":{"footnotes":""},"categories":[174],"tags":[255,253,146,147,25,24,256,23],"class_list":{"0":"post-141799","1":"post","2":"type-post","3":"status-publish","4":"format-standard","5":"has-post-thumbnail","7":"category-famosos","8":"tag-celebrities","9":"tag-discover","10":"tag-entertainment","11":"tag-entretenimiento","12":"tag-es","13":"tag-espana","14":"tag-famosos","15":"tag-spain"},"share_on_mastodon":{"url":"","error":""},"_links":{"self":[{"href":"https:\/\/www.europesays.com\/es\/wp-json\/wp\/v2\/posts\/141799","targetHints":{"allow":["GET"]}}],"collection":[{"href":"https:\/\/www.europesays.com\/es\/wp-json\/wp\/v2\/posts"}],"about":[{"href":"https:\/\/www.europesays.com\/es\/wp-json\/wp\/v2\/types\/post"}],"author":[{"embeddable":true,"href":"https:\/\/www.europesays.com\/es\/wp-json\/wp\/v2\/users\/2"}],"replies":[{"embeddable":true,"href":"https:\/\/www.europesays.com\/es\/wp-json\/wp\/v2\/comments?post=141799"}],"version-history":[{"count":0,"href":"https:\/\/www.europesays.com\/es\/wp-json\/wp\/v2\/posts\/141799\/revisions"}],"wp:featuredmedia":[{"embeddable":true,"href":"https:\/\/www.europesays.com\/es\/wp-json\/wp\/v2\/media\/141800"}],"wp:attachment":[{"href":"https:\/\/www.europesays.com\/es\/wp-json\/wp\/v2\/media?parent=141799"}],"wp:term":[{"taxonomy":"category","embeddable":true,"href":"https:\/\/www.europesays.com\/es\/wp-json\/wp\/v2\/categories?post=141799"},{"taxonomy":"post_tag","embeddable":true,"href":"https:\/\/www.europesays.com\/es\/wp-json\/wp\/v2\/tags?post=141799"}],"curies":[{"name":"wp","href":"https:\/\/api.w.org\/{rel}","templated":true}]}}