{"id":141813,"date":"2025-09-27T07:44:06","date_gmt":"2025-09-27T07:44:06","guid":{"rendered":"https:\/\/www.europesays.com\/es\/141813\/"},"modified":"2025-09-27T07:44:06","modified_gmt":"2025-09-27T07:44:06","slug":"muere-assara-shakur-exintegrante-de-las-panteras-negras-a-los-78-anos","status":"publish","type":"post","link":"https:\/\/www.europesays.com\/es\/141813\/","title":{"rendered":"Muere Assara Shakur, exintegrante de las Panteras Negras, a los 78 a\u00f1os"},"content":{"rendered":"<p>Joanne Deborah Byron, conocida como <strong>Assata Shakur, exmiembro de las Panteras Negras<\/strong>, ha muerto este viernes en La Habana a los 78 a\u00f1os. La Canciller\u00eda cubana ha informado en una escueta nota de prensa que el fallecimiento de la estadounidense ha sido \u00abcomo consecuencia de <strong>padecimientos de salud y su avanzada edad<\/strong>\u00ab.<\/p>\n<p>La activista fue <strong>condenada a cadena perpetua en 1977 por matar a un polic\u00eda<\/strong> en EE.UU. Logr\u00f3 escapar de la c\u00e1rcel y se refugi\u00f3 en la Cuba de Fidel Castro durante 40 a\u00f1os.<\/p>\n<p>Figura clave en los movimientos de liberaci\u00f3n afroamericanos <\/p>\n<p>Assata Shakur, nacida el 16 de julio de 1947, fue una <strong>figura central en la historia de los movimientos de liberaci\u00f3n afroamericanos<\/strong> del siglo XX en Estados Unidos. <strong>Fue miembro de las Panteras Negras, <\/strong>partido fundado en 1966 perteneciente al movimiento pol\u00edtico \u00abBlack Power\u00bb, que buscaba defender los derechos de las personas negras en Estados Unidos en una \u00e9poca en la que el racismo lo cubr\u00eda todo. <\/p>\n<p>Figuras como <strong>Angela Davis o Afeni Shakur<\/strong> (madre del conocido rapero Tupac Shakur, asesinado en 1996) tambi\u00e9n militaban en las Panteras Negras, calificado por Washington como \u00abla mayor amenaza interna\u00bb. Assata, madrina de Tupac, se uni\u00f3 en 1970 al Ej\u00e9rcito de Liberaci\u00f3n Negro (BLA, por sus siglas en ingl\u00e9s), cuyo principal objetivo era luchar por la \u00abindependencia y autodeterminaci\u00f3n\u00bb de los afroamericanos en Estados Unidos. El pa\u00eds calific\u00f3 al BLA de \u00abgrupo terrorista radical de izquierdas\u00bb. <\/p>\n<p>El 2 de mayo de 1973 fue arrestada por la <strong>muerte de Werner Foerster, un polic\u00eda estatal de Nueva Jersey. <\/strong>Foerster y su colega, James Harper, detuvieron el veh\u00edculo en el que viajaba Shakur junto a sus compa\u00f1eros Zayd Shakur y Sundiata Acoli por tener una luz trasera rota. <\/p>\n<p>Los archivos policiales aseguran que Assata fue quien abri\u00f3 fuego, matando a Foerster e hiriendo a Harper, pero tanto forenses como m\u00e9dicos aseguraron que no podr\u00eda haber sido as\u00ed por las pruebas encontradas. Shakur, que <strong>siempre mantuvo su inocencia<\/strong>, fue acusada de m\u00faltiples delitos, entre ellos el asesinato del agente y el de su compa\u00f1ero Zayd, que tambi\u00e9n muri\u00f3 durante el tiroteo que se produjo entre las Panteras Negras y los polic\u00edas. Un jurado compuesto exclusivamente por blancos tambi\u00e9n la encontr\u00f3 culpable de asesinato.<\/p>\n<p>Tras un controvertido juicio, Shakur fue declarada culpable y <strong>sentenciada a cadena perpetua en 1977<\/strong>. Sin embargo, dos a\u00f1os despu\u00e9s, la activista racial logr\u00f3 escapar de la prisi\u00f3n de m\u00e1xima seguridad de Hunterdon County y estuvo como fugitiva en el pa\u00eds hasta 1984, cuando <strong>se refugi\u00f3 en Cuba.<\/strong><\/p>\n<p>Refugiada en Cuba y una de las \u00abterroristas m\u00e1s buscadas\u00bb en EE.UU.<\/p>\n<p>Assata Shakur se convirti\u00f3 en <strong>un elemento m\u00e1s de fricci\u00f3n entre Cuba y Estados Unidos<\/strong>, en los a\u00f1os en los que la Guerra Fr\u00eda estaba en pleno apogeo. Washington hab\u00eda reclamado a Cuba su extradici\u00f3n, pero La Habana desoy\u00f3 sus peticiones y<strong> le concedi\u00f3 asilo pol\u00edtico<\/strong>. <\/p>\n<p>En 2005, la activista pas\u00f3 a formar parte de la lista de <strong>terroristas m\u00e1s buscados del FBI: <\/strong>la agencia lleg\u00f3 a ofrecer una recompensa de hasta dos millones de d\u00f3lares por su captura.<\/p>\n<p>El Gobierno cubano no contempl\u00f3 la devoluci\u00f3n de Shakur ni siquiera durante el deshielo entre Washington y La Habana anunciado en 2014 (bajo la presidencia de <a href=\"https:\/\/www.rtve.es\/noticias\/20150414\/obama-decide-retirar-a-cuba-lista-estados-patrocinadores-del-terrorismo\/1129900.shtml\" target=\"_blank\" rel=\"nofollow noopener\">Barak Obama<\/a>), cuando la cuesti\u00f3n volvi\u00f3 a resurgir. <\/p>\n<p>El secretario de Estado de Estados Unidos, Marco Rubio, asegur\u00f3 hace unos meses <a href=\"https:\/\/x.com\/SecRubio\/status\/1918796902956404895\" target=\"_blank\" rel=\"nofollow\">en su cuenta de X<\/a> que<strong> La Habana daba refugio a terroristas y delincuentes<\/strong>, incluidos pr\u00f3fugos de Estados Unidos, un comentario que se entendi\u00f3 como una referencia, entre otras personas, a Shakur.<\/p>\n<p>Assata vivi\u00f3 sus \u00faltimas cuatro d\u00e9cadas en La Habana, bajo la protecci\u00f3n del Gobierno cubano y huyendo del foco p\u00fablico. Nunca concedi\u00f3 entrevistas; solo rompi\u00f3 su silencio en 1988, cuando public\u00f3 el libro Assata: una autobiograf\u00eda.<\/p>\n","protected":false},"excerpt":{"rendered":"Joanne Deborah Byron, conocida como Assata Shakur, exmiembro de las Panteras Negras, ha muerto este viernes en La&hellip;\n","protected":false},"author":2,"featured_media":141814,"comment_status":"","ping_status":"","sticky":false,"template":"","format":"standard","meta":{"footnotes":""},"categories":[42],"tags":[17,18,13,14,11,61,62,63,64,19,20,9,10,15,16,12,21,22,65,66,67],"class_list":{"0":"post-141813","1":"post","2":"type-post","3":"status-publish","4":"format-standard","5":"has-post-thumbnail","7":"category-internacional","8":"tag-breaking-news","9":"tag-breakingnews","10":"tag-featured-news","11":"tag-featurednews","12":"tag-headlines","13":"tag-internacional","14":"tag-international","15":"tag-international-news","16":"tag-internationalnews","17":"tag-latest-news","18":"tag-latestnews","19":"tag-news","20":"tag-noticias","21":"tag-noticias-destacadas","22":"tag-noticiasdestacadas","23":"tag-titulares","24":"tag-ultimas-noticias","25":"tag-ultimasnoticias","26":"tag-world","27":"tag-world-news","28":"tag-worldnews"},"share_on_mastodon":{"url":"","error":""},"_links":{"self":[{"href":"https:\/\/www.europesays.com\/es\/wp-json\/wp\/v2\/posts\/141813","targetHints":{"allow":["GET"]}}],"collection":[{"href":"https:\/\/www.europesays.com\/es\/wp-json\/wp\/v2\/posts"}],"about":[{"href":"https:\/\/www.europesays.com\/es\/wp-json\/wp\/v2\/types\/post"}],"author":[{"embeddable":true,"href":"https:\/\/www.europesays.com\/es\/wp-json\/wp\/v2\/users\/2"}],"replies":[{"embeddable":true,"href":"https:\/\/www.europesays.com\/es\/wp-json\/wp\/v2\/comments?post=141813"}],"version-history":[{"count":0,"href":"https:\/\/www.europesays.com\/es\/wp-json\/wp\/v2\/posts\/141813\/revisions"}],"wp:featuredmedia":[{"embeddable":true,"href":"https:\/\/www.europesays.com\/es\/wp-json\/wp\/v2\/media\/141814"}],"wp:attachment":[{"href":"https:\/\/www.europesays.com\/es\/wp-json\/wp\/v2\/media?parent=141813"}],"wp:term":[{"taxonomy":"category","embeddable":true,"href":"https:\/\/www.europesays.com\/es\/wp-json\/wp\/v2\/categories?post=141813"},{"taxonomy":"post_tag","embeddable":true,"href":"https:\/\/www.europesays.com\/es\/wp-json\/wp\/v2\/tags?post=141813"}],"curies":[{"name":"wp","href":"https:\/\/api.w.org\/{rel}","templated":true}]}}