{"id":141829,"date":"2025-09-27T07:56:04","date_gmt":"2025-09-27T07:56:04","guid":{"rendered":"https:\/\/www.europesays.com\/es\/141829\/"},"modified":"2025-09-27T07:56:04","modified_gmt":"2025-09-27T07:56:04","slug":"kevin-carballo-denuncia-cosificacion-en-una-de-sus-actuaciones","status":"publish","type":"post","link":"https:\/\/www.europesays.com\/es\/141829\/","title":{"rendered":"Kevin Carballo denuncia cosificaci\u00f3n en una de sus actuaciones"},"content":{"rendered":"<p class=\"ft-text\"><strong>Kevin Carballo<\/strong> es conocido por no parar de actuar en todo el archipi\u00e9lago canario. Desde que comenzara su carrera en solitario, el cantante ha regalado tanto temazos propios como versiones a isle\u00f1os de todos los municipios. Sin embargo, <strong>el artista ha tenido que recurrir ahora a sus redes sociales para denunciar una situaci\u00f3n desagradable<\/strong>.<\/p>\n<p class=\"ft-text\">La pasada noche del 25 de febrero, durante su show en uno de los locales del <a class=\"ft-link ft-link--decoration\" href=\"https:\/\/www.laprovincia.es\/tags\/centro-comercial-las-arenas\/\" rel=\"nofollow noopener\" target=\"_blank\">Centro Comercial Las Arenas<\/a>, <strong>una mujer invadi\u00f3 la zona de trabajo de Kevin y le toc\u00f3 sin pedir permiso<\/strong>. Un ejercicio de cosificaci\u00f3n hacia un profesional que est\u00e1 realizando su trabajo que \u00e9l visibiliza <a class=\"ft-link ft-link--decoration\" href=\"https:\/\/www.instagram.com\/keev_carballo\/\" target=\"_blank\" rel=\"nofollow noopener\">en stories de Instagram<\/a> con el siguiente texto:<\/p>\n<p><strong>Kevin Carballo alza la voz en Instagram<\/strong> <\/p>\n<p class=\"ft-text\">\u201cQuiero decir algo importante: <strong>los artistas subimos al escenario para regalar m\u00fasica y emociones, no para que se nos falte al respeto<\/strong>. No somos objetivos, ni \u2018monos de feria\u2019. Detr\u00e1s de cada canci\u00f3n y cada show hay esfuerzo, nervios y coraz\u00f3n\u201d. Adem\u00e1s, matiza: \u201cOjo, no es la primera vez que pasa algo as\u00ed. Mi compa\u00f1ero Fran Santana lo vivi\u00f3 hace un par de meses tambi\u00e9n\u2026 Y es triste que tengamos que normalizar estas faltas de respeto y no hacerlas visibles\u201d.<\/p>\n<p class=\"ft-text\">Sobre lo ocurrido, detalla: \u201c<strong>Mientras cantaba, una persona se acerc\u00f3 por detr\u00e1s, invadiendo mi espacio y llegando, incluso, a tocarme<\/strong>. Fue un momento muy inc\u00f3modo y me sent\u00ed vulnerable en medio del espect\u00e1culo. Quiero agradecer a la terraza y al p\u00fablico, que en todo momento me dio su cari\u00f1o y apoyo\u201d.<\/p>\n<p class=\"ft-text\">La lamentable experiencia de Kevin Carballo se suma a las incansables reivindicaciones de otros artistas, como la de los drags del Divinity en <a class=\"ft-link ft-link--decoration\" href=\"https:\/\/www.laprovincia.es\/tags\/centro-comercial-yumbo\/\" rel=\"nofollow noopener\" target=\"_blank\">Yumbo Centre<\/a> que hace unas semanas denunciaban lo mismo.<\/p>\n<p><script async src=\"\/\/www.instagram.com\/embed.js\"><\/script><\/p>\n","protected":false},"excerpt":{"rendered":"Kevin Carballo es conocido por no parar de actuar en todo el archipi\u00e9lago canario. Desde que comenzara su&hellip;\n","protected":false},"author":2,"featured_media":141830,"comment_status":"","ping_status":"","sticky":false,"template":"","format":"standard","meta":{"footnotes":""},"categories":[174],"tags":[13384,44061,3061,44062,10507,255,34846,6775,4482,146,147,25,24,256,260,1897,4536,11348,185,1922,23,2752],"class_list":{"0":"post-141829","1":"post","2":"type-post","3":"status-publish","4":"format-standard","5":"has-post-thumbnail","7":"category-famosos","8":"tag-actuaciones","9":"tag-archipielago-canario","10":"tag-cantantes","11":"tag-cantantes-canarios","12":"tag-carballo","13":"tag-celebrities","14":"tag-cosificacion","15":"tag-denuncia","16":"tag-dv","17":"tag-entertainment","18":"tag-entretenimiento","19":"tag-es","20":"tag-espana","21":"tag-famosos","22":"tag-gente","23":"tag-gran-canaria","24":"tag-instagram","25":"tag-kevin","26":"tag-musica","27":"tag-redes-sociales","28":"tag-spain","29":"tag-trabajo"},"share_on_mastodon":{"url":"","error":""},"_links":{"self":[{"href":"https:\/\/www.europesays.com\/es\/wp-json\/wp\/v2\/posts\/141829","targetHints":{"allow":["GET"]}}],"collection":[{"href":"https:\/\/www.europesays.com\/es\/wp-json\/wp\/v2\/posts"}],"about":[{"href":"https:\/\/www.europesays.com\/es\/wp-json\/wp\/v2\/types\/post"}],"author":[{"embeddable":true,"href":"https:\/\/www.europesays.com\/es\/wp-json\/wp\/v2\/users\/2"}],"replies":[{"embeddable":true,"href":"https:\/\/www.europesays.com\/es\/wp-json\/wp\/v2\/comments?post=141829"}],"version-history":[{"count":0,"href":"https:\/\/www.europesays.com\/es\/wp-json\/wp\/v2\/posts\/141829\/revisions"}],"wp:featuredmedia":[{"embeddable":true,"href":"https:\/\/www.europesays.com\/es\/wp-json\/wp\/v2\/media\/141830"}],"wp:attachment":[{"href":"https:\/\/www.europesays.com\/es\/wp-json\/wp\/v2\/media?parent=141829"}],"wp:term":[{"taxonomy":"category","embeddable":true,"href":"https:\/\/www.europesays.com\/es\/wp-json\/wp\/v2\/categories?post=141829"},{"taxonomy":"post_tag","embeddable":true,"href":"https:\/\/www.europesays.com\/es\/wp-json\/wp\/v2\/tags?post=141829"}],"curies":[{"name":"wp","href":"https:\/\/api.w.org\/{rel}","templated":true}]}}