{"id":141847,"date":"2025-09-27T08:10:09","date_gmt":"2025-09-27T08:10:09","guid":{"rendered":"https:\/\/www.europesays.com\/es\/141847\/"},"modified":"2025-09-27T08:10:09","modified_gmt":"2025-09-27T08:10:09","slug":"identidad-pertenencia-e-historia-en-una-camiseta-que-conmemora-sus-20-anos-2","status":"publish","type":"post","link":"https:\/\/www.europesays.com\/es\/141847\/","title":{"rendered":"Identidad, pertenencia e historia en una camiseta que conmemora sus 20 a\u00f1os"},"content":{"rendered":"<p>Tiempo de lectura:  2 minutos <\/p>\n<p>Hace dos d\u00e9cadas, pocos imaginaban que un incipiente club de balonmano se convertir\u00eda en una de las canteras m\u00e1s reconocidas de Espa\u00f1a. El Club Balonmano Mislata cumple 20 a\u00f1os llenos de historia y de grandes logros y, con un evento en plena Valencia, present\u00f3 la equipaci\u00f3n para la temporada 2025-2026.<\/p>\n<p>El Centro Comercial Gran Turia fue el escenario para que la nueva piel del conjunto valenciano tuviera su presentaci\u00f3n oficial. Con los cl\u00e1sicos colores rojo y negro, alusiones a su historia a trav\u00e9s de logos antiguos, fechas de grandes logros, y frases caracter\u00edsticas del club como \u00abLa pista nunca miente\u00bb y \u00abJuntos somos m\u00e1s fuertes\u00bb, la nueva camiseta titular del Balonmano Mislata tuvo un papel protag\u00f3nico. Tambi\u00e9n se lucieron la alternativa celeste y las verde y rosa de los porteros.<\/p>\n<p>\u00abPresentar nuestra equipaci\u00f3n nos llena de orgullo, porque le damos la importancia que merece a una prenda que lucir\u00e1n todos nuestros equipos, desde la Primera Nacional hasta los benjamines. La camiseta de nuestro club no es solo eso, simboliza mucho m\u00e1s. Es lo que nos identifica como parte del Balonmano Mislata, reforzando nuestra identidad como club y como jugadores\u00ab, afirm\u00f3 Mauro Longarini, Presidente del club valenciano. \u00abEntendemos al deporte como mucho m\u00e1s que una actividad f\u00edsica y lo dejamos claro en todo lo que hacemos, priorizando la integraci\u00f3n, la pertenencia y los valores. Todo eso es lo que queremos transmitir con esta equipaci\u00f3n, con el valor agregado de celebrar los 20 a\u00f1os de nuestro club\u00ab, agreg\u00f3 Longarini.<\/p>\n<p>El evento cont\u00f3 con la participaci\u00f3n del primer equipo del club, que luci\u00f3 la nueva indumentaria, y adem\u00e1s asistieron jugadores de todas las categor\u00edas, desde los m\u00e1s peque\u00f1os hasta los veteranos. El evento se realiz\u00f3 en el marco de la iniciativa Legacy Business Club de la instituci\u00f3n, que apunta a\u00a0conectar empresas y fomentar alianzas estrat\u00e9gicas creando valor compartido. Tambi\u00e9n fueron parte de la presentaci\u00f3n\u00a0representantes de las instituciones que patrocinan y acompa\u00f1an al Club Balonmano Mislata. Fueron casi dos horas de una actividad que atrajo la atenci\u00f3n de los visitantes al centro comercial, acompa\u00f1ada de buena m\u00fasica, un clima inmejorable y un catering para cerrar la tarde.<\/p>\n<p>La presente temporada marca el vig\u00e9simo aniversario de un club que creci\u00f3 a pasos agigantados en estas dos d\u00e9cadas. Campe\u00f3n de Espa\u00f1a en Infantiles en 2021, Terceros de Espa\u00f1a en Cadetes en 2024 y ganadores de numerosos t\u00edtulos auton\u00f3micos, el Balonmano Mislata es hoy uno de los clubes de base m\u00e1s reconocidos y respetados de Espa\u00f1a por su trayectoria y su metodolog\u00eda de trabajo. Todo esto est\u00e1 presente en su nueva equipaci\u00f3n, que buscar\u00e1 en esta temporada seguir cosechando logros para escribir nuevas p\u00e1ginas en la rica historia del club valenciano.<\/p>\n<p><strong>Parada complicada en Puerto de Sagunto<\/strong><\/p>\n<p>El equipo de Primera Divisi\u00f3n Nacional del Balonmano Mislata visitar\u00e1 a Puerto Sagunto B, por la Jornada 3 del Grupo E de la competici\u00f3n. El encuentro ser\u00e1 el domingo a las 12hs en el siempre complicado Pabell\u00f3n Puerto de Sagunto. Los del \u00e1rea metropolitana de Valencia marchan terceros, con un triunfo y un empate en su haber, mientras que los saguntinos se ubican s\u00e9ptimos con una victoria y una derrota.\u00a0<\/p>\n","protected":false},"excerpt":{"rendered":"Tiempo de lectura: 2 minutos Hace dos d\u00e9cadas, pocos imaginaban que un incipiente club de balonmano se convertir\u00eda&hellip;\n","protected":false},"author":2,"featured_media":141848,"comment_status":"","ping_status":"","sticky":false,"template":"","format":"standard","meta":{"footnotes":""},"categories":[278],"tags":[376,168,25,24,375,27851,23,167],"class_list":{"0":"post-141847","1":"post","2":"type-post","3":"status-publish","4":"format-standard","5":"has-post-thumbnail","7":"category-balonmano","8":"tag-balonmano","9":"tag-deportes","10":"tag-es","11":"tag-espana","12":"tag-handball","13":"tag-mislata","14":"tag-spain","15":"tag-sports"},"share_on_mastodon":{"url":"","error":""},"_links":{"self":[{"href":"https:\/\/www.europesays.com\/es\/wp-json\/wp\/v2\/posts\/141847","targetHints":{"allow":["GET"]}}],"collection":[{"href":"https:\/\/www.europesays.com\/es\/wp-json\/wp\/v2\/posts"}],"about":[{"href":"https:\/\/www.europesays.com\/es\/wp-json\/wp\/v2\/types\/post"}],"author":[{"embeddable":true,"href":"https:\/\/www.europesays.com\/es\/wp-json\/wp\/v2\/users\/2"}],"replies":[{"embeddable":true,"href":"https:\/\/www.europesays.com\/es\/wp-json\/wp\/v2\/comments?post=141847"}],"version-history":[{"count":0,"href":"https:\/\/www.europesays.com\/es\/wp-json\/wp\/v2\/posts\/141847\/revisions"}],"wp:featuredmedia":[{"embeddable":true,"href":"https:\/\/www.europesays.com\/es\/wp-json\/wp\/v2\/media\/141848"}],"wp:attachment":[{"href":"https:\/\/www.europesays.com\/es\/wp-json\/wp\/v2\/media?parent=141847"}],"wp:term":[{"taxonomy":"category","embeddable":true,"href":"https:\/\/www.europesays.com\/es\/wp-json\/wp\/v2\/categories?post=141847"},{"taxonomy":"post_tag","embeddable":true,"href":"https:\/\/www.europesays.com\/es\/wp-json\/wp\/v2\/tags?post=141847"}],"curies":[{"name":"wp","href":"https:\/\/api.w.org\/{rel}","templated":true}]}}