{"id":141851,"date":"2025-09-27T08:14:07","date_gmt":"2025-09-27T08:14:07","guid":{"rendered":"https:\/\/www.europesays.com\/es\/141851\/"},"modified":"2025-09-27T08:14:07","modified_gmt":"2025-09-27T08:14:07","slug":"carlos-alcaraz-zizou-bergs-en-directo-hoy-resultado-y-ultima-hora-de-la-segunda-ronda-del-atp-500-de-tokio","status":"publish","type":"post","link":"https:\/\/www.europesays.com\/es\/141851\/","title":{"rendered":"Carlos Alcaraz &#8211; Zizou Bergs, en directo hoy: resultado y \u00faltima hora de la segunda ronda del ATP 500 de Tokio"},"content":{"rendered":"<p class=\"c-paragraph\">El espa\u00f1ol <b><a href=\"https:\/\/www.20minutos.es\/tags\/deportes\/carlos-alcaraz.html\" title=\"Carlos Alcaraz\" rel=\"nofollow noopener\" target=\"_blank\">Carlos Alcaraz<\/a> busca ante\u00a0 Zizou Bergs el pase a los octavos de final del ATP 500 de Tokio<\/b>, torneo en el que participa por primera vez. Tras ganar a Sebasti\u00e1n B\u00e1ez en la primera ronda y con susto por la torcedura de su tobillo izquierdo, el murciano se cita con el belga, que tuvo que levantarse ante la adversidad frente al chileno Alejandro Tabilo.<\/p>\n<p>10:0927\/09\/2025<\/p>\n<p>\u2694\ufe0f\u200bEl rival de hoy: Zizou Bergs<\/p>\n<p class=\"c-paragraph\">En estos octavos de final, Carlos Alcaraz se enfrenta al belga Zizou Bergs, n\u00famero 45 del mundo, que ofreci\u00f3 una aut\u00e9ntica muestra de saber levantarse ante la adversidad contra el chileno Alejandro Tabilo. Despu\u00e9s de comenzar 6-1 abajo, ganando s\u00f3lo el 17 % de los puntos con su segundo servicio, fue capaz de olvidar lo sucedido y volcarse en una batalla sin tregua a partir de ese momento.<\/p>\n<p>10:0427\/09\/2025<\/p>\n<p>\u200b\ud83e\udd15\u200bAlcaraz, entre algodones<\/p>\n<p class=\"c-paragraph\">Tras su torcedura de tobillo en el duelo ante B\u00e1ez, Carlos Alcaraz llega a este segundo partido de Tokio entre algodones. El murciano segu\u00eda teniendo dolor ayer y no entren\u00f3 por precauci\u00f3n.<\/p>\n<p>09:4727\/09\/2025<\/p>\n<p>\ud83d\ude44\u200bUn debut accidentado<\/p>\n<p class=\"c-paragraph\">El espa\u00f1ol Carlos Alcaraz se estren\u00f3 en el ATP 500 de Tokio, torneo que disputa por primera vez, con un partido accidentado. Primero se torci\u00f3 el tobillo izquierdo y su continuidad estuvo en el aire, pero finalmente pudo seguir y ganar. Despu\u00e9s, el encuentro se par\u00f3 por la lluvia hasta desplegar la cubierta retractil.<\/p>\n<p>09:3327\/09\/2025<\/p>\n<p>\ud83d\udc4b\u200b\u00a1Octavos para Carlos Alcaraz!<\/p>\n<p class=\"c-paragraph\">\u00a1Muuuy buenos d\u00edas! El s\u00e1bado empieza con un partido de Carlos Alcaraz para alegrar la ma\u00f1ana. El murciano se enfrenta a Zizou Bergs para buscar un pase a los cuartos de final del ATP 500 de Tokio. \u00a1Vamos!<\/p>\n","protected":false},"excerpt":{"rendered":"El espa\u00f1ol Carlos Alcaraz busca ante\u00a0 Zizou Bergs el pase a los octavos de final del ATP 500&hellip;\n","protected":false},"author":2,"featured_media":141852,"comment_status":"","ping_status":"","sticky":false,"template":"","format":"standard","meta":{"footnotes":""},"categories":[274],"tags":[4736,43723,415,168,2125,25,24,23,167,327,326,44064],"class_list":{"0":"post-141851","1":"post","2":"type-post","3":"status-publish","4":"format-standard","5":"has-post-thumbnail","7":"category-tenis","8":"tag-alcaraz","9":"tag-bergs","10":"tag-carlos","11":"tag-deportes","12":"tag-directo","13":"tag-es","14":"tag-espana","15":"tag-spain","16":"tag-sports","17":"tag-tenis","18":"tag-tennis","19":"tag-zizou"},"share_on_mastodon":{"url":"","error":""},"_links":{"self":[{"href":"https:\/\/www.europesays.com\/es\/wp-json\/wp\/v2\/posts\/141851","targetHints":{"allow":["GET"]}}],"collection":[{"href":"https:\/\/www.europesays.com\/es\/wp-json\/wp\/v2\/posts"}],"about":[{"href":"https:\/\/www.europesays.com\/es\/wp-json\/wp\/v2\/types\/post"}],"author":[{"embeddable":true,"href":"https:\/\/www.europesays.com\/es\/wp-json\/wp\/v2\/users\/2"}],"replies":[{"embeddable":true,"href":"https:\/\/www.europesays.com\/es\/wp-json\/wp\/v2\/comments?post=141851"}],"version-history":[{"count":0,"href":"https:\/\/www.europesays.com\/es\/wp-json\/wp\/v2\/posts\/141851\/revisions"}],"wp:featuredmedia":[{"embeddable":true,"href":"https:\/\/www.europesays.com\/es\/wp-json\/wp\/v2\/media\/141852"}],"wp:attachment":[{"href":"https:\/\/www.europesays.com\/es\/wp-json\/wp\/v2\/media?parent=141851"}],"wp:term":[{"taxonomy":"category","embeddable":true,"href":"https:\/\/www.europesays.com\/es\/wp-json\/wp\/v2\/categories?post=141851"},{"taxonomy":"post_tag","embeddable":true,"href":"https:\/\/www.europesays.com\/es\/wp-json\/wp\/v2\/tags?post=141851"}],"curies":[{"name":"wp","href":"https:\/\/api.w.org\/{rel}","templated":true}]}}