{"id":141873,"date":"2025-09-27T08:32:10","date_gmt":"2025-09-27T08:32:10","guid":{"rendered":"https:\/\/www.europesays.com\/es\/141873\/"},"modified":"2025-09-27T08:32:10","modified_gmt":"2025-09-27T08:32:10","slug":"dispositivo-especial-de-movilidad-en-montjuic-por-el-partido-del-barca-y-el-piromusical-de-la-merce-ajuntament-de-barcelona","status":"publish","type":"post","link":"https:\/\/www.europesays.com\/es\/141873\/","title":{"rendered":"Dispositivo especial de movilidad en Montju\u00efc por el partido del Bar\u00e7a y el Piromusical de La Merc\u00e8 &#8211; Ajuntament de Barcelona"},"content":{"rendered":"<ol>\n<li><a href=\"https:\/\/news.google.com\/rss\/articles\/CBMi-wFBVV95cUxOMHR0MjJiZlZDM0FFZmZzRDI4b0MwSzJFUVhoODZPemdFUGpTbzI1WEdXNHMzVTZxMlVweVFocUNkenF6Z0hobEJNRElFWkxkY1JhczhCOVBNTmhQREZ1QlU0a0RHNllyM1R3Y3hzRVlvUmI0a05MdTRIQjVuTzJ0dkoxYk4tRDB1SExKNEV5YkZKXy0zNDVYZElkN3YweHFOdEgtOGNXdGxGMDgyR1ZvTUUzaUxRSjBhWnZpRTd4by1laGxSMWpvUVVVWTAyRmpiS05CQmtuVFFkM3RBbHNvNGtWRXlDWUc1VkhvenpOdzR1R3FoSEl6QUlsNA?oc=5\" target=\"_blank\" rel=\"nofollow noopener\">Dispositivo especial de movilidad en Montju\u00efc por el partido del Bar\u00e7a y el Piromusical de La Merc\u00e8<\/a>&nbsp;&nbsp;Ajuntament de Barcelona<\/li>\n<li><a href=\"https:\/\/news.google.com\/rss\/articles\/CBMiggJBVV95cUxPTG4xN0VGNHR0YXZxRTBQUGNKdmxwSDJOVnlFYmo3Ukw2cXc1VWp0QVVYTjdGSVZKSzUtYXZ4bEtYQzNSZWw1NVh4Z2FJVzlsYlg2VzBHNzU2am9xeVFzR25STGRnbmtmaldrR09YXzBwZWxIWVJmbDhrQlV6U2VveWVSZUJmM2FkYmZGelk3ai1Ta3VEME1xOUN4NHhQc3k0dmVTb0tZdVpYdHdJRnMtWVI1SVVFeVdjMEVpVk5CSEowX3dTTHlKLVJjdFdhdU1FZENBRmI2WG9OSG85MS1lZXZsYXZwOUhySEpFMTFIZ2lGdzF2Q0h3aHlMRmFITXdrTUE?oc=5\" target=\"_blank\" rel=\"nofollow noopener\">Recomendaciones de movilidad para el pr\u00f3ximo partido de liga contra la Real Sociedad en el Estadi Ol\u00edmpic Llu\u00eds Companys<\/a>&nbsp;&nbsp;FC Barcelona<\/li>\n<li><a href=\"https:\/\/news.google.com\/rss\/articles\/CBMilgFBVV95cUxOQXpyTEoyWjFlRnpEZlk3c0ZWSlRoMVRzcFcwOWlRbVJsWFEzWHNmZUZfWlp1bkF6NFNsZ0o1M1hKeG0zV1RGMkdvcjdBWFA5a0Zlc2ZiNlpLZjREVC02d0NSc0I4TV92V1VFN1A1NG1RaFF6S1hBRjlwbURoLV9vdF84OXAxNXd5VVpBNXpqblVsQTltV1HSAZYBQVVfeXFMUDU1QlhFUGtmdklsMkdKTGlBMktrdnhXb1E5R0ktRDhlMzZQSlBqSW1uZDkzcURydGtUd2pTRkk5RjdqWmRJZHBtSlZnSHZqUjROS0RGalBWWjRIRGJ3Q09XYk5oTnZ5bU1HaWoxUDhqcG55YjExcTZuXzhrekIwcUhzTzlCY2RNb09SX3d4QnVlUGNmMUF3?oc=5\" target=\"_blank\" rel=\"nofollow noopener\">Barcelona &#8211; Real Sociedad: alineaciones probables del partido de LaLiga EA Sports<\/a>&nbsp;&nbsp;SPORT<\/li>\n<li><a href=\"https:\/\/news.google.com\/rss\/articles\/CBMi_wFBVV95cUxPRFR0WWF3NW1kX2M5R01pdDZVdzU5LUJjTWxiUGJGckkyRHo2ZDNEZDFzZG5KUl9sODIwXzNNQVpzQ0cwWGlrdlJkclA3SGRCcHlTYnJFSkZHbnNyQW5xSWRIdzFZLXRuSEtNX09zY09OaEFhX1dsZ0FSRURoYU9SdWswTXN2Uy1fQUNjb3NoWXBnLV9YZHNxSHhJYkVVMGVrTlZBWnZjTTBJdE45U2liSnRta2JsQ1h6dy1rb2dGSEhtMDh1TUt0T3NGRlJYbTBPWUh3RDByMV8tZ05aMUMyN0Q4dnctR1UyTGR3VmVxcWxBSl9DeEw4OF9keDc5dVk?oc=5\" target=\"_blank\" rel=\"nofollow noopener\">Dispositivo especial por la coincidencia del Bar\u00e7a-Real Sociedad y el Piromusical: refuerzo de metro, salidas y rutas alternativas<\/a>&nbsp;&nbsp;20Minutos<\/li>\n<li><a href=\"https:\/\/news.google.com\/rss\/articles\/CBMi7gFBVV95cUxQTmc0czhnVU9nTDJqMl9yaFRQXzYwdXZZNi03YWFJZlM3Y0R6bGFVdFdRZ1hJOFJ4YWw0TVI1UnlMRmRpaTU0SEJEOWJjZXRfT0ZwWFVWSDdOMGJmYlBMQ3RGZEwxQkNzbFlwWUJyN3pYQ1dkNTJwaVkyckFLVE4xZVFDbFZjc2NpcjNub1Q5NjFyTWEtSmdxSnZyYmRzdDhJank3SDVwX2JfZGlTeTlob1A0aTlFeWloVDVwYklZM3JWOFB6RHJwZGZrU1ZlVU1rVnloUEgxSUwzOFBtenIzLTM1cnBDLVVTU1lSY2xn0gHzAUFVX3lxTFBMRmZwbGRhdloxUEtPeW5ZeC1oZzZ4OUpJLXBjX1lFck5JN3AxX1dPZjg4RGlNRndUUVNXSUJ4ZFUzMzlnbFBVc09Xb2xpcEZnZ0IyMmQtVWVKUHJQS1VBbU82SzV3Vy1IS0dfWkdYZTNVZEp6VkVBSkZaSmNSYkVYYUZvejl6c2d5WW5sZDZwanZ0UmlaOWR2aXA2RWdQS0EwdVctb2xIanhIUmp2YU9KRHpRUEE1MkhGazNHT0tvbFZqOVROYjZPdDVEaGtwZGFLVlk3aG9PdFp2RHYxVERSZVFyZ2V1V0RYMnAyWmtfZUZDVQ?oc=5\" target=\"_blank\" rel=\"nofollow noopener\">El motivo por el que se ha cambiado el horario del Barcelona &#8211; Real Sociedad y que perjudica al descanso de los azulgranas<\/a>&nbsp;&nbsp;COPE<\/li>\n<\/ol>\n","protected":false},"excerpt":{"rendered":"Dispositivo especial de movilidad en Montju\u00efc por el partido del Bar\u00e7a y el Piromusical de La Merc\u00e8&nbsp;&nbsp;Ajuntament de&hellip;\n","protected":false},"author":2,"featured_media":141393,"comment_status":"","ping_status":"","sticky":false,"template":"","format":"standard","meta":{"footnotes":""},"categories":[5],"tags":[17,18,25,24,13,14,11,19,20,9,10,15,16,23,12,21,22],"class_list":{"0":"post-141873","1":"post","2":"type-post","3":"status-publish","4":"format-standard","5":"has-post-thumbnail","7":"category-titulares","8":"tag-breaking-news","9":"tag-breakingnews","10":"tag-es","11":"tag-espana","12":"tag-featured-news","13":"tag-featurednews","14":"tag-headlines","15":"tag-latest-news","16":"tag-latestnews","17":"tag-news","18":"tag-noticias","19":"tag-noticias-destacadas","20":"tag-noticiasdestacadas","21":"tag-spain","22":"tag-titulares","23":"tag-ultimas-noticias","24":"tag-ultimasnoticias"},"share_on_mastodon":{"url":"","error":""},"_links":{"self":[{"href":"https:\/\/www.europesays.com\/es\/wp-json\/wp\/v2\/posts\/141873","targetHints":{"allow":["GET"]}}],"collection":[{"href":"https:\/\/www.europesays.com\/es\/wp-json\/wp\/v2\/posts"}],"about":[{"href":"https:\/\/www.europesays.com\/es\/wp-json\/wp\/v2\/types\/post"}],"author":[{"embeddable":true,"href":"https:\/\/www.europesays.com\/es\/wp-json\/wp\/v2\/users\/2"}],"replies":[{"embeddable":true,"href":"https:\/\/www.europesays.com\/es\/wp-json\/wp\/v2\/comments?post=141873"}],"version-history":[{"count":0,"href":"https:\/\/www.europesays.com\/es\/wp-json\/wp\/v2\/posts\/141873\/revisions"}],"wp:featuredmedia":[{"embeddable":true,"href":"https:\/\/www.europesays.com\/es\/wp-json\/wp\/v2\/media\/141393"}],"wp:attachment":[{"href":"https:\/\/www.europesays.com\/es\/wp-json\/wp\/v2\/media?parent=141873"}],"wp:term":[{"taxonomy":"category","embeddable":true,"href":"https:\/\/www.europesays.com\/es\/wp-json\/wp\/v2\/categories?post=141873"},{"taxonomy":"post_tag","embeddable":true,"href":"https:\/\/www.europesays.com\/es\/wp-json\/wp\/v2\/tags?post=141873"}],"curies":[{"name":"wp","href":"https:\/\/api.w.org\/{rel}","templated":true}]}}