{"id":141890,"date":"2025-09-27T08:50:17","date_gmt":"2025-09-27T08:50:17","guid":{"rendered":"https:\/\/www.europesays.com\/es\/141890\/"},"modified":"2025-09-27T08:50:17","modified_gmt":"2025-09-27T08:50:17","slug":"anatomia-de-un-instante-la-serie-del-ano-es-un-apabullante-repaso-a-la-transicion","status":"publish","type":"post","link":"https:\/\/www.europesays.com\/es\/141890\/","title":{"rendered":"&#8216;Anatom\u00eda de un instante&#8217;: la serie del a\u00f1o es un apabullante repaso a la Transici\u00f3n"},"content":{"rendered":"<p>Hay una escena de &#8216;Anatom\u00eda de un instante&#8217; en la que Santiago Carrillo va en taxi por la Gran V\u00eda de un Madrid lluvioso mientras  &#8230; sostiene un papelito. En \u00e9l, Adolfo Su\u00e1rez ha escrito las tres condiciones para legalizar el Partido Comunista: respeto a la monarqu\u00eda, a la unidad de Espa\u00f1a y a la bandera bicolor. La Historia con may\u00fasculas de Espa\u00f1a en una servilleta de bar. Quiz\u00e1 no ocurri\u00f3 as\u00ed, pero Javier Cercas acert\u00f3 a escribirlo y Alberto Rodr\u00edguez lo ha rodado de tal manera que nos embarga la emoci\u00f3n. Te olvidas que ese Carrillo es Eduard Fern\u00e1ndez. Y esa Gran V\u00eda de Madrid, con sus r\u00f3tulos del cine Azul y el Sepu, es la de 1977.<\/p>\n<p class=\"v-p\">Todos fuman sin parar en la serie del a\u00f1o, cuatro episodios de 50 minutos que se devoran del tir\u00f3n y que Movistar Plus estrenar\u00e1 el 20 de noviembre. Alberto Rodr\u00edguez, que compite por la Concha de Oro con la estupenda &#8216;Los Tigres&#8217;, presenta fuera de concurso en la secci\u00f3n oficial una apabullante cr\u00f3nica de la Transici\u00f3n centrada en el 23-F. Arranca con el asalto al Congreso (se rod\u00f3 en el escenario real) y el tristemente c\u00e9lebre \u00ab\u00a1quieto todo el mundo!\u00bb. El primer episodio est\u00e1 dedicado a Adolfo Su\u00e1rez, el segundo a Santiago Carrillo, el tercero a Manuel Guti\u00e9rrez Mellado y el cuarto a los intr\u00edngulis y el juicio por el golpe de estado.<\/p>\n<p>Tr\u00e1iler de &#8216;Anatom\u00eda de un instante&#8217;.<\/p>\n<p class=\"v-p\">Una imagen sobrecogedora que nunca hab\u00edamos visto: los trozos del techo del Congreso desprendi\u00e9ndose con los disparos de la Guardia Civil. Alberto Rodr\u00edguez no solo humaniza a los protagonistas, sino que dota de un ritmo cinematogr\u00e1fico una cr\u00f3nica que resulta al mismo tiempo did\u00e1ctica y apasionante. Todos los actores est\u00e1n incre\u00edbles, sin que chirr\u00ede ninguna caracterizaci\u00f3n.<\/p>\n<p class=\"v-p\">As\u00ed, \u00c1lvaro Morte clava la dicci\u00f3n de Adolfo Su\u00e1rez, Eduard Fern\u00e1ndez es un vulnerable Santiago Carrillo, Manolo Solo infunde amargura a Manuel Guti\u00e9rrez Mellado y David Lorente dota de chuler\u00eda a su Antonio Tejero. Hasta Miki Esparb\u00e9 sale triunfal del marr\u00f3n de interpretar al rey Juan Carlos con su voz nasal. &#8216;Anatom\u00eda de un instante&#8217;, adaptaci\u00f3n del libro de Cercas publicado en 2009, nos concierne porque habla de nosotros, de nuestra historia. Y cuando ves a Tejero firmar su rendici\u00f3n en un papel sobre el cap\u00f3 de un Land Rover resulta inevitable sentir un escalofr\u00edo.<\/p>\n<p><img decoding=\"async\" loading=\"lazy\" src=\"https:\/\/www.europesays.com\/es\/wp-content\/uploads\/2025\/09\/anatomia-kGkF--650x455@RC.jpg\" class=\"v-a-img\" width=\"650\" height=\"455\" alt=\"El equipo de 'Anatom\u00eda de un instante' en San Sebasti\u00e1n.\" data-voc-vtm-id=\"in-text-traffic\"\/><\/p>\n<p>El equipo de &#8216;Anatom\u00eda de un instante&#8217; en San Sebasti\u00e1n.<\/p>\n<p>AFP<\/p>\n<p><img loading=\"lazy\" decoding=\"async\" src=\"https:\/\/www.europesays.com\/es\/wp-content\/uploads\/2025\/09\/anatomia-kGkF--650x455@RC.jpg\" class=\"v-mdl__img-z\" width=\"650\" height=\"455\" alt=\"\"\/><\/p>\n<p class=\"v-p\">La serie es terriblemente ambiciosa porque va mucho m\u00e1s all\u00e1 del 23 de febrero de 1981 y se retrotrae a la historia espa\u00f1ola del siglo XX: hasta hay unas im\u00e1genes b\u00e9licas de la Guerra Civil. La voz en off de un periodista testigo de los hechos (Ra\u00fal Ar\u00e9valo) nos gu\u00eda, a veces con iron\u00eda, en el ascenso de Adolfo Su\u00e1rez. De vendedor de lavadoras a jefe provincial del movimiento. \u00abUn falangista de provincias\u00bb que dirigi\u00f3 Televisi\u00f3n Espa\u00f1ola, que era tan amigo del Rey que le sacaba a escondidas del Pardo en el portamaletas de su 127 y que en dos meses se propuso desmontar cuarenta a\u00f1os de franquismo.<\/p>\n<p class=\"v-p\">Un espectador ilustrado quiz\u00e1 pueda pensar que la Transici\u00f3n est\u00e1 tan suficientemente documentada y tratada en el cine que poco puede aportar una nueva serie. Se perder\u00eda la brillante labor de s\u00edntesis que Alberto Rodr\u00edguez y los guionistas Rafael Cobos y Fran Ara\u00fajo han logrado con los acontecimientos que sacudieron el pa\u00eds en los 70 y primeros 80. Se escenifica la matanza de los abogados laboralistas de Atocha, la Operaci\u00f3n Galaxia que acab\u00f3 con Tejero en la c\u00e1rcel antes del golpe, los atentados de ETA&#8230; <\/p>\n<p class=\"v-p\">\u00a1Y c\u00f3mo lo rueda el autor de &#8216;La isla m\u00ednima&#8217;! Las Cortes, todav\u00eda con procuradores franquistas, aprueban la Ley para la Reforma Pol\u00edtica el 18 de noviembre de 1976&#8230; y suena &#8216;Livin&#8217; Thing&#8217; de la ELO. Muere Franco y en vez de recurrir a im\u00e1genes de archivo se nos muestra un primer plano de Carrillo llorando. El esfuerzo de producci\u00f3n se adivina ingente en una serie que, como advierten sus cr\u00e9ditos finales, tambi\u00e9n se ha servido de la Inteligencia Artificial para recrear una \u00e9poca. <\/p>\n<p><img decoding=\"async\" loading=\"lazy\" src=\"https:\/\/www.europesays.com\/es\/wp-content\/uploads\/2025\/09\/anatomia-de-un-instante-kGkF--650x455@RC.jpeg\" class=\"v-a-img\" width=\"650\" height=\"455\" alt=\"Manolo Solo como Manuel Guti\u00e9rrez Mellado y \u00c1lvaro Morte es Adolfo Su\u00e1rez.\" data-voc-vtm-id=\"in-text-traffic\"\/><\/p>\n<p>Manolo Solo como Manuel Guti\u00e9rrez Mellado y \u00c1lvaro Morte es Adolfo Su\u00e1rez.<\/p>\n<p><img loading=\"lazy\" decoding=\"async\" src=\"https:\/\/www.europesays.com\/es\/wp-content\/uploads\/2025\/09\/anatomia-de-un-instante-kGkF--650x455@RC.jpeg\" class=\"v-mdl__img-z\" width=\"650\" height=\"455\" alt=\"\"\/><\/p>\n<p class=\"v-p\">En esta historia hay aut\u00e9nticos villanos, como Tejero, Milans del Bosch y Alfonso Armada. Y tres h\u00e9roes, o al menos as\u00ed los dibujan Cercas y Rodr\u00edguez: Su\u00e1rez, Carrillo y Guti\u00e9rrez Mellado, los tres \u00fanicos que no se escondieron cuando Tejero y los suyos asaltaron el Congreso. Qu\u00e9 oportuno resulta en esta Espa\u00f1a crispada y polarizada recordar que no hace tanto pol\u00edticos en las ant\u00edpodas ideol\u00f3gicas se entendieron por el bien com\u00fan. \u00abMi primera responsabilidad como cineasta es entretener al p\u00fablico, que lo pase bien\u00bb, ha afirmado Alberto Rodr\u00edguez en San Sebasti\u00e1n. \u00abPero tambi\u00e9n est\u00e1 bien contar historias como \u00e9sta, que probablemente dentro de un tiempo sean olvidadas\u00bb.<\/p>\n","protected":false},"excerpt":{"rendered":"Hay una escena de &#8216;Anatom\u00eda de un instante&#8217; en la que Santiago Carrillo va en taxi por la&hellip;\n","protected":false},"author":2,"featured_media":141891,"comment_status":"","ping_status":"","sticky":false,"template":"","format":"standard","meta":{"footnotes":""},"categories":[91],"tags":[44076,1611,44077,146,147,25,24,38879,36850,156,23,20013],"class_list":{"0":"post-141890","1":"post","2":"type-post","3":"status-publish","4":"format-standard","5":"has-post-thumbnail","7":"category-entretenimiento","8":"tag-anatomia","9":"tag-ano","10":"tag-apabullante","11":"tag-entertainment","12":"tag-entretenimiento","13":"tag-es","14":"tag-espana","15":"tag-instante","16":"tag-repaso","17":"tag-serie","18":"tag-spain","19":"tag-transicion"},"share_on_mastodon":{"url":"","error":""},"_links":{"self":[{"href":"https:\/\/www.europesays.com\/es\/wp-json\/wp\/v2\/posts\/141890","targetHints":{"allow":["GET"]}}],"collection":[{"href":"https:\/\/www.europesays.com\/es\/wp-json\/wp\/v2\/posts"}],"about":[{"href":"https:\/\/www.europesays.com\/es\/wp-json\/wp\/v2\/types\/post"}],"author":[{"embeddable":true,"href":"https:\/\/www.europesays.com\/es\/wp-json\/wp\/v2\/users\/2"}],"replies":[{"embeddable":true,"href":"https:\/\/www.europesays.com\/es\/wp-json\/wp\/v2\/comments?post=141890"}],"version-history":[{"count":0,"href":"https:\/\/www.europesays.com\/es\/wp-json\/wp\/v2\/posts\/141890\/revisions"}],"wp:featuredmedia":[{"embeddable":true,"href":"https:\/\/www.europesays.com\/es\/wp-json\/wp\/v2\/media\/141891"}],"wp:attachment":[{"href":"https:\/\/www.europesays.com\/es\/wp-json\/wp\/v2\/media?parent=141890"}],"wp:term":[{"taxonomy":"category","embeddable":true,"href":"https:\/\/www.europesays.com\/es\/wp-json\/wp\/v2\/categories?post=141890"},{"taxonomy":"post_tag","embeddable":true,"href":"https:\/\/www.europesays.com\/es\/wp-json\/wp\/v2\/tags?post=141890"}],"curies":[{"name":"wp","href":"https:\/\/api.w.org\/{rel}","templated":true}]}}