{"id":141902,"date":"2025-09-27T08:57:06","date_gmt":"2025-09-27T08:57:06","guid":{"rendered":"https:\/\/www.europesays.com\/es\/141902\/"},"modified":"2025-09-27T08:57:06","modified_gmt":"2025-09-27T08:57:06","slug":"benavente-exhibe-su-toro-enmaromado-en-la-rapita","status":"publish","type":"post","link":"https:\/\/www.europesays.com\/es\/141902\/","title":{"rendered":"Benavente exhibe su toro enmaromado en La R\u00e1pita"},"content":{"rendered":"<p class=\"ft-text\">Los benaventanos han protagonizado ya una exhibici\u00f3n del <strong>toro enmaromado de Benavente<\/strong> en la localidad tarraconense de La R\u00e0pita, sede del <strong>XX Congreso Nacional del Toro con Cuerda, q<\/strong>ue se celebrar\u00e1 hasta ma\u00f1ana. Integrantes de la<a class=\"ft-link ft-link--decoration\" href=\"https:\/\/www.laopiniondezamora.es\/tags\/abte\/\" rel=\"nofollow noopener\" target=\"_blank\"> Asociaci\u00f3n Benaventana del Toro Enmaromado (ABTE)<\/a>, representados por su presidente, Javier Justel y acompa\u00f1ados por el concejal de Fiestas del Ayuntamiento de Benavente, Alberto Lorenzo, se han desplazado hasta esta localidad para participar en las jornadas de esta nueva edici\u00f3n del Congreso Nacional organizado por la <strong>Federaci\u00f3n Espa\u00f1ola del Toro con Cuerda (FETCC) <\/strong>y donde se exhiben los toros enmaromados o ensogados de varias localidades espa\u00f1olas. Tambi\u00e9n el benaventano Roberto Fern\u00e1ndez, presidente de la Federaci\u00f3n Nacional del Toro con Cuerda, est\u00e1 entre los integrantes de la ABTE.<\/p>\n<p><img decoding=\"async\" src=\"https:\/\/www.europesays.com\/es\/wp-content\/uploads\/2025\/09\/c407c2e1-3a32-442b-b120-f50a35f7142f_alta-libre-aspect-ratio_default_0.jpg\" width=\"1200\" height=\"846\" alt=\"Representantes de la ABTE y el concejal de Benavente en el expositor del toro enmaromado.\" class=\"ft-helper-img-rd\" loading=\"lazy\" hasdataaida=\"true\"\/><\/p>\n<p class=\"ft-helper-fontColor-quaternary ft-helper-fontSize-body-S ft-helper-spacer-t-xxs\">Representantes de la ABTE y el concejal de Benavente en el expositor del toro enmaromado.  \/ Cedida<\/p>\n<p class=\"ft-text\">Pasadas las nueve y media de la ma\u00f1ana <strong>daba salida del caj\u00f3n el toro enmaromado patrocinado por Multiserveis Casat para representar a Benavente. <\/strong>Ha sido una salida muy r\u00e1pida que hizo que el astado llegara a estar por delante de la maroma en gran parte del recorrido. Los pasos del astado fueron guiados por el <strong>circuito habilitado para la ocasi\u00f3n<\/strong> por las calles Sant Isidre, Santander y Esgl\u00e9sia Nova. No falt\u00f3 el descanso de Diablo en la argolla, algo que caracteriza a este festejo benaventano.<\/p>\n<p><img decoding=\"async\" src=\"https:\/\/www.europesays.com\/es\/wp-content\/uploads\/2025\/09\/549e5f4d-ee00-4da0-b5ae-6bf47b3e944c_alta-libre-aspect-ratio_default_0.jpg\" width=\"1200\" height=\"1600\" alt=\"El astado enmaromado a primera hora de la ma\u00f1ana.\" class=\"ft-helper-img-rd\" loading=\"lazy\" hasdataaida=\"true\"\/><\/p>\n<p class=\"ft-helper-fontColor-quaternary ft-helper-fontSize-body-S ft-helper-spacer-t-xxs\">El astado enmaromado a primera hora de la ma\u00f1ana.  \/ Cedida<\/p>\n<p class=\"ft-text\">\u00a0Adem\u00e1s, Benavente tiene su <strong>propio expositor en la zona habilitada para cada una de las localidades participantes.<\/strong> En estos d\u00edas La R\u00e1pita acoge un completo programa de actos que incluye la asamblea de la Federaci\u00f3n Nacional, desfiles, homenajes, degustaciones y m\u00faltiples exhibiciones de toros ensogados o enmaromados al estilo de cada una de las localidades participantes.<\/p>\n<p><img decoding=\"async\" src=\"https:\/\/www.europesays.com\/es\/wp-content\/uploads\/2025\/09\/af8fd2c8-272e-45d5-b0f7-874662df0add_alta-libre-aspect-ratio_default_0.jpg\" width=\"1200\" height=\"900\" alt=\"Expositor de Benavente en La R\u00e1pita.\" class=\"ft-helper-img-rd\" loading=\"lazy\" hasdataaida=\"true\"\/><\/p>\n<p class=\"ft-helper-fontColor-quaternary ft-helper-fontSize-body-S ft-helper-spacer-t-xxs\">Expositor de Benavente en La R\u00e1pita.  \/ Cedida<\/p>\n<p class=\"ft-text\">Ma\u00f1ana se llevar\u00e1 a cabo la presentaci\u00f3n de la pr\u00f3xima edici\u00f3n del Congreso Nacional de Toros con Cuerda que en 2026 tendr\u00e1 lugar en Amposta, tambi\u00e9n de Tarragona.<\/p>\n<p><img decoding=\"async\" src=\"https:\/\/www.europesays.com\/es\/wp-content\/uploads\/2025\/09\/8ff9feb3-19e3-4dec-ab7c-67691fc46a91_alta-libre-aspect-ratio_default_0.jpg\" width=\"1200\" height=\"1600\" alt=\"Preparados para la exhibici\u00f3n del toro enmaromado de Benavente.\" class=\"ft-helper-img-rd\" loading=\"lazy\" hasdataaida=\"true\"\/><\/p>\n<p class=\"ft-helper-fontColor-quaternary ft-helper-fontSize-body-S ft-helper-spacer-t-xxs\">Preparados para la exhibici\u00f3n del toro enmaromado de Benavente.  \/ .<\/p>\n","protected":false},"excerpt":{"rendered":"Los benaventanos han protagonizado ya una exhibici\u00f3n del toro enmaromado de Benavente en la localidad tarraconense de La&hellip;\n","protected":false},"author":2,"featured_media":141903,"comment_status":"","ping_status":"","sticky":false,"template":"","format":"standard","meta":{"footnotes":""},"categories":[277],"tags":[44084,44087,44086,4066,373,11866,44082,25780,168,1398,25,24,12507,2500,44085,23,167,374,44083,444],"class_list":{"0":"post-141902","1":"post","2":"type-post","3":"status-publish","4":"format-standard","5":"has-post-thumbnail","7":"category-toreo","8":"tag-abte","9":"tag-albero-de-tinta","10":"tag-asociaciones-en-benavente","11":"tag-benavente","12":"tag-bullfighting","13":"tag-congreso","14":"tag-congreso-de-toros-de-cuerda","15":"tag-cuerda","16":"tag-deportes","17":"tag-el-albero-de-tinta","18":"tag-es","19":"tag-espana","20":"tag-exhibe","21":"tag-federacion","22":"tag-fiestas-del-toro","23":"tag-spain","24":"tag-sports","25":"tag-toreo","26":"tag-toro-enmaromado","27":"tag-toros"},"share_on_mastodon":{"url":"","error":""},"_links":{"self":[{"href":"https:\/\/www.europesays.com\/es\/wp-json\/wp\/v2\/posts\/141902","targetHints":{"allow":["GET"]}}],"collection":[{"href":"https:\/\/www.europesays.com\/es\/wp-json\/wp\/v2\/posts"}],"about":[{"href":"https:\/\/www.europesays.com\/es\/wp-json\/wp\/v2\/types\/post"}],"author":[{"embeddable":true,"href":"https:\/\/www.europesays.com\/es\/wp-json\/wp\/v2\/users\/2"}],"replies":[{"embeddable":true,"href":"https:\/\/www.europesays.com\/es\/wp-json\/wp\/v2\/comments?post=141902"}],"version-history":[{"count":0,"href":"https:\/\/www.europesays.com\/es\/wp-json\/wp\/v2\/posts\/141902\/revisions"}],"wp:featuredmedia":[{"embeddable":true,"href":"https:\/\/www.europesays.com\/es\/wp-json\/wp\/v2\/media\/141903"}],"wp:attachment":[{"href":"https:\/\/www.europesays.com\/es\/wp-json\/wp\/v2\/media?parent=141902"}],"wp:term":[{"taxonomy":"category","embeddable":true,"href":"https:\/\/www.europesays.com\/es\/wp-json\/wp\/v2\/categories?post=141902"},{"taxonomy":"post_tag","embeddable":true,"href":"https:\/\/www.europesays.com\/es\/wp-json\/wp\/v2\/tags?post=141902"}],"curies":[{"name":"wp","href":"https:\/\/api.w.org\/{rel}","templated":true}]}}