{"id":141904,"date":"2025-09-27T08:59:06","date_gmt":"2025-09-27T08:59:06","guid":{"rendered":"https:\/\/www.europesays.com\/es\/141904\/"},"modified":"2025-09-27T08:59:06","modified_gmt":"2025-09-27T08:59:06","slug":"el-golfista-rory-mcilroy-estalla-contra-un-grupo-de-aficionados-ruidosos-en-la-ryder-cup","status":"publish","type":"post","link":"https:\/\/www.europesays.com\/es\/141904\/","title":{"rendered":"El golfista Rory McIlroy estalla contra un grupo de aficionados ruidosos en la Ryder Cup"},"content":{"rendered":"<p><strong>Rory McIlroy<\/strong> se convirti\u00f3 en protagonista de una pol\u00e9mica durante la primera jornada de la <strong>Ryder Cup<\/strong>, celebrada en <strong>Nueva York<\/strong>, tras ser blanco de <strong>insultos persistentes<\/strong> por parte de la afici\u00f3n estadounidense. El incidente se produjo al t\u00e9rmino de la sesi\u00f3n vespertina de <strong>fourballs<\/strong>, en la que McIlroy y <strong>Shane Lowry<\/strong> empataron frente a <strong>Sam Burns<\/strong> y <strong>Patrick Cantlay<\/strong>.<\/p>\n<p>El equipo europeo arranc\u00f3 con fuerza, logrando una ventaja de <strong>5\u00bd-2\u00bd<\/strong>, pero la atm\u00f3sfera en las gradas fue especialmente <strong>hostil<\/strong>. Los c\u00e1nticos y abucheos dirigidos a los jugadores europeos, y en particular a McIlroy, marcaron el tono del d\u00eda. En un momento de m\u00e1xima tensi\u00f3n, el p\u00fablico celebr\u00f3 con entusiasmo un <strong>fallo de putt<\/strong> del norirland\u00e9s, lo que intensific\u00f3 la presi\u00f3n sobre \u00e9l.<\/p>\n<p>Tras encadenar <strong>dos birdies consecutivos<\/strong> junto a Lowry, McIlroy fue captado realizando un gesto que testigos describen como una <strong>mano extendida con al menos un dedo levantado<\/strong>, aparentemente en respuesta a las provocaciones del p\u00fablico.<\/p>\n<p>McIlroy ya hab\u00eda reconocido en el pasado las dificultades de lidiar con el ambiente en torneos como la Ryder Cup. <strong>\u201cEs realmente intentar encontrar el balance de usar la energ\u00eda del p\u00fablico para impulsar mi rendimiento\u201d<\/strong>, declar\u00f3 en referencia a ediciones anteriores como <strong>Hazeltine<\/strong> y <strong>Whistling Straits<\/strong>.<\/p>\n<p>La presencia de figuras como el expresidente <strong>Donald Trump<\/strong> a\u00f1adi\u00f3 un componente extra de expectaci\u00f3n, convirtiendo el evento en un escenario de <strong>pasiones desbordadas<\/strong> m\u00e1s all\u00e1 del deporte.<\/p>\n<p>La jornada inaugural dej\u00f3 claro que esta edici\u00f3n de la Ryder Cup no ser\u00e1 solo una batalla de golf, sino tambi\u00e9n un pulso emocional entre jugadores, p\u00fablico y naciones. La <strong>reacci\u00f3n de McIlroy<\/strong>, su rendimiento y el ambiente en los pr\u00f3ximos d\u00edas ser\u00e1n claves para el desenlace de este <strong>intenso enfrentamiento internacional<\/strong>.<\/p>\n","protected":false},"excerpt":{"rendered":"Rory McIlroy se convirti\u00f3 en protagonista de una pol\u00e9mica durante la primera jornada de la Ryder Cup, celebrada&hellip;\n","protected":false},"author":2,"featured_media":141905,"comment_status":"","ping_status":"","sticky":false,"template":"","format":"standard","meta":{"footnotes":""},"categories":[275],"tags":[168,25,24,329,23,167],"class_list":{"0":"post-141904","1":"post","2":"type-post","3":"status-publish","4":"format-standard","5":"has-post-thumbnail","7":"category-golf","8":"tag-deportes","9":"tag-es","10":"tag-espana","11":"tag-golf","12":"tag-spain","13":"tag-sports"},"share_on_mastodon":{"url":"","error":""},"_links":{"self":[{"href":"https:\/\/www.europesays.com\/es\/wp-json\/wp\/v2\/posts\/141904","targetHints":{"allow":["GET"]}}],"collection":[{"href":"https:\/\/www.europesays.com\/es\/wp-json\/wp\/v2\/posts"}],"about":[{"href":"https:\/\/www.europesays.com\/es\/wp-json\/wp\/v2\/types\/post"}],"author":[{"embeddable":true,"href":"https:\/\/www.europesays.com\/es\/wp-json\/wp\/v2\/users\/2"}],"replies":[{"embeddable":true,"href":"https:\/\/www.europesays.com\/es\/wp-json\/wp\/v2\/comments?post=141904"}],"version-history":[{"count":0,"href":"https:\/\/www.europesays.com\/es\/wp-json\/wp\/v2\/posts\/141904\/revisions"}],"wp:featuredmedia":[{"embeddable":true,"href":"https:\/\/www.europesays.com\/es\/wp-json\/wp\/v2\/media\/141905"}],"wp:attachment":[{"href":"https:\/\/www.europesays.com\/es\/wp-json\/wp\/v2\/media?parent=141904"}],"wp:term":[{"taxonomy":"category","embeddable":true,"href":"https:\/\/www.europesays.com\/es\/wp-json\/wp\/v2\/categories?post=141904"},{"taxonomy":"post_tag","embeddable":true,"href":"https:\/\/www.europesays.com\/es\/wp-json\/wp\/v2\/tags?post=141904"}],"curies":[{"name":"wp","href":"https:\/\/api.w.org\/{rel}","templated":true}]}}