{"id":141914,"date":"2025-09-27T09:04:08","date_gmt":"2025-09-27T09:04:08","guid":{"rendered":"https:\/\/www.europesays.com\/es\/141914\/"},"modified":"2025-09-27T09:04:08","modified_gmt":"2025-09-27T09:04:08","slug":"la-curiosa-barrera-que-coloco-andrada-portero-del-real-zaragoza","status":"publish","type":"post","link":"https:\/\/www.europesays.com\/es\/141914\/","title":{"rendered":"La curiosa barrera que coloc\u00f3 Andrada, portero del Real Zaragoza"},"content":{"rendered":"<p class=\"paragraph\">Quiso salir Gabi de las cuerdas en las que se encontraba, con la toalla a punto de ser lanzada a la lona, con una alineaci\u00f3n en la que solo cuatro jugadores repitieron del descalabro ceut\u00ed. <b>Era puerta grande o enfermer\u00eda, y sin que la faena resultase brillante, sirvi\u00f3 al menos para respirar con tranquilidad y ganar a un contrincante que muy pronto debe estar s\u00ed o s\u00ed por detr\u00e1s de los zaragocistas.<\/b><\/p>\n<p class=\"paragraph\">Entre las novedades, una de las que llam\u00f3 la atenci\u00f3n fue el relevo en la meta de Andrada por Adri\u00e1n. <b>Ven\u00eda este \u00faltimo de una buena actuaci\u00f3n en el Alfonso Murube, pero se vio afectado por la riada de modificaciones en el once titular.<\/b><\/p>\n<p class=\"paragraph\"><b>Hubiese firmado el argentino un debut tan pl\u00e1cido como el que ha tenido esta noche en el exilio mirandesista de Mendizorra ante un rival tan tierno e imberbe<\/b> como el que forma este humilde club burgales que desde que est\u00e1 en Segunda se sostiene a base de cesiones de j\u00f3venes y prometedores futbolistas.<\/p>\n<p class=\"paragraph\">Hasta el minuto 40 no vimos el color del uniforme (rosa) que llevaba Esteban. <b>Fue en un disparo lejano y potente de Marino, al que tuvo que responder palmeando levemente para enviar a saque de esquina.<\/b><\/p>\n<p class=\"paragraph\">Llam\u00f3 la atenci\u00f3n, ya en el segundo periodo, la manera en la que coloc\u00f3 la barrera en una falta lateral. <b>Dos futbolistas la \u201ccompusieron\u201d, ya que estuvieron separados por unos dos metros de distancia para poder ver con m\u00e1s nitidez por donde sal\u00eda el bal\u00f3n. Muy curioso.<\/b> No fue el \u00fanico env\u00edo que recibi\u00f3, pues los pocos recursos ofensivos rojillos vinieron por ah\u00ed, donde control\u00f3 con autoridad con su casi 1,95 de altura, llev\u00e1ndose en uno de ellos un golpe duro de su compa\u00f1ero Paul.<\/p>\n<p class=\"paragraph\"><b>La gran ocasi\u00f3n local vino en un c\u00f3rner que Paulino le quit\u00f3 con un horrible despeje de cabeza cuando \u00e9l iba a sacar de pu\u00f1os. <\/b>Se salv\u00f3 ah\u00ed el Real Zaragoza del empate, porque el bal\u00f3n fue al pie de Bauz\u00e1 en vez de ser al rev\u00e9s, lo que hubiera supuesto un final muy amargo.<\/p>\n<p class=\"paragraph\"><b>Seguro con los pies<\/b>, vio una cartulina amarilla en el minuto 93 por perder tiempo, una decisi\u00f3n que hizo que Orellana Cid a\u00f1adiese un minuto m\u00e1s a los siete que descont\u00f3 inicialmente.<\/p>\n","protected":false},"excerpt":{"rendered":"Quiso salir Gabi de las cuerdas en las que se encontraba, con la toalla a punto de ser&hellip;\n","protected":false},"author":2,"featured_media":141915,"comment_status":"","ping_status":"","sticky":false,"template":"","format":"standard","meta":{"footnotes":""},"categories":[268],"tags":[44092,34731,24565,168,25,24,280,282,620,281,23,167,491],"class_list":{"0":"post-141914","1":"post","2":"type-post","3":"status-publish","4":"format-standard","5":"has-post-thumbnail","7":"category-futbol","8":"tag-andrada","9":"tag-barrera","10":"tag-curiosa","11":"tag-deportes","12":"tag-es","13":"tag-espana","14":"tag-football","15":"tag-futbol","16":"tag-portero","17":"tag-soccer","18":"tag-spain","19":"tag-sports","20":"tag-zaragoza"},"share_on_mastodon":{"url":"","error":""},"_links":{"self":[{"href":"https:\/\/www.europesays.com\/es\/wp-json\/wp\/v2\/posts\/141914","targetHints":{"allow":["GET"]}}],"collection":[{"href":"https:\/\/www.europesays.com\/es\/wp-json\/wp\/v2\/posts"}],"about":[{"href":"https:\/\/www.europesays.com\/es\/wp-json\/wp\/v2\/types\/post"}],"author":[{"embeddable":true,"href":"https:\/\/www.europesays.com\/es\/wp-json\/wp\/v2\/users\/2"}],"replies":[{"embeddable":true,"href":"https:\/\/www.europesays.com\/es\/wp-json\/wp\/v2\/comments?post=141914"}],"version-history":[{"count":0,"href":"https:\/\/www.europesays.com\/es\/wp-json\/wp\/v2\/posts\/141914\/revisions"}],"wp:featuredmedia":[{"embeddable":true,"href":"https:\/\/www.europesays.com\/es\/wp-json\/wp\/v2\/media\/141915"}],"wp:attachment":[{"href":"https:\/\/www.europesays.com\/es\/wp-json\/wp\/v2\/media?parent=141914"}],"wp:term":[{"taxonomy":"category","embeddable":true,"href":"https:\/\/www.europesays.com\/es\/wp-json\/wp\/v2\/categories?post=141914"},{"taxonomy":"post_tag","embeddable":true,"href":"https:\/\/www.europesays.com\/es\/wp-json\/wp\/v2\/tags?post=141914"}],"curies":[{"name":"wp","href":"https:\/\/api.w.org\/{rel}","templated":true}]}}