{"id":141922,"date":"2025-09-27T09:13:10","date_gmt":"2025-09-27T09:13:10","guid":{"rendered":"https:\/\/www.europesays.com\/es\/141922\/"},"modified":"2025-09-27T09:13:10","modified_gmt":"2025-09-27T09:13:10","slug":"el-relato-de-terror-de-sonia-moldes-sobre-alessandro-lequio-tenia-miedo-de-el","status":"publish","type":"post","link":"https:\/\/www.europesays.com\/es\/141922\/","title":{"rendered":"El relato de terror de Sonia Moldes sobre Alessandro Lequio: \u00abTen\u00eda miedo de \u00e9l\u00bb"},"content":{"rendered":"<p class=\"voc-p\" style=\"\">Las memorias de <a href=\"https:\/\/www.abc.es\/gente\/mar-flores-explota-terelu-campos-muestra-enfado-20250926110621-vi.html\" target=\"_self\" data-voc-vtm-id=\"in-text-traffic\" title=\"Mar Flores\" data-mrf-link=\"www.abc.es\" rel=\"nofollow noopener\">Mar Flores<\/a> siguen dando de qu\u00e9 hablar y de paso han devuelto a la actualidad la agitada vida sentimental de <a href=\"https:\/\/www.abc.es\/gente\/lequio-tras-ultimas-declaraciones-mar-flores-monte-20250915144907-vi.html\" target=\"_self\" data-voc-vtm-id=\"in-text-traffic\" title=\"Alessandro Lequio\" data-mrf-link=\"www.abc.es\" rel=\"nofollow noopener\">Alessandro Lequio<\/a>. Y ha ocurrido que una de sus exnovias, <strong>Sonia Moldes<\/strong>, ha salido de las catacumbas para ofrecer en &#8216;\u00a1De Viernes!&#8217;<strong> un retrato de terror del arist\u00f3crata<\/strong>. \u00abLe ten\u00eda miedo\u00bb, ha asegurado entre otras muchas cosas.<\/p>\n<p class=\"voc-p\" style=\"\">El ex de Mar Flores y Ana Obreg\u00f3n, entre muchas otras, mantuvo otro romance de lo m\u00e1s medi\u00e1tico con Sonia Moldes <strong>all\u00e1 por los a\u00f1os 90<\/strong>, una relaci\u00f3n con muchas aristas e inc\u00f3gnitas que ahora la modelo se ha encargado de airear en <strong>su regreso a los plat\u00f3s tras largos a\u00f1os de silencio<\/strong>. Y su testimonio ha sido de todo menos amable con Lequio, quien seguramente a estas horas ya est\u00e9 afilando su respuesta.<\/p>\n<p class=\"voc-p\" style=\"\">Sonia Moldes comenz\u00f3 a salir con el arist\u00f3crata justo despu\u00e9s de que este rompiera con Mar Flores y lo primero que la modelo ha dicho en &#8216;\u00a1De Viernes!&#8217; ha sido: \u00ab<strong>\u00c9l me cont\u00f3 que estaba muy enamorado de Mar<\/strong> y lo que quer\u00eda era que rompiera con Fernando (Fern\u00e1ndez Tapias). Lo que hizo para dinamitar esa relaci\u00f3n fueron las fotos famosas en la farola, para que Fernando les pillara y la dejara, y as\u00ed poder estar con ella. Para m\u00ed eso no es amor. <strong>Ni un ataque de impulsividad justifica algo as\u00ed<\/strong>\u00bb.<\/p>\n<p>\nEl plan de Lequio con Mar Flores\n<\/p>\n<p class=\"voc-p\" style=\"\">Seg\u00fan ha contado Sonia Moldes, <a href=\"https:\/\/www.abc.es\/gente\/ana-obregon-descubrio-infidelidad-alessandro-lequio-era-20250722095856-nt.html\" target=\"_self\" data-voc-vtm-id=\"in-text-traffic\" title=\"Alessandro Lequio\" data-mrf-link=\"www.abc.es\" rel=\"nofollow noopener\">Alessandro Lequio<\/a> urdi\u00f3 todo un plan que llev\u00f3 hasta sus \u00faltimas consecuencias. \u00abComo Mar le dijo que Fernando la hab\u00eda perdonado y la enviaba fuera para calmar las aguas, volvi\u00f3 a sacar m\u00e1s encuentros. Y ah\u00ed s\u00ed lleg\u00f3 la ruptura definitiva. Me hablaba como un hombre <strong>dolido<\/strong>, pero no con odio. <strong>Dec\u00eda que lo hab\u00eda pasado muy mal<\/strong>, aunque conmigo nunca daba la cara real\u00bb, ha relatado.<\/p>\n<p class=\"voc-p\" style=\"\">La modelo gallega ha ofrecido un retrato muy poco amable del especial car\u00e1cter del italiano y lo dif\u00edcil que era la convivencia con \u00e9l. \u00abEn su momento yo le ten\u00eda miedo a \u00e9l. Es una persona muy temperamental\u00bb, ha apuntado. Y ha soltado algo que ha sonado a amenaza: \u00ab<strong>S\u00e9 toda su vida, familiar y personal<\/strong>. Lo s\u00e9 de su boca\u00bb. Cosas que podr\u00edan dejar con la boca abierta \u00abal pa\u00eds entero\u00bb.<\/p>\n<p>\nLa c\u00e1mara en la alcoba\n<\/p>\n<p class=\"voc-p\" style=\"\">Sonia Moldes tambi\u00e9n ha sido concreta con algunas de las supuestas pr\u00e1cticas del italiano con sus parejas y ha narrado un suceso que ha provocado perplejidad al sugerir que grababa todas sus conquistas de alcoba. \u00abUn d\u00eda, cuando est\u00e1bamos juntos, yo en el techo de su habitaci\u00f3n veo <strong>una especie de rejilla negra extra\u00f1a<\/strong> y le pregunto qu\u00e9 era eso. Entonces \u00e9l se sienta en la cama, se r\u00ede y me dice: &#8216;Eres la primera persona que se ha dado cuenta de esto&#8217;\u00bb. Seg\u00fan la gallega, \u00ab<strong>Alessandro era muy irrespetuoso<\/strong>\u00bb, y no sabe qu\u00e9 hac\u00eda con todo aquello. \u00abCon ese material yo no s\u00e9 qu\u00e9 quer\u00eda hacer, pero la respuesta es obvia\u2026 Algo bueno con esas grabaciones no pensaba hacer. \u00bfChantajear? Yo no lo s\u00e9\u00bb.<\/p>\n<p class=\"voc-p\" style=\"\">El perfil que ha dibujado del italiano no ha sido precisamente amable y ha asegurado en &#8216;\u00a1De Viernes!&#8217; que \u00ab<strong>el mayor mentiroso de todo esto es \u00e9l, es maquiav\u00e9lico<\/strong>\u00ab, ofreciendo su versi\u00f3n de lo ocurrido con Mar Flores. \u00abLa vida de Mar no la s\u00e9. Vamos a pensar que puede mentir, en una parte, que haya enga\u00f1ado a Fern\u00e1ndez Tapias. \u00bf<strong>C\u00f3mo te atreves a juzgar una infidelidad<\/strong> cuando \u00e9l en su vida le es infiel a Antonia (Dell&#8217;Atte) y a Ana (Obreg\u00f3n)?\u00ab, ha resumido. A estas horas, es de sospechar que Lequio ya est\u00e9 urdiendo su plan.<\/p>\n<p>Reportar un error<\/p>\n","protected":false},"excerpt":{"rendered":"Las memorias de Mar Flores siguen dando de qu\u00e9 hablar y de paso han devuelto a la actualidad&hellip;\n","protected":false},"author":2,"featured_media":141923,"comment_status":"","ping_status":"","sticky":false,"template":"","format":"standard","meta":{"footnotes":""},"categories":[91],"tags":[15651,146,147,25,24,35829,5486,44093,25378,57,26026,23,6667],"class_list":{"0":"post-141922","1":"post","2":"type-post","3":"status-publish","4":"format-standard","5":"has-post-thumbnail","7":"category-entretenimiento","8":"tag-alessandro","9":"tag-entertainment","10":"tag-entretenimiento","11":"tag-es","12":"tag-espana","13":"tag-lequio","14":"tag-miedo","15":"tag-moldes","16":"tag-relato","17":"tag-sobre","18":"tag-sonia","19":"tag-spain","20":"tag-terror"},"share_on_mastodon":{"url":"","error":""},"_links":{"self":[{"href":"https:\/\/www.europesays.com\/es\/wp-json\/wp\/v2\/posts\/141922","targetHints":{"allow":["GET"]}}],"collection":[{"href":"https:\/\/www.europesays.com\/es\/wp-json\/wp\/v2\/posts"}],"about":[{"href":"https:\/\/www.europesays.com\/es\/wp-json\/wp\/v2\/types\/post"}],"author":[{"embeddable":true,"href":"https:\/\/www.europesays.com\/es\/wp-json\/wp\/v2\/users\/2"}],"replies":[{"embeddable":true,"href":"https:\/\/www.europesays.com\/es\/wp-json\/wp\/v2\/comments?post=141922"}],"version-history":[{"count":0,"href":"https:\/\/www.europesays.com\/es\/wp-json\/wp\/v2\/posts\/141922\/revisions"}],"wp:featuredmedia":[{"embeddable":true,"href":"https:\/\/www.europesays.com\/es\/wp-json\/wp\/v2\/media\/141923"}],"wp:attachment":[{"href":"https:\/\/www.europesays.com\/es\/wp-json\/wp\/v2\/media?parent=141922"}],"wp:term":[{"taxonomy":"category","embeddable":true,"href":"https:\/\/www.europesays.com\/es\/wp-json\/wp\/v2\/categories?post=141922"},{"taxonomy":"post_tag","embeddable":true,"href":"https:\/\/www.europesays.com\/es\/wp-json\/wp\/v2\/tags?post=141922"}],"curies":[{"name":"wp","href":"https:\/\/api.w.org\/{rel}","templated":true}]}}