{"id":141924,"date":"2025-09-27T09:16:07","date_gmt":"2025-09-27T09:16:07","guid":{"rendered":"https:\/\/www.europesays.com\/es\/141924\/"},"modified":"2025-09-27T09:16:07","modified_gmt":"2025-09-27T09:16:07","slug":"ee-uu-retira-el-visado-al-presidente-de-colombia-por-instar-a-los-soldados-a-desobedecer-a-trump","status":"publish","type":"post","link":"https:\/\/www.europesays.com\/es\/141924\/","title":{"rendered":"EE.UU. retira el visado al presidente de Colombia por instar a los soldados a desobedecer a Trump"},"content":{"rendered":"<p>\n                    Publicado                 27\/09\/2025 &#8211; 9:05 CEST<br \/>\n                \u2022Ultima actualizaci\u00f3n<br \/>\n                                     9:20\n                                        <\/p>\n<p>          <img decoding=\"async\" class=\"c-ad__placeholder__logo\" src=\"https:\/\/static.euronews.com\/website\/images\/logos\/logo-euronews-stacked-outlined-72x72-grey-9.svg\" width=\"72\" height=\"72\" alt=\"\" loading=\"lazy\"\/><br \/>\n          PUBLICIDAD<\/p>\n<p>El presidente colombiano Gustavo Petro protagoniz\u00f3 este viernes una nueva controversia internacional al dirigirse a soldados estadounidenses durante un <strong>acto en Nueva York<\/strong> contra la <a href=\"https:\/\/es.euronews.com\/2025\/09\/26\/depongan-las-armas-y-liberen-a-los-rehenes-dice-netanyahu-a-hamas-ante-la-onu\" rel=\"nofollow noopener\" target=\"_blank\"><strong>campa\u00f1a israel\u00ed en Gaza<\/strong><\/a>. <\/p>\n<p>En su intervenci\u00f3n, Petro inst\u00f3 a los militares de EE.UU. a desobedecer las \u00f3rdenes del presidente Donald Trump para permitir que opere <strong>un futuro \u00abEj\u00e9rcito de salvaci\u00f3n\u00bb multinacional<\/strong> destinado a apoyar al pueblo palestino.<\/p>\n<p>\u00abTiene que ser m\u00e1s grande que el de los EE.UU. Por eso desde aqu\u00ed, desde Nueva York les <strong>pido a todos los soldados del Ej\u00e9rcito de EE.UU. que desobedezcan la orden de Trump<\/strong>. Les pido no apuntar contra la humanidad sus fusiles\u00bb, declar\u00f3 el mandatario colombiano durante la manifestaci\u00f3n.<\/p>\n<p>Esta propuesta, que <strong>Petro presenta<\/strong> ante la <a href=\"https:\/\/es.euronews.com\/tag\/asamblea-general-de-las-naciones-unidas\" rel=\"nofollow noopener\" target=\"_blank\"><strong>Asamblea General de las Naciones Unidas<\/strong><\/a> bajo la figura de <strong>&#8216;Uniting for Peace&#8217;<\/strong>, requerir\u00eda el respaldo de dos tercios de los Estados miembros para desarrollar una acci\u00f3n militar coordinada internacionalmente. Hasta el momento, <strong>solo Indonesia ha expresado su apoyo<\/strong> a esta iniciativa, seg\u00fan indic\u00f3 el propio presidente colombiano.<\/p>\n<p>Reacci\u00f3n estadounidense y cr\u00edticas internas en Colombia<\/p>\n<p>La respuesta del Departamento de Estado de EE.UU. no se hizo esperar. A trav\u00e9s de un escueto mensaje en la red social X, las autoridades estadounidenses calificaron las declaraciones de <a href=\"https:\/\/es.euronews.com\/tag\/gustavo-petro\" rel=\"nofollow noopener\" target=\"_blank\">Petro<\/a> como \u00abacciones imprudentes y provocadoras\u00bb y <strong>anunciaron la revocaci\u00f3n inmediata de su visado<\/strong>.<\/p>\n<p>La decisi\u00f3n ha generado <strong>fuertes cr\u00edticas en Colombia<\/strong>, donde pol\u00edticos y empresarios han pedido al presidente un manejo m\u00e1s responsable de las relaciones bilaterales con Estados Unidos. <\/p>\n<p>El <strong>expresidente Iv\u00e1n Duque acus\u00f3 a Petro de \u00abjugar con la dignidad\u00bb de Colombia<\/strong> y de mostrar una \u00abconducta irracional\u00bb, mientras que \u00c1lvaro Uribe destac\u00f3 que las sanciones van dirigidas exclusivamente contra la figura del mandatario y no contra el pa\u00eds.<\/p>\n<p>Por su parte, el presidente de la Asociaci\u00f3n Nacional de Empresarios de <a href=\"https:\/\/es.euronews.com\/tag\/colombia\" rel=\"nofollow noopener\" target=\"_blank\">Colombia <\/a>(ANDI), Bruce Mac Master, alert\u00f3 sobre las <strong>posibles consecuencias econ\u00f3micas de esta crisis diplom\u00e1tica<\/strong>: \u00abNo nos estamos tomando en serio y responsablemente las relaciones internacionales del pa\u00eds y los costos pueden ser inmensos para todos los ciudadanos\u00bb.<\/p>\n<p>Seg\u00fan fuentes diplom\u00e1ticas, <strong>Petro ya ha abandonado Estados Unidos \u00abcomo estaba previsto\u00bb para regresar a Bogot\u00e1<\/strong>, dejando tras de s\u00ed una nueva crisis en las relaciones entre ambos pa\u00edses.<\/p>\n","protected":false},"excerpt":{"rendered":"Publicado 27\/09\/2025 &#8211; 9:05 CEST \u2022Ultima actualizaci\u00f3n 9:20 PUBLICIDAD El presidente colombiano Gustavo Petro protagoniz\u00f3 este viernes una&hellip;\n","protected":false},"author":2,"featured_media":141925,"comment_status":"","ping_status":"","sticky":false,"template":"","format":"standard","meta":{"footnotes":""},"categories":[42],"tags":[30616,17,18,1803,629,13,14,3916,11,61,62,63,64,19,20,9,10,15,16,12,21,22,36168,65,66,67],"class_list":{"0":"post-141924","1":"post","2":"type-post","3":"status-publish","4":"format-standard","5":"has-post-thumbnail","7":"category-internacional","8":"tag-asamblea-general-de-las-naciones-unidas","9":"tag-breaking-news","10":"tag-breakingnews","11":"tag-colombia","12":"tag-estados-unidos","13":"tag-featured-news","14":"tag-featurednews","15":"tag-gustavo-petro","16":"tag-headlines","17":"tag-internacional","18":"tag-international","19":"tag-international-news","20":"tag-internationalnews","21":"tag-latest-news","22":"tag-latestnews","23":"tag-news","24":"tag-noticias","25":"tag-noticias-destacadas","26":"tag-noticiasdestacadas","27":"tag-titulares","28":"tag-ultimas-noticias","29":"tag-ultimasnoticias","30":"tag-visado","31":"tag-world","32":"tag-world-news","33":"tag-worldnews"},"share_on_mastodon":{"url":"","error":""},"_links":{"self":[{"href":"https:\/\/www.europesays.com\/es\/wp-json\/wp\/v2\/posts\/141924","targetHints":{"allow":["GET"]}}],"collection":[{"href":"https:\/\/www.europesays.com\/es\/wp-json\/wp\/v2\/posts"}],"about":[{"href":"https:\/\/www.europesays.com\/es\/wp-json\/wp\/v2\/types\/post"}],"author":[{"embeddable":true,"href":"https:\/\/www.europesays.com\/es\/wp-json\/wp\/v2\/users\/2"}],"replies":[{"embeddable":true,"href":"https:\/\/www.europesays.com\/es\/wp-json\/wp\/v2\/comments?post=141924"}],"version-history":[{"count":0,"href":"https:\/\/www.europesays.com\/es\/wp-json\/wp\/v2\/posts\/141924\/revisions"}],"wp:featuredmedia":[{"embeddable":true,"href":"https:\/\/www.europesays.com\/es\/wp-json\/wp\/v2\/media\/141925"}],"wp:attachment":[{"href":"https:\/\/www.europesays.com\/es\/wp-json\/wp\/v2\/media?parent=141924"}],"wp:term":[{"taxonomy":"category","embeddable":true,"href":"https:\/\/www.europesays.com\/es\/wp-json\/wp\/v2\/categories?post=141924"},{"taxonomy":"post_tag","embeddable":true,"href":"https:\/\/www.europesays.com\/es\/wp-json\/wp\/v2\/tags?post=141924"}],"curies":[{"name":"wp","href":"https:\/\/api.w.org\/{rel}","templated":true}]}}