{"id":141926,"date":"2025-09-27T09:17:13","date_gmt":"2025-09-27T09:17:13","guid":{"rendered":"https:\/\/www.europesays.com\/es\/141926\/"},"modified":"2025-09-27T09:17:13","modified_gmt":"2025-09-27T09:17:13","slug":"la-jueza-de-la-dana-notifica-por-escrito-por-primera-vez-a-mazon-la-posibilidad-de-que-declare-como-investigado-noticias-de-la-comunidad-valenciana","status":"publish","type":"post","link":"https:\/\/www.europesays.com\/es\/141926\/","title":{"rendered":"La jueza de la dana notifica por escrito por primera vez a Maz\u00f3n la posibilidad de que declare como investigado | Noticias de la Comunidad Valenciana"},"content":{"rendered":"<p class=\"\">La jueza de Catarroja (Valencia) que investiga la dana, Nuria Ruiz Tobarra, ha notificado por escrito al president, Carlos Maz\u00f3n, la posibilidad de que declare como investigado de forma voluntaria en la causa que indaga la riada que el pasado 29 de octubre dej\u00f3 229 muertos, seg\u00fan una diligencia conocida este viernes a la que ha tenido acceso EL PA\u00cdS. \u201cRecibido exhorto cumplimentado, dirigido a notificar el auto de 11\/9\/25 a D. Carlos Maz\u00f3n Guixot, con car\u00e1cter positivo\u201d, recoge la magistrada. <\/p>\n<p class=\"\">La resoluci\u00f3n alude a la fecha en la que, por \u00faltima vez,<a href=\"https:\/\/elpais.com\/espana\/2025-09-11\/la-jueza-de-la-dana-cita-como-testigo-a-la-numero-dos-de-mazon-y-ofrece-al-president-declarar-como-investigado.html\" target=\"_self\" rel=\"nofollow noopener\" title=\"https:\/\/elpais.com\/espana\/2025-09-11\/la-jueza-de-la-dana-cita-como-testigo-a-la-numero-dos-de-mazon-y-ofrece-al-president-declarar-como-investigado.html\"> la jueza ofreci\u00f3 al jefe del Consell la opci\u00f3n de comparecer como investigado en el juzgado<\/a>. El pasado d\u00eda 11, la instructora mencion\u00f3 esta posibilidad en un auto en el que argumentaba que, despu\u00e9s de que Maribel Vilaplana, la periodista que comi\u00f3 con Maz\u00f3n el d\u00eda de la gota fr\u00eda, diera a trav\u00e9s de una carta abierta una nueva versi\u00f3n sobre su salida del restaurante de Valencia El Ventorro se hac\u00eda conveniente escuchar al president. La informadora reconoci\u00f3 que el almuerzo dur\u00f3 m\u00e1s de tres horas y media y que sali\u00f3 del establecimiento a las 18.45 horas. Diez meses antes, dec\u00eda que se fue de la c\u00e9ntrica casa de comidas a las 17.45 horas. <\/p>\n<p class=\"\"><a href=\"https:\/\/elpais.com\/espana\/2025-09-11\/la-jueza-de-la-dana-cita-como-testigo-a-la-numero-dos-de-mazon-y-ofrece-al-president-declarar-como-investigado.html\" target=\"_self\" rel=\"nofollow noopener\" title=\"https:\/\/elpais.com\/espana\/2025-09-11\/la-jueza-de-la-dana-cita-como-testigo-a-la-numero-dos-de-mazon-y-ofrece-al-president-declarar-como-investigado.html\">En el \u00faltimo auto en el que la jueza mencion\u00f3 a Maz\u00f3n<\/a>, en el que tambi\u00e9n cit\u00f3 a declarar como testigo a su n\u00famero dos, la vicepresidenta Susana Camarero, la instructora se interesaba por \u201cel periodo de tiempo\u201d que el dirigente pas\u00f3 en el restaurante mientras se inundaba la provincia de Valencia. E incid\u00eda en las \u201ccomunicaciones telef\u00f3nicas que tuvo con otras personas\u201d en El Ventorro. Vilaplana reconoci\u00f3 en su carta que el president no se mostr\u00f3 especialmente inquieto por las llamadas que recib\u00eda durante la comida. Durante su extensa sobremesa, Maz\u00f3n habl\u00f3 por tel\u00e9fono en varias ocasiones con la exconsejera de Justicia e Interior al frente de la emergencia, la imputada Salom\u00e9 Pradas. <\/p>\n<p class=\"\">Ruiz Tobarra s\u00f3lo puede llamar a declarar a Maz\u00f3n de forma voluntaria. La citaci\u00f3n imperativa como imputado del jefe del Consell tendr\u00eda que aprobarla el Tribunal Superior de Justicia de la Comunidad Valenciana (TSJCV) tras el razonamiento de la instructora. <\/p>\n<p class=\"\">Al se\u00f1alar de nuevo a Maz\u00f3n, la jueza incrementa la presi\u00f3n del president, a quien ya ofreci\u00f3 la posibilidad de declarar como investigado el pasado marzo, cuando la magistrada imput\u00f3 a los dos exaltos cargos de la Generalitat investigados en la causa: la exconsejera Pradas, y quien fuera su segundo durante la riada, el exdirector de Emergencias, Emilio Arg\u00fceso. Maz\u00f3n rechaz\u00f3 entonces la puerta de acudir al juzgado que le abri\u00f3 la instructora para comparecer en unas pesquisas que indagan los presuntos delitos de homicidios y lesiones imprudentes, que est\u00e1n castigados con hasta cuatro y tres a\u00f1os de prisi\u00f3n, respectivamente. <\/p>\n<p class=\"\">PP y Vox rechazaron este jueves en Les Corts la propuesta de Comprom\u00eds para instar al Consell a que Maz\u00f3n declare voluntariamente como investigado en la causa de la dana que investiga la jueza Ruiz Tobarra. <\/p>\n<p class=\"\">Por otra parte, la jueza de la dana ha dictado un auto que permite la personaci\u00f3n como acusaci\u00f3n popular de la asociaci\u00f3n ultra conservadora Hazte O\u00edr, que deber\u00e1 desembolsar una fianza de 6.000 euros. La decisi\u00f3n llega despu\u00e9s de que la Secci\u00f3n Segunda de la Audiencia de Valencia haya estimado esta semana un recurso de este grupo para regresar a la causa. <\/p>\n<p class=\"\">Hazte O\u00edr vuelve a la investigaci\u00f3n despu\u00e9s de ser expulsada el pasado mayo por la magistrada Ruiz Tobarra, que alegaba que esta organizaci\u00f3n, que se hab\u00eda querellado sin \u00e9xito contra el presidente de la Confederaci\u00f3n Hidrogr\u00e1fica del J\u00facar (CHJ), Miguel Polo; y la delegada del Gobierno, Pilar Bernab\u00e9, no ejerc\u00eda ninguna acusaci\u00f3n contra los dos exaltos cargos de Maz\u00f3n imputados. <\/p>\n","protected":false},"excerpt":{"rendered":"La jueza de Catarroja (Valencia) que investiga la dana, Nuria Ruiz Tobarra, ha notificado por escrito al president,&hellip;\n","protected":false},"author":2,"featured_media":141927,"comment_status":"","ping_status":"","sticky":false,"template":"","format":"standard","meta":{"footnotes":""},"categories":[8],"tags":[17,18,2007,12137,242,1681,4978,25,24,13,14,238,11,4274,19,20,9,10,15,16,952,1670,23,4275,12,21,22],"class_list":{"0":"post-141926","1":"post","2":"type-post","3":"status-publish","4":"format-standard","5":"has-post-thumbnail","7":"category-espana","8":"tag-breaking-news","9":"tag-breakingnews","10":"tag-carlos-mazon","11":"tag-catastrofes","12":"tag-comunidad-valenciana","13":"tag-dana","14":"tag-emergencias","15":"tag-es","16":"tag-espana","17":"tag-featured-news","18":"tag-featurednews","19":"tag-generalitat-valenciana","20":"tag-headlines","21":"tag-inundaciones-dana-octubre-2024","22":"tag-latest-news","23":"tag-latestnews","24":"tag-news","25":"tag-noticias","26":"tag-noticias-destacadas","27":"tag-noticiasdestacadas","28":"tag-politica","29":"tag-politicos","30":"tag-spain","31":"tag-susana-camarero","32":"tag-titulares","33":"tag-ultimas-noticias","34":"tag-ultimasnoticias"},"share_on_mastodon":{"url":"","error":""},"_links":{"self":[{"href":"https:\/\/www.europesays.com\/es\/wp-json\/wp\/v2\/posts\/141926","targetHints":{"allow":["GET"]}}],"collection":[{"href":"https:\/\/www.europesays.com\/es\/wp-json\/wp\/v2\/posts"}],"about":[{"href":"https:\/\/www.europesays.com\/es\/wp-json\/wp\/v2\/types\/post"}],"author":[{"embeddable":true,"href":"https:\/\/www.europesays.com\/es\/wp-json\/wp\/v2\/users\/2"}],"replies":[{"embeddable":true,"href":"https:\/\/www.europesays.com\/es\/wp-json\/wp\/v2\/comments?post=141926"}],"version-history":[{"count":0,"href":"https:\/\/www.europesays.com\/es\/wp-json\/wp\/v2\/posts\/141926\/revisions"}],"wp:featuredmedia":[{"embeddable":true,"href":"https:\/\/www.europesays.com\/es\/wp-json\/wp\/v2\/media\/141927"}],"wp:attachment":[{"href":"https:\/\/www.europesays.com\/es\/wp-json\/wp\/v2\/media?parent=141926"}],"wp:term":[{"taxonomy":"category","embeddable":true,"href":"https:\/\/www.europesays.com\/es\/wp-json\/wp\/v2\/categories?post=141926"},{"taxonomy":"post_tag","embeddable":true,"href":"https:\/\/www.europesays.com\/es\/wp-json\/wp\/v2\/tags?post=141926"}],"curies":[{"name":"wp","href":"https:\/\/api.w.org\/{rel}","templated":true}]}}