{"id":141928,"date":"2025-09-27T09:19:13","date_gmt":"2025-09-27T09:19:13","guid":{"rendered":"https:\/\/www.europesays.com\/es\/141928\/"},"modified":"2025-09-27T09:19:13","modified_gmt":"2025-09-27T09:19:13","slug":"el-uneatlantico-pereda-salta-a-la-pista","status":"publish","type":"post","link":"https:\/\/www.europesays.com\/es\/141928\/","title":{"rendered":"El Uneatl\u00e1ntico Pereda salta a la pista"},"content":{"rendered":"<p>El objetivo es muy claro: \u00abMantenernos en Divisi\u00f3n de Honor Oro y, si puede ser, con la tranquilidad de la temporada pasada, que lo hicimos  &#8230; a falta de un mes de terminar, todav\u00eda mejor\u00bb. Gustavo Alonso, el entrenador del Uneatl\u00e1ntico Pereda, reconoce que en el vestuario amarillo \u00abya hay ganas de empezar a competir\u00bb despu\u00e9s de una pretemporada de seis semanas que \u00abse hace larga\u00bb, seg\u00fan el expivote que ahora gobierna el destino del equipo santanderino exactamente igual que lo hizo con la l\u00ednea de seis metros cuando jugaba en Asobal. <\/p>\n<p class=\"v-p\">Alonso tom\u00f3 el mando del banquillo delUneatl\u00e1ntico Pereda a mediados de la pasada temporada, tras la repentina salida de Luis Toscana en medio de una crisis de resultados. El santanderino no hab\u00eda entrenado hasta ese momento ning\u00fan equipo femenino, pero no lo dud\u00f3 y convirti\u00f3 a las amarillas en una prolongaci\u00f3n de su personalidad sobre la pista. \u00abTenemos un estilo muy marcado, de grupo, sin centrarnos en individualidades y, sobre todo, jugamos mucho con las pivotes\u00bb, es decir, ese juego rocoso, r\u00e1pido y efectivo que Gustavo Alonso pase\u00f3 durante m\u00e1s de quince a\u00f1os por las mejores pistas del mundo. \u00abPara m\u00ed, es b\u00e1sico ese juego\u00bb, asegura el entrenador. \u00abEs m\u00e1s, creo que hay equipos que no saben sacar todo el provecho que deber\u00edan a su pivote, una pieza clave ofensivamente en el balonmano\u00bb. El santanderino no dud\u00f3 en aceptar la renovaci\u00f3n despu\u00e9s de su compromiso con el proyecto y la buen\u00edsima sinton\u00eda con la plantilla. \u00abSon muy trabajadoras, no dud\u00e9 en ning\u00fan momento continuar, el equipo funcion\u00f3 muy bien. Se pod\u00eda haber conseguido m\u00e1s\u00bb.<\/p>\n<p class=\"v-p\">Ahora, Gustavo Alonso tiene por delante una temporada \u00aben una categor\u00eda complicada y con equipos que se han reforzado mucho\u00bb, explica. \u00abNos va a costar y es dif\u00edcil, a\u00fan m\u00e1s siendo un club humilde como es nuestro caso\u00bb. Oviedo, C\u00f3rdoba o Bola\u00f1os son los principales candidatos al ascenso, en una Liga, \u00aba grandes rasgos, muy igualada\u00bb, augura, \u00aben la que no puedes confiarte en ning\u00fan partido. Lo mismo te llevas una sorpresa contra el colista que puedes ganar a uno de los favoritos\u00bb.<\/p>\n<p class=\"v-p\">Para esta temporada que estrenan contra el Lleida (hoy, 19.00 horas) sobre la pista de La Albericia, el Uneatl\u00e1ntico Pereda ha optado por una plantilla plagada de talento c\u00e1ntabro en la que han desembarcado las astillerenses Cristina P\u00e9rez y Eva San Juan. Tampoco faltan canteranas que se abrieron hueco a base de empe\u00f1o en el primer equipo, como sucede con Noa Regato, campeona regional en todas las categor\u00edas y formada desde peque\u00f1a en la entidad amarilla. A todas ellas se suman la ilicitana Luc\u00eda Guilabert, la bilba\u00edna Hedon\u00e9 de Prado, as\u00ed como el regreso de Emma Brajkovic, despu\u00e9s de su aventura asturiana en el Oviedo, y de Mari\u00e1n Mera, tras una temporada en el Anaitasuna. <\/p>\n<p class=\"v-p\">Con la columna vertebral de la pasada temporada renovada, Gustavo Alonso ha apostado por mantenerse fiel a su estilo y, sobre todo, por confiar en la capacidad y ganas de trabajar de una plantilla joven y con talento que quiere consolidarse en la segunda categor\u00eda y seguir siendo de Oro. <\/p>\n","protected":false},"excerpt":{"rendered":"El objetivo es muy claro: \u00abMantenernos en Divisi\u00f3n de Honor Oro y, si puede ser, con la tranquilidad&hellip;\n","protected":false},"author":2,"featured_media":141929,"comment_status":"","ping_status":"","sticky":false,"template":"","format":"standard","meta":{"footnotes":""},"categories":[278],"tags":[376,168,25,24,375,9921,5839,950,23,167,44094],"class_list":{"0":"post-141928","1":"post","2":"type-post","3":"status-publish","4":"format-standard","5":"has-post-thumbnail","7":"category-balonmano","8":"tag-balonmano","9":"tag-deportes","10":"tag-es","11":"tag-espana","12":"tag-handball","13":"tag-pereda","14":"tag-pista","15":"tag-salta","16":"tag-spain","17":"tag-sports","18":"tag-uneatlantico"},"share_on_mastodon":{"url":"","error":""},"_links":{"self":[{"href":"https:\/\/www.europesays.com\/es\/wp-json\/wp\/v2\/posts\/141928","targetHints":{"allow":["GET"]}}],"collection":[{"href":"https:\/\/www.europesays.com\/es\/wp-json\/wp\/v2\/posts"}],"about":[{"href":"https:\/\/www.europesays.com\/es\/wp-json\/wp\/v2\/types\/post"}],"author":[{"embeddable":true,"href":"https:\/\/www.europesays.com\/es\/wp-json\/wp\/v2\/users\/2"}],"replies":[{"embeddable":true,"href":"https:\/\/www.europesays.com\/es\/wp-json\/wp\/v2\/comments?post=141928"}],"version-history":[{"count":0,"href":"https:\/\/www.europesays.com\/es\/wp-json\/wp\/v2\/posts\/141928\/revisions"}],"wp:featuredmedia":[{"embeddable":true,"href":"https:\/\/www.europesays.com\/es\/wp-json\/wp\/v2\/media\/141929"}],"wp:attachment":[{"href":"https:\/\/www.europesays.com\/es\/wp-json\/wp\/v2\/media?parent=141928"}],"wp:term":[{"taxonomy":"category","embeddable":true,"href":"https:\/\/www.europesays.com\/es\/wp-json\/wp\/v2\/categories?post=141928"},{"taxonomy":"post_tag","embeddable":true,"href":"https:\/\/www.europesays.com\/es\/wp-json\/wp\/v2\/tags?post=141928"}],"curies":[{"name":"wp","href":"https:\/\/api.w.org\/{rel}","templated":true}]}}