{"id":141930,"date":"2025-09-27T09:22:06","date_gmt":"2025-09-27T09:22:06","guid":{"rendered":"https:\/\/www.europesays.com\/es\/141930\/"},"modified":"2025-09-27T09:22:06","modified_gmt":"2025-09-27T09:22:06","slug":"murio-a-los-28-anos-la-pareja-influencer-de-un-famoso-golfista","status":"publish","type":"post","link":"https:\/\/www.europesays.com\/es\/141930\/","title":{"rendered":"muri\u00f3 a los 28 a\u00f1os la pareja influencer de un famoso golfista"},"content":{"rendered":"<p>El <a href=\"https:\/\/www.clarin.com\/deportes\/polideportivo\/phil-mickelson-protagonizo-historia-impactante-deporte-va-2021_0_3VzJ5Idox.html\" target=\"_blank\" title=\"mundo del golf \" alt=\"mundo del golf \" rel=\"nofollow noopener\">mundo del golf <\/a>abraza a uno de sus exponentes. En las \u00faltimas horas se dio a conocer que muri\u00f3 <strong>Makena White<\/strong>, la pareja influencer del golfista estadounidense del <a href=\"https:\/\/www.clarin.com\/deportes\/susto-ryder-cup-2025-espera-donald-trump-exploto-cable-alta-tension-publico_0_7FWMJeWI1f.html\" target=\"_blank\" title=\"PGA Tour\" alt=\"PGA Tour\" rel=\"nofollow noopener\">PGA Tour<\/a>, <strong>Jake Knapp<\/strong>. Ten\u00eda 28 a\u00f1os.<\/p>\n<p>La noticia fue anunciada en el Instagram de la joven por una amiga suya. En una publicaci\u00f3n junto con una foto de White, la mujer comunica \u201ccon gran pesar\u201d que \u201cMakena falleci\u00f3 a principios de esta semana\u201d.<\/p>\n<p>\u201cSu padre, su familia, sus amigos y, por supuesto, Nelly y Fergie la extra\u00f1an profundamente\u201d, contin\u00faa.<\/p>\n<p>Y a\u00f1ade: \u201c<strong>Makena era \u00fanica<\/strong>. Ten\u00eda una forma \u00fanica de hacerte sentir especial, y su enorme coraz\u00f3n siempre rebosaba de amor. Ser querida por Makena fue un regalo; uno que vino con risas infinitas, much\u00edsima alegr\u00eda y una pizca de caos mientras intent\u00e1bamos seguirle el ritmo a su agenda de viajes\u201d.<\/p>\n<p>Para cerrar, la amiga de White se\u00f1ala que quien desee honrar la memoria de Makena puede hacer donaciones a la Cl\u00ednica Bruy\u00e8re de Salud Cerebral y Memoria o al Fondo de Dotaci\u00f3n Griffin Bell.<\/p>\n<p>De momento no se dio a conocer la causa de muerte.<\/p>\n<p>White y Knapp sal\u00edan hace dos a\u00f1os. El golfista n\u00famero 80 del mundo hab\u00eda ganado el a\u00f1o pasado el Abierto de M\u00e9xico, su \u00fanica victoria en el PGA Tour.<\/p>\n<p>Makena ten\u00eda casi 13 mil seguidores en Instagram. Era muy activa en redes sociales. Su \u00faltimo posteo en vida es una foto de ella con Knapp en el que celebra sus dos a\u00f1os de relaci\u00f3n.<\/p>\n<p>\u201c<strong>Segundo a\u00f1o de abrazos en el fairway y vi\u00e9ndote vivir tus sue\u00f1os<\/strong>. Segunda temporada en los libros. Siempre agradecido de estar en este camino contigo. \u00a1Por muchos m\u00e1s!Te quiero mucho, cari\u00f1o, haces que sea tan f\u00e1cil estar orgulloso\u201d, escribi\u00f3 en el posteo.<\/p>\n<p>Fan\u00e1tica de los perros, Makena sol\u00eda compartir en Instagram actualizaciones de sus vacaciones y momentos con Knapp, con su padre o jugando al golf, entre otras actividades.<\/p>\n<p>Knapp no se refiri\u00f3 al tema en sus redes, pero muchos allegados del ambiente ya le expresaron sus condolencias en los comentarios de su \u00faltimo posteo en Instagram.<\/p>\n","protected":false},"excerpt":{"rendered":"El mundo del golf abraza a uno de sus exponentes. En las \u00faltimas horas se dio a conocer&hellip;\n","protected":false},"author":2,"featured_media":141931,"comment_status":"","ping_status":"","sticky":false,"template":"","format":"standard","meta":{"footnotes":""},"categories":[275],"tags":[168,25,24,329,23,167],"class_list":{"0":"post-141930","1":"post","2":"type-post","3":"status-publish","4":"format-standard","5":"has-post-thumbnail","7":"category-golf","8":"tag-deportes","9":"tag-es","10":"tag-espana","11":"tag-golf","12":"tag-spain","13":"tag-sports"},"share_on_mastodon":{"url":"","error":""},"_links":{"self":[{"href":"https:\/\/www.europesays.com\/es\/wp-json\/wp\/v2\/posts\/141930","targetHints":{"allow":["GET"]}}],"collection":[{"href":"https:\/\/www.europesays.com\/es\/wp-json\/wp\/v2\/posts"}],"about":[{"href":"https:\/\/www.europesays.com\/es\/wp-json\/wp\/v2\/types\/post"}],"author":[{"embeddable":true,"href":"https:\/\/www.europesays.com\/es\/wp-json\/wp\/v2\/users\/2"}],"replies":[{"embeddable":true,"href":"https:\/\/www.europesays.com\/es\/wp-json\/wp\/v2\/comments?post=141930"}],"version-history":[{"count":0,"href":"https:\/\/www.europesays.com\/es\/wp-json\/wp\/v2\/posts\/141930\/revisions"}],"wp:featuredmedia":[{"embeddable":true,"href":"https:\/\/www.europesays.com\/es\/wp-json\/wp\/v2\/media\/141931"}],"wp:attachment":[{"href":"https:\/\/www.europesays.com\/es\/wp-json\/wp\/v2\/media?parent=141930"}],"wp:term":[{"taxonomy":"category","embeddable":true,"href":"https:\/\/www.europesays.com\/es\/wp-json\/wp\/v2\/categories?post=141930"},{"taxonomy":"post_tag","embeddable":true,"href":"https:\/\/www.europesays.com\/es\/wp-json\/wp\/v2\/tags?post=141930"}],"curies":[{"name":"wp","href":"https:\/\/api.w.org\/{rel}","templated":true}]}}