{"id":141936,"date":"2025-09-27T09:25:15","date_gmt":"2025-09-27T09:25:15","guid":{"rendered":"https:\/\/www.europesays.com\/es\/141936\/"},"modified":"2025-09-27T09:25:15","modified_gmt":"2025-09-27T09:25:15","slug":"nos-hara-volver-a-la-cima","status":"publish","type":"post","link":"https:\/\/www.europesays.com\/es\/141936\/","title":{"rendered":"Nos har\u00e1 volver a la cima"},"content":{"rendered":"<p><strong>Franco Colapinto, el joven piloto argentino de Alpine, habl\u00f3 sobre la intensa din\u00e1mica de trabajo con el jefe del equipo, Flavio Briatore, asegurando que el exigente enfoque del italiano ha sido clave para su desarrollo en la F\u00f3rmula 1.<\/strong><\/p>\n<p>Colapinto fue fichado como piloto reserva desde Williams en enero y, tras los resultados decepcionantes de Jack Doohan, Briatore lo promovi\u00f3 al asiento titular de forma sorpresiva, debutando en el Gran Premio de Imola. Sin embargo, su llegada coincidi\u00f3 con uno de los momentos m\u00e1s complicados de la escuder\u00eda francesa.<\/p>\n<p><strong>La Relaci\u00f3n con el \u00abJefe Duro\u00bb<\/strong><\/p>\n<p>En una extensa conversaci\u00f3n para el podcast Beyond the Grid de la F1, Colapinto desgran\u00f3 su relaci\u00f3n con el l\u00edder, conocido por su estilo directo y sin filtros, incluso cuando se trata de cr\u00edticas p\u00fablicas.<\/p>\n<p><strong>\u00abTengo una muy buena relaci\u00f3n con Flavio,\u00bb dijo Colapinto. \u00abEs duro con todos y su manera de hacer que el equipo trabaje y de motivar a la gente&#8230; a veces puede ser un poco fuerte, y si no lo conoces, puede parecerte un poco excesivo.\u00bb<\/strong><\/p>\n<p><img decoding=\"async\" src=\"https:\/\/www.europesays.com\/es\/wp-content\/uploads\/2025\/09\/UnHqDt5WQ_870x580__1.jpg\" alt=\"Formula One F1 - Hungarian Grand Prix - Hungaroring, Budapest, Hungary - August 3, 2025&#10;Alpine's Franco Colapinto arrives ahead of the race REUTERS\/Jakub Porzycki\" width=\"870\" height=\"580\" class=\"styles_cover-image__pRCD1\" loading=\"lazy\"\/>\u00abEs alguien en quien realmente conf\u00edo y en quien creo que llevar\u00e1 a este equipo hacia adelante\u00bb explic\u00f3 Colapinto, Credito: REUTERS\/Jennifer Lorenzini<\/p>\n<p>A pesar de que Briatore lleg\u00f3 a cuestionar p\u00fablicamente la decisi\u00f3n de ascender tan pronto al piloto de 22 a\u00f1os, Colapinto asegura que no tiene problemas con el estilo del jefe, ya que lo ve como un motor de crecimiento.<\/p>\n<p><strong>\u00abEs alguien en quien realmente conf\u00edo y en quien creo que llevar\u00e1 a este equipo hacia adelante. Va a ayudar al equipo a volver a la cima, as\u00ed que aprend\u00ed mucho de \u00e9l este a\u00f1o,\u00bb explic\u00f3 Colapinto, a\u00f1adiendo: \u00abMe ha hecho mucho m\u00e1s fuerte mentalmente.\u00bb<\/strong><\/p>\n<p>\u00abEstoy muy agradecido, por supuesto, por la oportunidad que me dio, pero tambi\u00e9n por todo este proceso que estamos atravesando\u00bb, concluy\u00f3 el argentino.<\/p>\n<p><strong>La Lucha en la Pista y el Enfoque en 2026<\/strong><\/p>\n<p><strong>El debut de Colapinto se ha visto opacado por la grave crisis de rendimiento de Alpine. Actualmente, el equipo se encuentra \u00faltimo en el Campeonato de Constructores, con solo 20 puntos sumados por Pierre Gasly en toda la temporada, y el propio Colapinto a\u00fan no ha logrado sumar unidades.<\/strong><\/p>\n<p>La escuder\u00eda ha reconocido que gran parte de sus recursos ya est\u00e1n centrados en el proyecto del motor Mercedes para 2026.<\/p>\n<p><img decoding=\"async\" src=\"https:\/\/www.europesays.com\/es\/wp-content\/uploads\/2025\/09\/my1bu88dg_870x580__1.jpg\" alt=\"Formula One F1 - Hungarian Grand Prix - Hungaroring, Budapest, Hungary - July 31, 2025&#10;Alpine's Franco Colapinto arrives ahead of the Hungarian Grand Prix REUTERS\/Bernadett Szabo\" width=\"870\" height=\"580\" class=\"styles_cover-image__pRCD1\" loading=\"lazy\"\/>\u00abEs alguien en quien realmente conf\u00edo y en quien creo que llevar\u00e1 a este equipo hacia adelante\u00bb explic\u00f3 Colapinto, Credito: REUTERS\/Jennifer Lorenzini<\/p>\n<p><strong>A pesar de la desalentadora tabla de resultados, el argentino mantiene la moral alta. \u00abSi miras los resultados, pensar\u00edas: &#8216;Uf, va a ser muy dif\u00edcil que Alpine salga de ah\u00ed&#8217;. Pero definitivamente siento que no nos estamos rindiendo,\u00bb expres\u00f3 el piloto.<\/strong><\/p>\n<p>Consultado sobre su futuro y la posibilidad de asegurar su asiento en la nueva era de 2026, Colapinto se mostr\u00f3 cauto, prefiriendo enfocarse en el presente.<\/p>\n<p><strong>\u00abNo lo s\u00e9, y la verdad es que no estoy muy enfocado en eso. Quiero seguir construyendo sobre lo que estamos haciendo este a\u00f1o. Hay mucho por aprender y todav\u00eda tengo mucho m\u00e1s por descubrir,\u00bb afirm\u00f3. \u00abEl objetivo principal ahora es ir carrera a carrera, momento a momento, y ver d\u00f3nde terminamos.\u00bb<\/strong><\/p>\n","protected":false},"excerpt":{"rendered":"Franco Colapinto, el joven piloto argentino de Alpine, habl\u00f3 sobre la intensa din\u00e1mica de trabajo con el jefe&hellip;\n","protected":false},"author":2,"featured_media":141937,"comment_status":"","ping_status":"","sticky":false,"template":"","format":"standard","meta":{"footnotes":""},"categories":[270],"tags":[1331,168,25,24,306,271,272,1723,628,23,167],"class_list":{"0":"post-141936","1":"post","2":"type-post","3":"status-publish","4":"format-standard","5":"has-post-thumbnail","7":"category-formula-1","8":"tag-alpine","9":"tag-deportes","10":"tag-es","11":"tag-espana","12":"tag-f1","13":"tag-formula-1","14":"tag-formula1","15":"tag-franco-colapinto","16":"tag-italia","17":"tag-spain","18":"tag-sports"},"share_on_mastodon":{"url":"","error":""},"_links":{"self":[{"href":"https:\/\/www.europesays.com\/es\/wp-json\/wp\/v2\/posts\/141936","targetHints":{"allow":["GET"]}}],"collection":[{"href":"https:\/\/www.europesays.com\/es\/wp-json\/wp\/v2\/posts"}],"about":[{"href":"https:\/\/www.europesays.com\/es\/wp-json\/wp\/v2\/types\/post"}],"author":[{"embeddable":true,"href":"https:\/\/www.europesays.com\/es\/wp-json\/wp\/v2\/users\/2"}],"replies":[{"embeddable":true,"href":"https:\/\/www.europesays.com\/es\/wp-json\/wp\/v2\/comments?post=141936"}],"version-history":[{"count":0,"href":"https:\/\/www.europesays.com\/es\/wp-json\/wp\/v2\/posts\/141936\/revisions"}],"wp:featuredmedia":[{"embeddable":true,"href":"https:\/\/www.europesays.com\/es\/wp-json\/wp\/v2\/media\/141937"}],"wp:attachment":[{"href":"https:\/\/www.europesays.com\/es\/wp-json\/wp\/v2\/media?parent=141936"}],"wp:term":[{"taxonomy":"category","embeddable":true,"href":"https:\/\/www.europesays.com\/es\/wp-json\/wp\/v2\/categories?post=141936"},{"taxonomy":"post_tag","embeddable":true,"href":"https:\/\/www.europesays.com\/es\/wp-json\/wp\/v2\/tags?post=141936"}],"curies":[{"name":"wp","href":"https:\/\/api.w.org\/{rel}","templated":true}]}}