{"id":141938,"date":"2025-09-27T09:26:16","date_gmt":"2025-09-27T09:26:16","guid":{"rendered":"https:\/\/www.europesays.com\/es\/141938\/"},"modified":"2025-09-27T09:26:16","modified_gmt":"2025-09-27T09:26:16","slug":"se-confirma-la-baja-de-fran-guerra-para-el-inicio-de-curso-en-la-laguna-tenerife","status":"publish","type":"post","link":"https:\/\/www.europesays.com\/es\/141938\/","title":{"rendered":"Se confirma la baja de Fran Guerra para el inicio de curso en La Laguna Tenerife"},"content":{"rendered":"<p class=\"ft-text ft-helper-closenews\"><strong>Se confirman las malas noticias en el juego interior canarista <\/strong>para su estreno oficial. <a class=\"ft-link ft-link--decoration\" href=\"https:\/\/www.eldia.es\/tags\/txus-vidorreta\/\" rel=\"nofollow noopener\" target=\"_blank\">Txus Vidorreta<\/a> ha reconocido este viernes que si bien<strong> \u00abse encuentra trabajando con el grupo, y est\u00e1 haciendo entre un 50 y un 60 por ciento del trabajo, <\/strong>todav\u00eda es un poco prematuro\u00bb contar con <a class=\"ft-link ft-link--decoration\" href=\"https:\/\/www.eldia.es\/tags\/fran-guerra\/\" rel=\"nofollow noopener\" target=\"_blank\">Fran Guerra<\/a> en la Supercopa Endesa de M\u00e1laga. De esta manera La Laguna Tenerife se queda con <a class=\"ft-link ft-link--decoration\" href=\"https:\/\/www.eldia.es\/tags\/gio-shermadini\/\" rel=\"nofollow noopener\" target=\"_blank\">Gio Shermadini<\/a> y con Kostas Kostadinov como cincos para medirse en la semifinal al <a class=\"ft-link ft-link--decoration\" href=\"https:\/\/www.eldia.es\/tags\/futbol\/\" rel=\"nofollow noopener\" target=\"_blank\">Real Madrid<\/a> de Walter Tavares y compa\u00f1\u00eda.<\/p>\n<p class=\"ft-text\"><a class=\"ft-link ft-link--decoration\" href=\"https:\/\/www.eldia.es\/tags\/txus-vidorreta\/\" rel=\"nofollow noopener\" target=\"_blank\">Vidorreta<\/a> tambi\u00e9n admiti\u00f3 que tanto Aaron Doornekamp como Wes Van Beck <strong>se han perdido algunos entrenos esta semana<\/strong>, pero conf\u00eda en recuperarlos a tiempo para el duelo del Mart\u00edn Carpena. Igualmente se lament\u00f3 el preparador canarista de que Marce <a class=\"ft-link ft-link--decoration\" href=\"https:\/\/www.eldia.es\/tags\/marcelinho-huertas\/\" rel=\"nofollow noopener\" target=\"_blank\">Huertas<\/a> \u00abno haya tenido la mejor semana de trabajo\u00bb a consecuencia del viaje a Madrid para la presentaci\u00f3n de la <a class=\"ft-link ft-link--decoration\" href=\"https:\/\/www.eldia.es\/tags\/baloncesto\/\" rel=\"nofollow noopener\" target=\"_blank\">ACB<\/a>, pero <strong>conf\u00eda en que el paulista \u00abmantenga las buenas sensaciones que mostr\u00f3 en el \u00faltimo partido contra el Granca\u00bb.<\/strong><\/p>\n<p>Un \u00e9xito enorme<\/p>\n<p class=\"ft-text\">Ya en t\u00e9rminos generales <strong>Vidorreta consider\u00f3 la obligaci\u00f3n de \u00abvalorar que estar en la Supercopa es ya un \u00e9xito enorme y un triunfo\u00bb, <\/strong>al codearse con los otros tres \u00abmejores equipos de la temporada pasada\u00bb, y sobre todo \u00absabiendo que hay otros clubes de mucho potencial que no pueden estar en este torneo este a\u00f1o\u00bb.<\/p>\n<p><img decoding=\"async\" src=\"https:\/\/www.europesays.com\/es\/wp-content\/uploads\/2025\/09\/5323db88-8a68-42a7-8679-242a56ae6fd8_alta-libre-aspect-ratio_default_0.jpg\" width=\"1200\" height=\"801\" alt=\"Txus Vidorreta, durante la rueda de prensa ofrecida antes de viajar a la Supercopa.\" class=\"ft-helper-img-rd\" loading=\"lazy\" hasdataaida=\"true\"\/><\/p>\n<p class=\"ft-helper-fontColor-quaternary ft-helper-fontSize-body-S ft-helper-spacer-t-xxs\">Txus Vidorreta, durante la rueda de prensa ofrecida antes de viajar a la Supercopa.  \/ E Cobos (CBC)<\/p>\n<p class=\"ft-text\">Sobre su adversario en semifinales,<strong> el Real Madrid<\/strong>, Vidorreta destac\u00f3 que <strong>\u00abse ha reforzado mucho y bien, fichando muchos jugadores\u00bb<\/strong>. Todo para conformar \u00abuna plantilla muy completa y con un gran entrenador, que es <a class=\"ft-link ft-link--decoration\" href=\"https:\/\/www.eldia.es\/tags\/sergio-rodriguez\/\" rel=\"nofollow noopener\" target=\"_blank\">Sergio<\/a> Scariolo\u00bb, con estilo \u00abalgo similar\u00bb al que hace el Canarias, pero con el <strong>cartel de \u00abfavorito\u00bb en su semifinal.<\/strong><\/p>\n<p>Las peras son peras<\/p>\n<p class=\"ft-text\"><strong>Una etiqueta que el Canarias tratar\u00e1 de compensar con \u00abmucha ilusi\u00f3n\u00bb <\/strong>y con el buen hacer de la que para su t\u00e9cnico es <a class=\"ft-link ft-link--decoration\" href=\"https:\/\/www.eldia.es\/deportes\/cb-canarias\/2025\/09\/23\/cb-canarias-presenta-sociedad-plantilla-121858117.html\" rel=\"nofollow noopener\" target=\"_blank\">\u00abla plantilla m\u00e1s completa\u00bb <\/a>del conjunto isle\u00f1o. Paso al frente liderado por los de siempre y alguna pieza m\u00e1s. <strong>Un n\u00facleo duro, advierte Vidorreta, que tambi\u00e9n se mantiene en el Real Madrid<\/strong>. \u00abSu columna vertebral siguen siendo los mismos jugadores. Campazzo, Llull, Abalde, Deck Hezonja Garuba, Tavares&#8230; <strong>Las peras son peras, y las manzanas, manzanas<\/strong>\u201d, se\u00f1al\u00f3 finalmente.<\/p>\n<p data-close=\"closedContent\" class=\"subscribeHideForDisplay\">Suscr\u00edbete para seguir leyendo<\/p>\n","protected":false},"excerpt":{"rendered":"Se confirman las malas noticias en el juego interior canarista para su estreno oficial. Txus Vidorreta ha reconocido&hellip;\n","protected":false},"author":2,"featured_media":141939,"comment_status":"","ping_status":"","sticky":false,"template":"","format":"standard","meta":{"footnotes":""},"categories":[269],"tags":[6814,299,298,1896,20464,1779,168,25,24,7410,69,4712,6839,3048,23,167,1370,2752],"class_list":{"0":"post-141938","1":"post","2":"type-post","3":"status-publish","4":"format-standard","5":"has-post-thumbnail","7":"category-baloncesto","8":"tag-baja","9":"tag-baloncesto","10":"tag-basketball","11":"tag-canarias","12":"tag-cb-canarias","13":"tag-confirma","14":"tag-deportes","15":"tag-es","16":"tag-espana","17":"tag-fran","18":"tag-guerra","19":"tag-inicio","20":"tag-la-laguna","21":"tag-real-madrid","22":"tag-spain","23":"tag-sports","24":"tag-tenerife","25":"tag-trabajo"},"share_on_mastodon":{"url":"","error":""},"_links":{"self":[{"href":"https:\/\/www.europesays.com\/es\/wp-json\/wp\/v2\/posts\/141938","targetHints":{"allow":["GET"]}}],"collection":[{"href":"https:\/\/www.europesays.com\/es\/wp-json\/wp\/v2\/posts"}],"about":[{"href":"https:\/\/www.europesays.com\/es\/wp-json\/wp\/v2\/types\/post"}],"author":[{"embeddable":true,"href":"https:\/\/www.europesays.com\/es\/wp-json\/wp\/v2\/users\/2"}],"replies":[{"embeddable":true,"href":"https:\/\/www.europesays.com\/es\/wp-json\/wp\/v2\/comments?post=141938"}],"version-history":[{"count":0,"href":"https:\/\/www.europesays.com\/es\/wp-json\/wp\/v2\/posts\/141938\/revisions"}],"wp:featuredmedia":[{"embeddable":true,"href":"https:\/\/www.europesays.com\/es\/wp-json\/wp\/v2\/media\/141939"}],"wp:attachment":[{"href":"https:\/\/www.europesays.com\/es\/wp-json\/wp\/v2\/media?parent=141938"}],"wp:term":[{"taxonomy":"category","embeddable":true,"href":"https:\/\/www.europesays.com\/es\/wp-json\/wp\/v2\/categories?post=141938"},{"taxonomy":"post_tag","embeddable":true,"href":"https:\/\/www.europesays.com\/es\/wp-json\/wp\/v2\/tags?post=141938"}],"curies":[{"name":"wp","href":"https:\/\/api.w.org\/{rel}","templated":true}]}}