{"id":141944,"date":"2025-09-27T09:29:14","date_gmt":"2025-09-27T09:29:14","guid":{"rendered":"https:\/\/www.europesays.com\/es\/141944\/"},"modified":"2025-09-27T09:29:14","modified_gmt":"2025-09-27T09:29:14","slug":"nuevas-alturas-y-72-viviendas","status":"publish","type":"post","link":"https:\/\/www.europesays.com\/es\/141944\/","title":{"rendered":"nuevas alturas y 72 viviendas"},"content":{"rendered":"<p>Se trata de una <strong>cuenta pendiente de <a href=\"https:\/\/www.hoyaragon.es\/blog\/section\/zaragoza\/\" rel=\"nofollow noopener\" target=\"_blank\">Zaragoza<\/a><\/strong> que se alargaba m\u00e1s de la cuenta. El <strong>hist\u00f3rico edificio del <a href=\"https:\/\/www.hoyaragon.es\/articulo\/zaragoza\/cafe-madrid-zaragoza\/20250216104457087510.html\" rel=\"nofollow noopener\" target=\"_blank\">Caf\u00e9 Madrid<\/a><\/strong><a href=\"https:\/\/www.hoyaragon.es\/articulo\/zaragoza\/cafe-madrid-zaragoza\/20250216104457087510.html\" rel=\"nofollow noopener\" target=\"_blank\">,<\/a> <strong>en la confluencia de la avenida de Madrid y el paseo Mar\u00eda Agust\u00edn<\/strong> ha estado durante casi tres d\u00e9cadas languideciendo y solo una reforma cosm\u00e9tica de su fachada lo ha adecentado en este tiempo.<\/p>\n<p>Pero<strong> esta triste historia llega a su fin<\/strong>. <a href=\"https:\/\/www.hoyaragon.es\/\" rel=\"nofollow noopener\" target=\"_blank\"><strong>HOY ARAG\u00d3N<\/strong><\/a> ha podido saber que <strong>el proyecto para su reforma integral, que incluye cuatro nuevas alturas, est\u00e1 listo y a punto de ser presentado en el Ayuntamiento de Zaragoza<\/strong>, lo cual ocurrir\u00e1 en cuesti\u00f3n de d\u00edas.<\/p>\n<p>Los pasos previos ya se han dado de forma satisfactoria. <strong>El Grupo Artal present\u00f3 un ambicioso anteproyecto a Urbanismo, el cual fue aprobado antes del verano<\/strong>. Para ello, fue necesario el <strong>visto bueno de Patrimonio<\/strong>, al tratarse de un inmueble en un \u00e1rea BIC, no por su arquitectura propia, sino por el hecho de que se encuentra junto a la iglesia del Portillo.<\/p>\n<p><img decoding=\"async\" width=\"1047\" height=\"720\" alt=\"Aspecto actual del edificio del Caf\u00e9 Madrid \/ HA\" src=\"https:\/\/www.europesays.com\/es\/wp-content\/uploads\/2025\/09\/2025092412115813329.webp.webp\" loading=\"lazy\"  \/><br \/>\nAspecto actual del edificio del Caf\u00e9 Madrid \/ HA<\/p>\n<p>Con la luz verde para su desarrollo,<strong> la promotora ha trabajado en un proyecto moderno que va a significar la construcci\u00f3n de 72 viviendas en una zona privilegiada de Zaragoza<\/strong>. Para ello, el edificio, actualmente de tres plantas, va a sumar cuatro m\u00e1s, modernizando el inmueble con una estructura vanguardista en la que predomina el cristal, haciendo honor a una ubicaci\u00f3n tan relevante y vistosa.<\/p>\n<p><strong>Dos piscinas y un gimnasio<\/strong><\/p>\n<p>Menci\u00f3n aparte merecen las zonas comunes que est\u00e1 proyectadas, las cuales ser\u00e1n de <strong>m\u00e1xima calidad<\/strong> y que incluyen dos piscinas, una de ellas climatizada, y un gimnasio, convirtiendo el inmueble en <strong>uno de los m\u00e1s apetecibles de toda Zaragoza, dada su ubicaci\u00f3n c\u00e9ntrica<\/strong>. Adem\u00e1s, este proyecto va a integrarse en un \u00e1rea que ha despegado en los \u00faltimos a\u00f1os y lo seguir\u00e1 haciendo en los pr\u00f3ximos.<\/p>\n<p>Por un lado, significa <strong>renovar la entrada al barrio de Delicias<\/strong>, que con la reforma integral de la avenida de Navarra y los nuevos proyectos construidos a lo largo del barrio del AVE est\u00e1 viviendo una segunda juventud. Asimismo, <strong>el desbloqueo del \u00e1rea de El Portillo<\/strong>, incluyendo la construcci\u00f3n de un gran parque que tendr\u00e1 un tama\u00f1o equivalente a tres plazas del Pilar y que, con una inversi\u00f3n de 33,8 millones comenzar\u00e1 a ejecutarse este mismo a\u00f1o.<\/p>\n<p><img decoding=\"async\" width=\"1152\" height=\"720\" alt=\"El nuevo parque de El Portillo, en la parte trasera del CaixaForum \/ HA\" src=\"https:\/\/www.europesays.com\/es\/wp-content\/uploads\/2025\/09\/2025092412133356314.webp.webp\" loading=\"lazy\"  \/><br \/>\nEl nuevo parque de El Portillo, en la parte trasera del CaixaForum \/ HOY ARAG\u00d3N<\/p>\n<p>De esta forma, el edifico del Caf\u00e9 Madrid, conocido tambi\u00e9n por el restaurante Casa Emilio, <strong>hace crecer la ola de proyectos de inter\u00e9s en esta parte de Zaragoza<\/strong>, que hab\u00eda quedado sumamente degradada. El edificio en cuesti\u00f3n <strong>data de 1889 y en el pasado ya se dieron intentos de rehabilitaci\u00f3n<\/strong> que quedaron en nada.<\/p>\n<p>Sin embargo, esta vez s\u00ed se confirma que saldr\u00e1 adelante, y lo har\u00e1 dando un nuevo aire a una zona noble de la ciudad, que renovar\u00e1 su aspecto a lo que corresponde para una urbe de referencia del siglo XXI.<\/p>\n","protected":false},"excerpt":{"rendered":"Se trata de una cuenta pendiente de Zaragoza que se alargaba m\u00e1s de la cuenta. El hist\u00f3rico edificio&hellip;\n","protected":false},"author":2,"featured_media":141945,"comment_status":"","ping_status":"","sticky":false,"template":"","format":"standard","meta":{"footnotes":""},"categories":[173],"tags":[229,233,231,230,232,234,146,147,25,24,44095,23,44096,3633,491],"class_list":{"0":"post-141944","1":"post","2":"type-post","3":"status-publish","4":"format-standard","5":"has-post-thumbnail","7":"category-arte-y-diseno","8":"tag-arte","9":"tag-arte-y-diseno","10":"tag-arts","11":"tag-arts-and-design","12":"tag-design","13":"tag-diseno","14":"tag-entertainment","15":"tag-entretenimiento","16":"tag-es","17":"tag-espana","18":"tag-obra-nueva","19":"tag-spain","20":"tag-urbanitae","21":"tag-vivienda","22":"tag-zaragoza"},"share_on_mastodon":{"url":"","error":""},"_links":{"self":[{"href":"https:\/\/www.europesays.com\/es\/wp-json\/wp\/v2\/posts\/141944","targetHints":{"allow":["GET"]}}],"collection":[{"href":"https:\/\/www.europesays.com\/es\/wp-json\/wp\/v2\/posts"}],"about":[{"href":"https:\/\/www.europesays.com\/es\/wp-json\/wp\/v2\/types\/post"}],"author":[{"embeddable":true,"href":"https:\/\/www.europesays.com\/es\/wp-json\/wp\/v2\/users\/2"}],"replies":[{"embeddable":true,"href":"https:\/\/www.europesays.com\/es\/wp-json\/wp\/v2\/comments?post=141944"}],"version-history":[{"count":0,"href":"https:\/\/www.europesays.com\/es\/wp-json\/wp\/v2\/posts\/141944\/revisions"}],"wp:featuredmedia":[{"embeddable":true,"href":"https:\/\/www.europesays.com\/es\/wp-json\/wp\/v2\/media\/141945"}],"wp:attachment":[{"href":"https:\/\/www.europesays.com\/es\/wp-json\/wp\/v2\/media?parent=141944"}],"wp:term":[{"taxonomy":"category","embeddable":true,"href":"https:\/\/www.europesays.com\/es\/wp-json\/wp\/v2\/categories?post=141944"},{"taxonomy":"post_tag","embeddable":true,"href":"https:\/\/www.europesays.com\/es\/wp-json\/wp\/v2\/tags?post=141944"}],"curies":[{"name":"wp","href":"https:\/\/api.w.org\/{rel}","templated":true}]}}