{"id":141955,"date":"2025-09-27T09:39:08","date_gmt":"2025-09-27T09:39:08","guid":{"rendered":"https:\/\/www.europesays.com\/es\/141955\/"},"modified":"2025-09-27T09:39:08","modified_gmt":"2025-09-27T09:39:08","slug":"la-onu-deja-solo-a-un-netanyahu-desafiante-que-insiste-en-que-no-tolerara-un-estado-palestino","status":"publish","type":"post","link":"https:\/\/www.europesays.com\/es\/141955\/","title":{"rendered":"La ONU deja solo a un Netanyahu desafiante que insiste en que no tolerar\u00e1 un Estado palestino"},"content":{"rendered":"<p class=\"articleParagraph\">Decenas de pa\u00edses se levantaron este viernes de sus asientos y <b>abandonaron la Asamblea General de la ONU<\/b> ante la entrada del primer ministro israel\u00ed, <b>Benjam\u00edn Netanyahu<\/b>, quien dio ante los que quedaban un discurso desafiante <b>criticando a los \u00abl\u00edderes d\u00e9biles\u00bb<\/b> que han reconocido el Estado palestino y reiterando que eso no ocurrir\u00e1.<\/p>\n<p class=\"articleParagraph\">A lo largo de 40 minutos, Netanyahu ense\u00f1\u00f3 a los presentes un mapa con las ofensivas israel\u00edes de los \u00faltimos dos a\u00f1os en la <b>Franja de Gaza, L\u00edbano, Ir\u00e1n, Siria, Irak y Yemen<\/b>, les ret\u00f3 con un \u00abexamen sorpresa\u00bb sobre esos territorios,<b> neg\u00f3 un genocidio<\/b> en la Franja palestina y <b>critic\u00f3 la postura \u00abantisemita\u00bb y \u00abd\u00e9bil\u00bb de los pa\u00edses que han reconocido el Estado palestino<\/b>, que Israel, dijo una y otra vez, <b>no permitir\u00e1 que exista<\/b>.<\/p>\n<p>\u00abIsrael debe acabar el trabajo en Gaza\u00bb<\/p>\n<p class=\"articleParagraph\">Sobre Gaza, Netanyahu afirm\u00f3 que <b>la acusaci\u00f3n de genocidio<\/b>, que respalda una comisi\u00f3n de la ONU e investigan tribunales internacionales,<b> \u00abes falsa\u00bb<\/b> y neg\u00f3 tambi\u00e9n que en la Franja haya hambruna, como ha confirmado un \u00edndice reconocido internacionalmente.<\/p>\n<p class=\"articleParagraph\">El primer ministro record\u00f3 la matanza de Ham\u00e1s el 7 de octubre de 2023 y c\u00f3mo en ese momento <b>muchos pa\u00edses apoyaron a Israel,<\/b> un apoyo que fue perdiendo <b>a medida que avanzaba en su ofensiva en la Franja<\/b>, donde seg\u00fan el Ministerio de Sanidad gazat\u00ed se han producido <b>m\u00e1s de 65.000 muertos en casi dos a\u00f1os<\/b>.<\/p>\n<p class=\"articleParagraph\">\u00abCon el tiempo, muchos l\u00edderes mundiales cedieron. <b>Se rindieron ante la presi\u00f3n de unos medios de comunicaci\u00f3n sesgados, de sectores islamistas radicales y de turbas antisemitas\u00bb<\/b>, opin\u00f3 al respecto, pero defendi\u00f3 la necesidad de su actuaci\u00f3n militar all\u00ed, que ahora se centra en <b>invadir la capital, ciudad de Gaza<\/b>, echando a su mill\u00f3n de habitantes.<\/p>\n<p class=\"articleParagraph\">\u00abLos \u00faltimos elementos, los \u00faltimos remanentes de Ham\u00e1s, se atrincheran en la ciudad de Gaza. Juran repetir las atrocidades del 7 de octubre una y otra vez. <b>Por eso Israel debe acabar el trabajo y por eso lo queremos hacer lo m\u00e1s r\u00e1pido posible\u00bb<\/b>, dijo.<\/p>\n<p>Pa\u00edses \u00abd\u00e9biles\u00bb que apoyan a Palestina<\/p>\n<p class=\"articleParagraph\">El primer ministro fue<b> muy cr\u00edtico<\/b> con los pa\u00edses que han reconocido en los \u00faltimos d\u00edas el <b>Estado de Palestina<\/b>, entre los que mencion\u00f3 a <b>Francia<\/b>, <b>Reino Unido<\/b>, <b>Australia <\/b>y <b>Canad\u00e1<\/b>, afirmando que con ello<b> \u00abrecompensan a los m\u00e1s antisemitas del mundo\u00bb<\/b> y denunciando una <b>guerra legal y pol\u00edtica contra Israel<\/b> por parte de \u00abl\u00edderes d\u00e9biles y necesitados\u00bb.<\/p>\n<p class=\"articleParagraph\">\u00abAqu\u00ed va un mensaje para esos l\u00edderes occidentales:<b> Israel no permitir\u00e1 que nos impongan un estado terrorista.<\/b> No cometeremos un suicidio nacional porque no tengan las agallas para enfrentarse a unos medios hostiles y a turbas antisemitas que exigen la sangre de Israel\u00bb, dijo Netanyahu ante una reducida audiencia.<\/p>\n<p class=\"articleParagraph\">El primer ministro israel\u00ed indic\u00f3 que esta posici\u00f3n no es solo suya, sino que <b>es \u00abla pol\u00edtica del Estado y de la poblaci\u00f3n del Estado de Israel\u00bb<\/b>, y calific\u00f3 de \u00abuna locura\u00bb hacerlo porque, entre otras cosas, dejar\u00eda el gobierno a la <b>Autoridad Nacional Palestina<\/b>, que tild\u00f3 de una organizaci\u00f3n <b>\u00abcorrupta hasta la m\u00e9dula\u00bb<\/b>.<\/p>\n<p>Mensaje a Ham\u00e1s<\/p>\n<p class=\"articleParagraph\">La Oficina de Netanyahu afirm\u00f3 antes del discurso que Israel hab\u00eda instalado unos <b>camiones con altavoces<\/b> junto a la frontera para retransmitirlo y que les llegara a los gazat\u00edes y durante su intervenci\u00f3n el primer ministro asegur\u00f3 que <b>los m\u00f3viles de los residentes en la Franja tambi\u00e9n lo iban a recibir.<\/b><\/p>\n<p class=\"articleParagraph\">\u00abGracias a los esfuerzos especiales de la inteligencia israel\u00ed, mis palabras ahora tambi\u00e9n se transmiten en vivo a los celulares de los gazat\u00edes\u00bb, asegur\u00f3 en su discurso, aunque EFE comprob\u00f3 en la ciudad de Gaza que sus habitantes <b>no lo hab\u00edan recibido en sus m\u00f3viles, ni tampoco escuchado los altavoces<\/b>, situados a kil\u00f3metros de all\u00ed.<\/p>\n<p class=\"articleParagraph\">Su intenci\u00f3n, subray\u00f3, era <b>llegar a los l\u00edderes de Ham\u00e1s y a los carceleros de los 48 rehenes que quedan en Gaza<\/b>, de los que se cree que 20 siguen vivos, a quienes Netanyahu lanz\u00f3 un mensaje: <b>\u00abDepongan las armas. Dejen ir a mi gente, liberen a los rehenes, a todos los 48, liberen a los rehenes. Si lo hacen, vivir\u00e1n. Si no, Israel los perseguir\u00e1\u00bb<\/b>.<\/p>\n","protected":false},"excerpt":{"rendered":"Decenas de pa\u00edses se levantaron este viernes de sus asientos y abandonaron la Asamblea General de la ONU&hellip;\n","protected":false},"author":2,"featured_media":141956,"comment_status":"","ping_status":"","sticky":false,"template":"","format":"standard","meta":{"footnotes":""},"categories":[42],"tags":[17,18,13,14,11,61,62,63,64,19,20,9,10,15,16,12,21,22,65,66,67],"class_list":{"0":"post-141955","1":"post","2":"type-post","3":"status-publish","4":"format-standard","5":"has-post-thumbnail","7":"category-internacional","8":"tag-breaking-news","9":"tag-breakingnews","10":"tag-featured-news","11":"tag-featurednews","12":"tag-headlines","13":"tag-internacional","14":"tag-international","15":"tag-international-news","16":"tag-internationalnews","17":"tag-latest-news","18":"tag-latestnews","19":"tag-news","20":"tag-noticias","21":"tag-noticias-destacadas","22":"tag-noticiasdestacadas","23":"tag-titulares","24":"tag-ultimas-noticias","25":"tag-ultimasnoticias","26":"tag-world","27":"tag-world-news","28":"tag-worldnews"},"share_on_mastodon":{"url":"","error":""},"_links":{"self":[{"href":"https:\/\/www.europesays.com\/es\/wp-json\/wp\/v2\/posts\/141955","targetHints":{"allow":["GET"]}}],"collection":[{"href":"https:\/\/www.europesays.com\/es\/wp-json\/wp\/v2\/posts"}],"about":[{"href":"https:\/\/www.europesays.com\/es\/wp-json\/wp\/v2\/types\/post"}],"author":[{"embeddable":true,"href":"https:\/\/www.europesays.com\/es\/wp-json\/wp\/v2\/users\/2"}],"replies":[{"embeddable":true,"href":"https:\/\/www.europesays.com\/es\/wp-json\/wp\/v2\/comments?post=141955"}],"version-history":[{"count":0,"href":"https:\/\/www.europesays.com\/es\/wp-json\/wp\/v2\/posts\/141955\/revisions"}],"wp:featuredmedia":[{"embeddable":true,"href":"https:\/\/www.europesays.com\/es\/wp-json\/wp\/v2\/media\/141956"}],"wp:attachment":[{"href":"https:\/\/www.europesays.com\/es\/wp-json\/wp\/v2\/media?parent=141955"}],"wp:term":[{"taxonomy":"category","embeddable":true,"href":"https:\/\/www.europesays.com\/es\/wp-json\/wp\/v2\/categories?post=141955"},{"taxonomy":"post_tag","embeddable":true,"href":"https:\/\/www.europesays.com\/es\/wp-json\/wp\/v2\/tags?post=141955"}],"curies":[{"name":"wp","href":"https:\/\/api.w.org\/{rel}","templated":true}]}}