{"id":141957,"date":"2025-09-27T09:40:10","date_gmt":"2025-09-27T09:40:10","guid":{"rendered":"https:\/\/www.europesays.com\/es\/141957\/"},"modified":"2025-09-27T09:40:10","modified_gmt":"2025-09-27T09:40:10","slug":"roma-acoge-a-los-catequistas-de-la-diocesis-de-santiago-en-su-jubileo","status":"publish","type":"post","link":"https:\/\/www.europesays.com\/es\/141957\/","title":{"rendered":"Roma acoge a los catequistas de la Di\u00f3cesis de Santiago en su Jubileo"},"content":{"rendered":"<p data-start=\"242\" data-end=\"744\">En la ma\u00f1ana del viernes, desde A Coru\u00f1a, part\u00eda la expedici\u00f3n de cuarenta catequistas de la Di\u00f3cesis, acompa\u00f1ados por su arzobispo, <strong data-start=\"317\" data-end=\"358\">mons. Francisco Jos\u00e9 Prieto Fern\u00e1ndez<\/strong>. La peregrinaci\u00f3n hab\u00eda sido cuidadosamente preparada por el equipo de la <strong data-start=\"433\" data-end=\"461\">Delegaci\u00f3n de Catequesis<\/strong>, coordinado por el Delegado, <strong data-start=\"463\" data-end=\"556\">Miguel L\u00f3pez Varela,<\/strong> y el Vicedelegado, <strong data-start=\"463\" data-end=\"556\">Alfonso Mera Nogueiras<\/strong>. Durante semanas trabajaron con dedicaci\u00f3n para que cada detalle estuviese cuidado y para que este encuentro no se viviera simplemente como un viaje, sino como un verdadero <strong data-start=\"730\" data-end=\"762\">camino espiritual compartido<\/strong>.<\/p>\n<p data-start=\"746\" data-end=\"909\">Tras una breve escala en Madrid, <strong>Roma<\/strong> los recibi\u00f3 al mediod\u00eda.\u00a0No era un viaje cualquiera. Era el <strong data-start=\"946\" data-end=\"976\">Jubileo de los Catequistas<\/strong>, un tiempo de gracia pensado para quienes, domingo a domingo, siembran la fe en las parroquias, casi siempre en silencio, como sembradores pacientes. Una gu\u00eda elaborada por la Delegaci\u00f3n de Catequesis les ayudaba a transformar cada paso en oraci\u00f3n y cada visita en experiencia compartida.<\/p>\n<p data-start=\"1269\" data-end=\"1750\">La primera jornada fue intensa, casi vertiginosa. La ruta comenz\u00f3 en la iglesia de <strong data-start=\"1352\" data-end=\"1383\">San Juan de los Florentinos<\/strong>, donde el grupo se reconoci\u00f3 como comunidad en misi\u00f3n compartida. M\u00e1s tarde, la <strong>Bas\u00edlica de San Pedro<\/strong> los acogi\u00f3 para la <strong data-start=\"1505\" data-end=\"1527\">Vigilia de Oraci\u00f3n<\/strong>, un encuentro que reuni\u00f3 a catequistas de Espa\u00f1a y de muchos otros pa\u00edses. All\u00ed, las voces y los testimonios formaron un mosaico universal que recordaba a todos que la misi\u00f3n de anunciar el Evangelio no conoce fronteras.<\/p>\n<p data-start=\"1752\" data-end=\"2071\">Entre las luces de la tarde, lleg\u00f3 la primera foto de grupo, frente al <strong data-start=\"1823\" data-end=\"1865\">monumento a los migrantes y refugiados<\/strong> en la Plaza de San Pedro. No fue una instant\u00e1nea m\u00e1s: fue una declaraci\u00f3n silenciosa de fe, un gesto que subrayaba que la Iglesia camina tambi\u00e9n con los desplazados, con quienes buscan hogar y esperanza.<\/p>\n<p data-start=\"2073\" data-end=\"2367\">Hoy s\u00e1bado, ya con m\u00e1s calma, fue momento de <strong>dar gracias por lo vivido<\/strong>. Los encuentros con catequistas de otras di\u00f3cesis, los relatos compartidos, la oraci\u00f3n hecha experiencia comunitaria\u2026 todo fue tejiendo una certeza: la misi\u00f3n catequ\u00e9tica, universal y necesaria.<\/p>\n","protected":false},"excerpt":{"rendered":"En la ma\u00f1ana del viernes, desde A Coru\u00f1a, part\u00eda la expedici\u00f3n de cuarenta catequistas de la Di\u00f3cesis, acompa\u00f1ados&hellip;\n","protected":false},"author":2,"featured_media":141958,"comment_status":"","ping_status":"","sticky":false,"template":"","format":"standard","meta":{"footnotes":""},"categories":[8],"tags":[17,18,25,24,13,14,11,19,20,9,10,15,16,23,12,21,22],"class_list":{"0":"post-141957","1":"post","2":"type-post","3":"status-publish","4":"format-standard","5":"has-post-thumbnail","7":"category-espana","8":"tag-breaking-news","9":"tag-breakingnews","10":"tag-es","11":"tag-espana","12":"tag-featured-news","13":"tag-featurednews","14":"tag-headlines","15":"tag-latest-news","16":"tag-latestnews","17":"tag-news","18":"tag-noticias","19":"tag-noticias-destacadas","20":"tag-noticiasdestacadas","21":"tag-spain","22":"tag-titulares","23":"tag-ultimas-noticias","24":"tag-ultimasnoticias"},"share_on_mastodon":{"url":"","error":""},"_links":{"self":[{"href":"https:\/\/www.europesays.com\/es\/wp-json\/wp\/v2\/posts\/141957","targetHints":{"allow":["GET"]}}],"collection":[{"href":"https:\/\/www.europesays.com\/es\/wp-json\/wp\/v2\/posts"}],"about":[{"href":"https:\/\/www.europesays.com\/es\/wp-json\/wp\/v2\/types\/post"}],"author":[{"embeddable":true,"href":"https:\/\/www.europesays.com\/es\/wp-json\/wp\/v2\/users\/2"}],"replies":[{"embeddable":true,"href":"https:\/\/www.europesays.com\/es\/wp-json\/wp\/v2\/comments?post=141957"}],"version-history":[{"count":0,"href":"https:\/\/www.europesays.com\/es\/wp-json\/wp\/v2\/posts\/141957\/revisions"}],"wp:featuredmedia":[{"embeddable":true,"href":"https:\/\/www.europesays.com\/es\/wp-json\/wp\/v2\/media\/141958"}],"wp:attachment":[{"href":"https:\/\/www.europesays.com\/es\/wp-json\/wp\/v2\/media?parent=141957"}],"wp:term":[{"taxonomy":"category","embeddable":true,"href":"https:\/\/www.europesays.com\/es\/wp-json\/wp\/v2\/categories?post=141957"},{"taxonomy":"post_tag","embeddable":true,"href":"https:\/\/www.europesays.com\/es\/wp-json\/wp\/v2\/tags?post=141957"}],"curies":[{"name":"wp","href":"https:\/\/api.w.org\/{rel}","templated":true}]}}