{"id":141967,"date":"2025-09-27T09:49:06","date_gmt":"2025-09-27T09:49:06","guid":{"rendered":"https:\/\/www.europesays.com\/es\/141967\/"},"modified":"2025-09-27T09:49:06","modified_gmt":"2025-09-27T09:49:06","slug":"fibwi-mallorca-basquet-el-ano-de-la-redencion","status":"publish","type":"post","link":"https:\/\/www.europesays.com\/es\/141967\/","title":{"rendered":"Fibwi Mallorca B\u00e0squet, el a\u00f1o de la redenci\u00f3n"},"content":{"rendered":"<p>El <strong>Fibwi Mallorca B\u00e0squet<\/strong> vuelve tras varias temporadas a la categor\u00eda de plata del <a href=\"https:\/\/www.ultimahora.es\/etiqueta\/baloncesto.html?utm_source=Inline-tag&amp;utm_medium=internal\" rel=\"nofollow noopener\" target=\"_blank\">baloncesto<\/a>, la <strong><a href=\"https:\/\/www.ultimahora.es\/etiqueta\/Primera+FEB.html?utm_source=Inline-tag&amp;utm_medium=internal\" rel=\"nofollow noopener\" target=\"_blank\">Primera FEB<\/a> <\/strong>antes conocida como LEB Oro. <strong>Pablo Cano afronta su segunda temporada al mando de la primera plantilla<\/strong> tras un verano de mucho trabajo, no solo en cuanto a mejorar a nivel de preparador, tambi\u00e9n a nivel personal. \u00ab<strong>Estoy muy motivado<\/strong>. Enseguida que conseguimos el ascenso ya esa misma noche me di cuenta que esto no paraba. Y fue una conversaci\u00f3n que tuve con mi agente y con mi esposa, que era si el a\u00f1o anterior hab\u00eda sido un gran salto para el club y para m\u00ed tambi\u00e9n personalmente, este a\u00f1o a la vez era m\u00e1s importante y de que ten\u00edamos la posibilidad de seguir creciendo y a eso ten\u00edamos que apuntar. <strong>Este verano me lo tom\u00e9 como un espacio de mucho aprendizaje para poder seguir creciendo<\/strong>, no solo en el baloncesto, sino tambi\u00e9n todas las otras cosas que tienen que ver con ser entrenador, que no es directamente con el b\u00e1squet\u00bb, explicaba el t\u00e9cnico uruguayo.<\/p>\n<p>Unos meses en el que ha estado ayudando a la <strong>selecci\u00f3n de Chipre en el Eurobasket como uno de los integrantes del cuerpo t\u00e9cnico del conjunto nacional<\/strong>. \u00abMuy reconfortante, emocionante, otra vez te traigo la palabra aprendizaje y con mucho orgullo tambi\u00e9n de haber pertenecido a esa competici\u00f3n de las mejores del mundo. <strong>La convivencia tambi\u00e9n con equipos de elite, con jugadores de la elite mundial, poder conversar con Scariollo, con el propio Spanoulis, o con el entrenador de Bosnia tambi\u00e9n tuve una conversaci\u00f3n hermosa<\/strong>. Son momentos que no solo me los quedo a nivel profesional, sino que a nivel personal tambi\u00e9n esa capacidad de estar con los \u00eddolos tambi\u00e9n ha ayudado\u00bb, afirm\u00f3 Cano.<\/p>\n<p>Una temporada en la que se exige y exigir\u00e1 m\u00e1s en todos los aspectos, pero que tiene claro que pese a ir evolucionado, sigue siendo el mismo que cuando lleg\u00f3 a la isla. \u00ab<strong>Me siento con las transformaciones necesarias para seguir siendo el mismo<\/strong>. Es muy importante entender que para uno seguir siendo el mismo se tiene que ir actualizando, porque el tiempo va cambiando y hay que ajustarse a las situaciones y tambi\u00e9n hay que mejorarse. Entonces, bueno, intent\u00e9 tomarme el desaf\u00edo del a\u00f1o pasado como diferentes pruebas que me transformen para llegar a mi siguiente nivel. Y ahora, <strong>no s\u00e9 si estoy en el siguiente nivel, pero s\u00ed estoy abierto para seguir siendo un eterno aprendiz<\/strong>, para que, justo ahora lo hablaba con el equipo, nosotros lo que tenemos que estar preparados para resolver situaciones. No solo de tener aprendizaje, que lo resolvimos, sino de seguir estando capacitados para cada vez resolver situaciones y eso es en lo que estoy enfocado\u00bb, confesaba.<\/p>\n<p>Durante el verano, el club ha intentado mantener un <strong>bloque s\u00f3lido de jugadores para el proyecto de Primera FEB y al mismo tiempo, reforzar y mejorar la plantilla<\/strong>, algo que Cano valora muy positivamente. \u00abIntentamos <strong>mantener la base del equipo del a\u00f1o pasado<\/strong>, capaz que nos hubiese gustado contar con alg\u00fan jugador m\u00e1s. Pero bueno, se dan diferentes situaciones y bueno, a partir de ah\u00ed <strong>empezar a buscar jugadores que intenten entender que esta era una gran oportunidad para ellos<\/strong> y que sean capaces inclusive de, renunciando a dinero, venir a buscar una oportunidad aqu\u00ed. Un equipo es un puzzle, obviamente no es que solo haya una pieza que calce, pero hay diferentes formas de las piezas que era necesaria tener. <strong>Sab\u00edamos que generalmente los equipos que son pobres en el mercado de fichajes fichan bien al final y tienen que esperar al final para poder fichar<\/strong>, dar los grandes fichajes. Si quieres fichar al principio, no puedes competir porque te ganan los equipos que tienen dinero\u00bb, explicaba.<\/p>\n<p>En su momento, el segundo entrenador Rub\u00e9n Escalas, defin\u00eda el equipo con la palabra energ\u00eda. Pablo Cano va m\u00e1s all\u00e1. \u00abSi tengo que explicar como es este conjunto en una palabra, <strong>esa es alma<\/strong>. Estoy muy contento porque creo que claramente no somos el presupuesto m\u00e1s grande de la Liga. Pero todo <strong>lo que estamos tratando de hacer lo tratamos de hacer con solidez<\/strong>, intentando hacer que el paso sea seguro y creo que Mart\u00ed Vives tiene mucha responsabilidad en todo. Al final del d\u00eda, obviamente que nosotros tenemos much\u00edsimo di\u00e1logo, pero el que toma las decisiones de por qui\u00e9n vamos a ir y por qui\u00e9n no es \u00e9l. Entonces, obviamente que yo tengo mi participaci\u00f3n en dar opiniones, pero nunca doy una opci\u00f3n sola. <strong>Me pone muy contento, sobre todo por \u00e9l, de que algunas cosas salgan bien<\/strong>\u00bb, dijo.<\/p>\n<p>Un a\u00f1o en el que la meta del equipo pasa por mantener la categor\u00eda pero que hay que ir paso a paso. \u00abYo quiero ir partido a partido intentando hacer que el equipo juegue bien antes de hablar de resultados. Ya saben, el a\u00f1o pasado que terminamos logrando el ascenso, que yo no hablo de objetivos de rendimiento. <strong>S\u00ed es real que el primer objetivo que hay que tener es la permanencia y eso es lo que tenemos que lograr en primer lugar<\/strong>. Todo lo que venga despu\u00e9s va a ser parte de un sue\u00f1o, pero te aclaro, <strong>somos un equipo de so\u00f1adores<\/strong> y aqu\u00ed todo el mundo sue\u00f1a con ser lo mejor posible. Esa es la realidad. Tenemos un objetivo que es lo tangible, lo s\u00f3lido y una necesidad y tenemos el sue\u00f1o\u00bb.<\/p>\n<p>El inicio de liga ya est\u00e1 a la vuelta de la esquina y este s\u00e1bado se enfrentar\u00e1n al Cartagena en su vuelta a la Primera FEB a partir de las 19 horas. \u00ab<strong>Lo que hemos visto de ellos es que est\u00e1n jugando bien al baloncesto, que tienen s\u00faper claro a lo que quieren jugar<\/strong>. Intentan llegar en transici\u00f3n y anotar tiros de tres puntos r\u00e1pido. Han fichado dos tiradores en el per\u00edmetro que te pueden lastimar con esa caracter\u00edstica, pero m\u00e1s que ellos, <strong>yo creo que si nosotros hacemos lo nuestro, estamos bien. Sobre todo en los primeros partidos<\/strong>, lo m\u00e1s importante es lo que hagamos nosotros, no tanto lo que hacen ellos. Obviamente que lo de ellos es importante y nosotros tenemos que tratar de tomar algunas atenciones para disminuirlo. Pero lo importante es c\u00f3mo vamos nosotros. Si nosotros estamos bien, vamos a ser bravos\u00bb.<\/p>\n<p>Un encuentro en el que no tendr\u00e1 a uno de los jugadores disponibles para el regreso a la categor\u00eda. \u00ab<strong>No vamos a poder contar con Xabi,<\/strong> tuvo una torcedura de la rodilla en el partido pasado y sabemos bien la identidad de la lesi\u00f3n. <strong>Y Jorge Mart\u00ednez lleg\u00f3 lesionado del verano,<\/strong> est\u00e1 haciendo todo un proceso de readaptaci\u00f3n para que llegue. <strong>Yo creo que Jorge vamos a poder contar con \u00e9l, pero vamos a verlo y Beraza seguro que nos llega<\/strong>. El chico est\u00e1 muy bien entrenado y tiene unas piernas privilegiadas, por lo que ese accidente que tuvo, fue una situaci\u00f3n accidental, seguramente la identidad de la lesi\u00f3n sea mucho menor a lo que podr\u00eda haber sido por c\u00f3mo est\u00e1 entrenado\u00bb, concluy\u00f3.<\/p>\n","protected":false},"excerpt":{"rendered":"El Fibwi Mallorca B\u00e0squet vuelve tras varias temporadas a la categor\u00eda de plata del baloncesto, la Primera FEB&hellip;\n","protected":false},"author":2,"featured_media":141968,"comment_status":"","ping_status":"","sticky":false,"template":"","format":"standard","meta":{"footnotes":""},"categories":[269],"tags":[299,298,168,25,24,301,832,833,14379,830,831,3917,23,167],"class_list":{"0":"post-141967","1":"post","2":"type-post","3":"status-publish","4":"format-standard","5":"has-post-thumbnail","7":"category-baloncesto","8":"tag-baloncesto","9":"tag-basketball","10":"tag-deportes","11":"tag-es","12":"tag-espana","13":"tag-eurobasket","14":"tag-eurocup","15":"tag-euroliga","16":"tag-fibwi-palma","17":"tag-leb-oro","18":"tag-liga-acb","19":"tag-primera-feb","20":"tag-spain","21":"tag-sports"},"share_on_mastodon":{"url":"","error":""},"_links":{"self":[{"href":"https:\/\/www.europesays.com\/es\/wp-json\/wp\/v2\/posts\/141967","targetHints":{"allow":["GET"]}}],"collection":[{"href":"https:\/\/www.europesays.com\/es\/wp-json\/wp\/v2\/posts"}],"about":[{"href":"https:\/\/www.europesays.com\/es\/wp-json\/wp\/v2\/types\/post"}],"author":[{"embeddable":true,"href":"https:\/\/www.europesays.com\/es\/wp-json\/wp\/v2\/users\/2"}],"replies":[{"embeddable":true,"href":"https:\/\/www.europesays.com\/es\/wp-json\/wp\/v2\/comments?post=141967"}],"version-history":[{"count":0,"href":"https:\/\/www.europesays.com\/es\/wp-json\/wp\/v2\/posts\/141967\/revisions"}],"wp:featuredmedia":[{"embeddable":true,"href":"https:\/\/www.europesays.com\/es\/wp-json\/wp\/v2\/media\/141968"}],"wp:attachment":[{"href":"https:\/\/www.europesays.com\/es\/wp-json\/wp\/v2\/media?parent=141967"}],"wp:term":[{"taxonomy":"category","embeddable":true,"href":"https:\/\/www.europesays.com\/es\/wp-json\/wp\/v2\/categories?post=141967"},{"taxonomy":"post_tag","embeddable":true,"href":"https:\/\/www.europesays.com\/es\/wp-json\/wp\/v2\/tags?post=141967"}],"curies":[{"name":"wp","href":"https:\/\/api.w.org\/{rel}","templated":true}]}}