{"id":141977,"date":"2025-09-27T09:55:05","date_gmt":"2025-09-27T09:55:05","guid":{"rendered":"https:\/\/www.europesays.com\/es\/141977\/"},"modified":"2025-09-27T09:55:05","modified_gmt":"2025-09-27T09:55:05","slug":"shakira-karol-g-y-morat-entre-los-ganadores-de-los-premios-juventud-2025","status":"publish","type":"post","link":"https:\/\/www.europesays.com\/es\/141977\/","title":{"rendered":"Shakira, Karol G y Morat, entre los ganadores de los Premios Juventud 2025"},"content":{"rendered":"<p><img alt=\"Karol G, Morat y Shakira,\" class=\"global-image\" decoding=\"async\" fetchpriority=\"high\" height=\"1080\" loading=\"eager\" src=\"https:\/\/www.europesays.com\/es\/wp-content\/uploads\/2025\/09\/WZPQOS2YQJED5GVUCVQBMWOI3Y.jpg\" width=\"1920\"\/>Karol G, Morat y Shakira, entre los ganadores por Colombia en los Premios Juventud 2025 &#8211; cr\u00e9dito @karolg, @morat y @shakira\/Instagram<\/p>\n<p class=\"paragraph\">El Figali Convention Center de Ciudad de Panam\u00e1 se convirti\u00f3 en el epicentro de la m\u00fasica latina el pasado jueves 25 de septiembre, cuando fue sede de una nueva edici\u00f3n m\u00e1s reciente de los Premios Juventud 2025. <\/p>\n<p class=\"paragraph\">La gala, reconocida como una de las m\u00e1s influyentes para la industria musical de habla hispana, tuvo como protagonistas a los artistas colombianos, quienes obtuvieron varios de los galardones principales de la noche.<b> Morat, Karol G, Shakira y un homenajeado Carlos Vives encabezaron la lista de ganadores en una velada que celebr\u00f3 la diversidad y el dinamismo de la m\u00fasica latina actual.<\/b><\/p>\n<p class=\"paragraph\"><b>Ahora puede seguirnos en<\/b><a rel=\"noopener nofollow\" href=\"https:\/\/www.facebook.com\/infobaecolombia\" target=\"_blank\"><b> Facebook<\/b><\/a><b> y en nuestro<\/b><a rel=\"noopener nofollow\" href=\"https:\/\/whatsapp.com\/channel\/0029Va4oNEALikgEL4Y8mb2K\" target=\"_blank\"><b> WhatsApp Channel<\/b><\/a><\/p>\n<p class=\"paragraph\">El evento rindi\u00f3 homenaje a <b>Panam\u00e1<\/b>, pa\u00eds anfitri\u00f3n, con una apertura que reuni\u00f3 a figuras emblem\u00e1ticas de la m\u00fasica local y regional. Sobre el escenario, nombres como <b>Sech<\/b>, <b>Boza<\/b>, <b>D\u00edmelo Flow<\/b>, <b>Los Rabanes<\/b>, <b>Nando Boom<\/b>, <b>Samy &amp; Sandra Sandoval<\/b>, <b>Natti Natasha<\/b>, <b>Farruko<\/b> y el legendario <b>Willie Col\u00f3n<\/b> interpretaron su clasica La Murga, un himno de la salsa producto de su legendaria sociedad con H\u00e9ctor Lavoe que marc\u00f3 el tono festivo de la noche.<\/p>\n<p><img alt=\"Morat fue uno de los\" class=\"global-image\" decoding=\"async\" fetchpriority=\"low\" height=\"1080\" loading=\"lazy\" src=\"https:\/\/www.europesays.com\/es\/wp-content\/uploads\/2025\/09\/J4F5E4YYANGIHOFELPI3VB7SZM.jpg\" width=\"1920\"\/>Morat fue uno de los grandes ganadores de los Premios Juventud 2025, llev\u00e1ndose tres galardones y empatando con Bad Bunny &#8211; cr\u00e9dito @morat\/Instagram<\/p>\n<p class=\"paragraph\">El protagonismo colombiano se hizo evidente a lo largo de la gala. Morat se consolid\u00f3 como uno de los grandes triunfadores al recibir tres premios: \u201cGrupo o D\u00fao Favorito del A\u00f1o\u201d, \u201cMejor Canci\u00f3n Pop\/Rock\u201d por Me Toca a M\u00ed \u2014tema interpretado junto a Camilo\u2014 y \u201cMejor \u00c1lbum Pop\u201d por Ya Es Ma\u00f1ana.<\/p>\n<p class=\"paragraph\">Esto le permiti\u00f3 a la agrupaci\u00f3n bogotana empatar la marca de Bad Bunny, el otro gran ganador de la jornada, que se llev\u00f3 \u201cMejor Canci\u00f3n Urbana\u201d por DTMF, \u201cMejor Colaboraci\u00f3n Urbana\u201d por Adivino y \u201cMejor \u00c1lbum Urbano\u201d por Deb\u00ed Tirar M\u00e1s Fotos.<\/p>\n<p><img alt=\"Karol G se llev\u00f3 dos\" class=\"global-image\" decoding=\"async\" fetchpriority=\"low\" height=\"3033\" loading=\"lazy\" src=\"https:\/\/www.europesays.com\/es\/wp-content\/uploads\/2025\/09\/P7OV765DK5FMBHRZ23F6ALQ7PU.JPG\" width=\"4166\"\/>Karol G se llev\u00f3 dos galardones en los Premios Juventud 2025 &#8211; cr\u00e9dito Amanda Perobelli\/REUTERS<\/p>\n<p class=\"paragraph\">Por su parte, Karol G (que no estuvo presente debido a que se encuentra realizando su residencia en el cabaret Crazy Horse de Par\u00eds, reafirm\u00f3 su estatus como referente global al obtener dos de los galardones m\u00e1s esperados: \u201cArtista del A\u00f1o\u201d y \u201cHit Tropical del A\u00f1o\u201d gracias a su \u00e9xito Si Antes Te Hubiera Conocido.<\/p>\n<p class=\"paragraph\"><b>El legado de Colombia tambi\u00e9n se reflej\u00f3 en la figura de Carlos Vives, quien fue distinguido con el premio \u201cAgente de Cambio\u201d<\/b>, compartido con el puertorrique\u00f1o Myke Towers. Este reconocimiento celebra tanto la trayectoria musical del samario como su compromiso social y cultural, especialmente en iniciativas que benefician a comunidades en su pa\u00eds. Durante la ceremonia, el cantautor ofreci\u00f3 un discurso que resalt\u00f3 el poder de la m\u00fasica.<\/p>\n<p><img alt=\"Carlos Vives fue reconocido con\" class=\"global-image\" decoding=\"async\" fetchpriority=\"low\" height=\"540\" loading=\"lazy\" src=\"https:\/\/www.europesays.com\/es\/wp-content\/uploads\/2025\/09\/5DGWPMWXAJF6DLEEZNJ63AME3I.jpg\" width=\"960\"\/>Carlos Vives fue reconocido con el premio \u00abAgende de Cambio\u00bb en los Premios Juventud 2025 &#8211; cr\u00e9dito @carlosvives\/Instagram<\/p>\n<p class=\"paragraph\">Shakira tampoco se fue con las manos vac\u00edas, pese a no estar presente en la ceremonia. La barranquillera, que acaba de terminar un \u00e9xitoso paso por M\u00e9xico como parte de Las mujeres ya no lloran World Tour, recibi\u00f3 el galard\u00f3n a \u201cMejor Canci\u00f3n Pop\/Urbano\u201d por Soltera.<\/p>\n<p class=\"paragraph\">La noche estuvo marcada por actuaciones memorables y anuncios que generaron repercusi\u00f3n en redes sociales. Natti Natasha sorprendi\u00f3 al p\u00fablico al revelar durante su presentaci\u00f3n que espera una ni\u00f1a, mientras interpretaba Traje Aqu\u00ed junto a la Sinf\u00f3nica Juvenil Nacional. Maluma encendi\u00f3 el escenario con su tema Bronceador, <b>a lo que se sum\u00f3 el estreno mundial de <\/b><b>Que Me Quiera Ma<\/b><b>, interpretado por Marc Anthony y Wisin, se convirti\u00f3 en uno de los puntos \u00e1lgidos de la velada.<\/b><\/p>\n<p class=\"paragraph\">Tambi\u00e9n destac\u00f3 la presencia del cartagenero Hamilton, por estos d\u00edas inmerso en la promoci\u00f3n de su LP Afrorockstar y que estuvo nominado en los Premios Juventud. Para la ocasi\u00f3n, se present\u00f3 en la ceremonia interpretando su \u00e9xito Mi Reina<b> <\/b>junto a Nanpa B\u00e1sico.<\/p>\n<p><img alt=\"Hamilton y Nanpa B\u00e1sico interpretaron\" class=\"global-image\" decoding=\"async\" fetchpriority=\"low\" height=\"900\" loading=\"lazy\" src=\"https:\/\/www.europesays.com\/es\/wp-content\/uploads\/2025\/09\/FUBGN7NZWNFRTI3SKCSW2U5HN4.jpg\" width=\"1350\"\/>Hamilton y Nanpa B\u00e1sico interpretaron \u00abMi Reina\u00bb en los Premios Juventud 2025 &#8211; cr\u00e9dito cortes\u00eda TU Live Music Events<\/p>\n<p class=\"paragraph\">El balance de la noche mostr\u00f3 que la m\u00fasica latina atraviesa una etapa de transformaci\u00f3n y crecimiento, con Colombia consolid\u00e1ndose como uno de los principales referentes a nivel mundial. La presencia y el \u00e9xito de sus artistas en los Premios Juventud 2025 confirman el papel central del pa\u00eds en la industria y anticipan un futuro de innovaci\u00f3n y liderazgo en el \u00e1mbito musical internacional.<\/p>\n","protected":false},"excerpt":{"rendered":"Karol G, Morat y Shakira, entre los ganadores por Colombia en los Premios Juventud 2025 &#8211; cr\u00e9dito @karolg,&hellip;\n","protected":false},"author":2,"featured_media":141978,"comment_status":"","ping_status":"","sticky":false,"template":"","format":"standard","meta":{"footnotes":""},"categories":[170],"tags":[3118,146,147,25,24,184,185,28970,6644,757,23,3020],"class_list":{"0":"post-141977","1":"post","2":"type-post","3":"status-publish","4":"format-standard","5":"has-post-thumbnail","7":"category-musica","8":"tag-arts-culture-entertainment","9":"tag-entertainment","10":"tag-entretenimiento","11":"tag-es","12":"tag-espana","13":"tag-music","14":"tag-musica","15":"tag-nfl-american-football","16":"tag-sao-paulo","17":"tag-south-america-central-america","18":"tag-spain","19":"tag-sport"},"share_on_mastodon":{"url":"","error":""},"_links":{"self":[{"href":"https:\/\/www.europesays.com\/es\/wp-json\/wp\/v2\/posts\/141977","targetHints":{"allow":["GET"]}}],"collection":[{"href":"https:\/\/www.europesays.com\/es\/wp-json\/wp\/v2\/posts"}],"about":[{"href":"https:\/\/www.europesays.com\/es\/wp-json\/wp\/v2\/types\/post"}],"author":[{"embeddable":true,"href":"https:\/\/www.europesays.com\/es\/wp-json\/wp\/v2\/users\/2"}],"replies":[{"embeddable":true,"href":"https:\/\/www.europesays.com\/es\/wp-json\/wp\/v2\/comments?post=141977"}],"version-history":[{"count":0,"href":"https:\/\/www.europesays.com\/es\/wp-json\/wp\/v2\/posts\/141977\/revisions"}],"wp:featuredmedia":[{"embeddable":true,"href":"https:\/\/www.europesays.com\/es\/wp-json\/wp\/v2\/media\/141978"}],"wp:attachment":[{"href":"https:\/\/www.europesays.com\/es\/wp-json\/wp\/v2\/media?parent=141977"}],"wp:term":[{"taxonomy":"category","embeddable":true,"href":"https:\/\/www.europesays.com\/es\/wp-json\/wp\/v2\/categories?post=141977"},{"taxonomy":"post_tag","embeddable":true,"href":"https:\/\/www.europesays.com\/es\/wp-json\/wp\/v2\/tags?post=141977"}],"curies":[{"name":"wp","href":"https:\/\/api.w.org\/{rel}","templated":true}]}}