{"id":141987,"date":"2025-09-27T10:02:15","date_gmt":"2025-09-27T10:02:15","guid":{"rendered":"https:\/\/www.europesays.com\/es\/141987\/"},"modified":"2025-09-27T10:02:15","modified_gmt":"2025-09-27T10:02:15","slug":"la-ue-acelera-creacion-de-muro-antidrones-para-su-defensa-dw-26-09-2025","status":"publish","type":"post","link":"https:\/\/www.europesays.com\/es\/141987\/","title":{"rendered":"La UE acelera creaci\u00f3n de \u00abmuro antidrones\u00bb para su defensa \u2013 DW \u2013 26\/09\/2025"},"content":{"rendered":"<p>Pa\u00edses europeos han acordado implementar de inmediato el llamado \u00abmuro antidrones\u201d como prioridad ante las provocaciones rusas. El comisario europeo de Defensa, Andrius Kubilius, anunci\u00f3 este viernes (26.09.2025) que los pa\u00edses del flanco oriental de la <a class=\"internal-link\" href=\"https:\/\/www.dw.com\/es\/otan\/t-17409693\" rel=\"nofollow noopener\" target=\"_blank\">OTAN<\/a> convinieron en aplicar iniciativas que buscan reforzar la arquitectura <a class=\"internal-link\" href=\"https:\/\/www.dw.com\/es\/por-qu\u00e9-europa-no-logra-defenderse-de-los-drones\/a-74149546\" rel=\"nofollow noopener\" target=\"_blank\">defensiva europea<\/a>.<\/p>\n<p>La decisi\u00f3n fue tomada tras una videoconferencia con los ministros de Defensa de Bulgaria, Estonia, Finlandia, Letonia, Lituania, Polonia, Ruman\u00eda, Hungr\u00eda y Eslovaquia, y se enmarca dentro de la estrategia de \u00ab<a class=\"internal-link\" href=\"https:\/\/www.dw.com\/es\/est\u00e1-preparada-la-otan-para-la-guerra-con-drones\/a-74067602\" rel=\"nofollow noopener\" target=\"_blank\">Vigilancia del Flanco Oriental<\/a>\u00ab.<\/p>\n<p>El plan contempla cuatro pilares: el muro antidrones con capacidades avanzadas de detecci\u00f3n e interceptaci\u00f3n, defensas terrestres como sistemas antimovilidad, seguridad mar\u00edtima en los mares B\u00e1ltico y Negro, y vigilancia espacial.<\/p>\n<p>Kubilius asegur\u00f3 en rueda de prensa que Bruselas impulsar\u00e1 pol\u00edticamente esta iniciativa de cara al Consejo Europeo informal de octubre en Copenhague, <a class=\"internal-link\" href=\"https:\/\/www.dw.com\/es\/otan-se-toma-muy-en-serio-un-incidente-con-drones-en-dinamarca\/a-74134832\" rel=\"nofollow noopener\" target=\"_blank\">Dinamarca<\/a>. Para su ejecuci\u00f3n se movilizar\u00e1n recursos financieros y a la industria de defensa; se espera que el sistema est\u00e9 operativo en un plazo de un a\u00f1o.<\/p>\n<p>Ucrania asesora mientras se agrava disputa con Hungr\u00eda<\/p>\n<p>Ucrania, que ha acumulado experiencia en la lucha contra drones rusos, participar\u00e1 en el dise\u00f1o t\u00e9cnico del proyecto. El ministro ucraniano de Defensa, Den\u00eds Shmigal, comparti\u00f3 este viernes con sus hom\u00f3logos europeos lecciones del campo de batalla.<\/p>\n<p>Mientras tanto, el presidente de Ucrania, Volodimir Zelenski, denunci\u00f3 nuevas violaciones de su espacio a\u00e9reo por drones de reconocimiento que, seg\u00fan evaluaciones preliminares, ser\u00edan de origen h\u00fangaro.<\/p>\n<p>Este incidente se suma a una\u00a0<a class=\"internal-link\" href=\"https:\/\/www.dw.com\/es\/la-campa\u00f1a-de-desprestigio-de-orb\u00e1n-contra-ucrania\/a-72468853\" rel=\"nofollow noopener\" target=\"_blank\">escalada diplom\u00e1tica<\/a> entre Kiev y Budapest. Ucrania prohibi\u00f3 la entrada a tres militares h\u00fangaros en respuesta al veto previo de Hungr\u00eda a oficiales ucranianos, lo que llev\u00f3 al ministro de Exteriores h\u00fangaro, Peter Szijj\u00e1rt\u00f3, a reafirmar su rechazo a la adhesi\u00f3n de Ucrania a la UE.<\/p>\n<p>Szijj\u00e1rt\u00f3 acus\u00f3 a Kiev de aplicar pol\u00edticas antih\u00fangaras y de atacar infraestructuras clave como el oleoducto Druzhba, por el que Hungr\u00eda importa el 65 % de su crudo desde <a class=\"internal-link\" href=\"https:\/\/www.dw.com\/es\/hungr\u00eda-facilita-el-ingreso-al-pa\u00eds-de-rusos-y-bielorrusos\/a-69824863\" rel=\"nofollow noopener\" target=\"_blank\">Rusia<\/a>.<\/p>\n<p>Sin embargo, el \u00abmuro antidrones\u00bb se perfila como un s\u00edmbolo de unidad estrat\u00e9gica entre Europa y Ucrania frente a las amenazas h\u00edbridas de Rusia y la incursi\u00f3n de drones en territorio europeo.<\/p>\n<p>os (efe, afp)<\/p>\n","protected":false},"excerpt":{"rendered":"Pa\u00edses europeos han acordado implementar de inmediato el llamado \u00abmuro antidrones\u201d como prioridad ante las provocaciones rusas. El&hellip;\n","protected":false},"author":2,"featured_media":141988,"comment_status":"","ping_status":"","sticky":false,"template":"","format":"standard","meta":{"footnotes":""},"categories":[42],"tags":[17,18,13,14,11,61,62,63,64,19,20,9,10,15,16,12,21,22,65,66,67],"class_list":{"0":"post-141987","1":"post","2":"type-post","3":"status-publish","4":"format-standard","5":"has-post-thumbnail","7":"category-internacional","8":"tag-breaking-news","9":"tag-breakingnews","10":"tag-featured-news","11":"tag-featurednews","12":"tag-headlines","13":"tag-internacional","14":"tag-international","15":"tag-international-news","16":"tag-internationalnews","17":"tag-latest-news","18":"tag-latestnews","19":"tag-news","20":"tag-noticias","21":"tag-noticias-destacadas","22":"tag-noticiasdestacadas","23":"tag-titulares","24":"tag-ultimas-noticias","25":"tag-ultimasnoticias","26":"tag-world","27":"tag-world-news","28":"tag-worldnews"},"share_on_mastodon":{"url":"","error":""},"_links":{"self":[{"href":"https:\/\/www.europesays.com\/es\/wp-json\/wp\/v2\/posts\/141987","targetHints":{"allow":["GET"]}}],"collection":[{"href":"https:\/\/www.europesays.com\/es\/wp-json\/wp\/v2\/posts"}],"about":[{"href":"https:\/\/www.europesays.com\/es\/wp-json\/wp\/v2\/types\/post"}],"author":[{"embeddable":true,"href":"https:\/\/www.europesays.com\/es\/wp-json\/wp\/v2\/users\/2"}],"replies":[{"embeddable":true,"href":"https:\/\/www.europesays.com\/es\/wp-json\/wp\/v2\/comments?post=141987"}],"version-history":[{"count":0,"href":"https:\/\/www.europesays.com\/es\/wp-json\/wp\/v2\/posts\/141987\/revisions"}],"wp:featuredmedia":[{"embeddable":true,"href":"https:\/\/www.europesays.com\/es\/wp-json\/wp\/v2\/media\/141988"}],"wp:attachment":[{"href":"https:\/\/www.europesays.com\/es\/wp-json\/wp\/v2\/media?parent=141987"}],"wp:term":[{"taxonomy":"category","embeddable":true,"href":"https:\/\/www.europesays.com\/es\/wp-json\/wp\/v2\/categories?post=141987"},{"taxonomy":"post_tag","embeddable":true,"href":"https:\/\/www.europesays.com\/es\/wp-json\/wp\/v2\/tags?post=141987"}],"curies":[{"name":"wp","href":"https:\/\/api.w.org\/{rel}","templated":true}]}}