{"id":141991,"date":"2025-09-27T10:04:13","date_gmt":"2025-09-27T10:04:13","guid":{"rendered":"https:\/\/www.europesays.com\/es\/141991\/"},"modified":"2025-09-27T10:04:13","modified_gmt":"2025-09-27T10:04:13","slug":"el-3-de-octubre-abren-las-inscripciones-para-la-iii-edicion-del-trail-pino-santo-ayuntamiento-de-la-villa-de-santa-brigida","status":"publish","type":"post","link":"https:\/\/www.europesays.com\/es\/141991\/","title":{"rendered":"El 3 de octubre abren las inscripciones para la III edici\u00f3n del Trail Pino Santo \u00bb Ayuntamiento de la Villa de Santa Br\u00edgida"},"content":{"rendered":"<p>El pr\u00f3ximo viernes, <strong>3 de octubre<\/strong>, abren las inscripciones para la <strong>III edici\u00f3n del <a href=\"https:\/\/trailpinosanto.com\/\" rel=\"nofollow noopener\" target=\"_blank\">Trail Pino Santo<\/a><\/strong>, una emocionante carrera de monta\u00f1a organizada por la <strong>Asociaci\u00f3n de Vecinos La Caldera<\/strong>, con el apoyo de la <strong>Sociedad Municipal de Deportes<\/strong> como patrocinador principal.<\/p>\n<p>El evento, que se celebrar\u00e1 el<strong> 6 de diciembre<\/strong>, cuenta adem\u00e1s con la colaboraci\u00f3n del <strong>Cabildo de Gran Canaria<\/strong>, ya que se enmarca en un proyecto social de recuperaci\u00f3n del patrimonio caminero, nacido en el propio barrio. En esta edici\u00f3n se han recuperado <strong>seis senderos principales del municipio<\/strong>, reforzando as\u00ed el valor cultural y natural de la zona.<\/p>\n<p>Asimismo, el <strong>Ayuntamiento de Santa Br\u00edgida<\/strong> y diversas marcas patrocinadoras se han sumado a esta iniciativa, contribuyendo a que la prueba sea una aut\u00e9ntica fiesta del deporte, la naturaleza y la comunidad.<\/p>\n<p><a href=\"https:\/\/www.santabrigida.es\/wp-content\/uploads\/2025\/09\/cartel-1.jpeg\" rel=\"nofollow noopener\" target=\"_blank\"><img loading=\"lazy\" decoding=\"async\" width=\"712\" height=\"1024\" src=\"https:\/\/www.europesays.com\/es\/wp-content\/uploads\/2025\/09\/cartel-1-712x1024.jpeg\" alt=\"\" class=\"wp-image-40230\"  \/><\/a><\/p>\n<p>Esta <strong>Trail Running<\/strong> es una de las actividades deportivas m\u00e1s esperadas del municipio al combinar el desaf\u00edo f\u00edsico con la belleza del entorno natural que ofrece Pino Santo. Para esta edici\u00f3n, los corredores se enfrentar\u00e1n a un recorrido de\u00a0<strong>12,300 kil\u00f3metros<\/strong>, dise\u00f1ado principalmente por senderos y caminos vecinales que abarcan el\u00a0<strong>85% del trayecto<\/strong> y cuentan con un tiempo m\u00e1ximo para completar la rutade 3 horas. [Recorrido medido por\u00a0<strong>GPS Garmin F\u00e9nix 3<\/strong>, lo que garantiza su precisi\u00f3n].<\/p>\n<p>El evento tambi\u00e9n contar\u00e1 con una\u00a0<strong>ruta de senderismo<\/strong>\u00a0no competitiva de\u00a0<strong>7,500 kil\u00f3metros <\/strong>(dificultad media-alta), como alternativa m\u00e1s accesible para aquellas personas que prefieren disfrutar del paisaje sin la presi\u00f3n de la competici\u00f3n<\/p>\n<p><a href=\"https:\/\/www.santabrigida.es\/wp-content\/uploads\/2025\/09\/WhatsApp-Image-2024-12-07-at-09.31.11.jpeg\" rel=\"nofollow noopener\" target=\"_blank\"><img loading=\"lazy\" decoding=\"async\" width=\"1024\" height=\"683\" src=\"https:\/\/www.europesays.com\/es\/wp-content\/uploads\/2025\/09\/WhatsApp-Image-2024-12-07-at-09.31.11-1024x683.jpeg\" alt=\"\" class=\"wp-image-40231\"  \/><\/a><\/p>\n<p class=\"has-text-color has-link-color wp-elements-40678a85a83fc9e71f8de89144880c91\" style=\"color:#0b4d35\"><strong>Categor\u00edas<\/strong><\/p>\n<p><strong>Absoluto:<\/strong>\u00a0local residente en Santa Br\u00edgida, femenino y masculino<\/p>\n<p><strong>Senior:<\/strong>\u00a0femenino y masculino de 18 a 39 a\u00f1os<\/p>\n<p><strong>Veterano 1:<\/strong>\u00a0femenino y masculino de 40 a 49 a\u00f1os<\/p>\n<p><strong>Veterano 2:<\/strong>\u00a0femenino y masculino de 50 a 59 a\u00f1os<\/p>\n<p><strong>Veterano 3:<\/strong>\u00a0femenino y masculino + 60 a\u00f1os<\/p>\n<p class=\"has-text-color has-link-color wp-elements-9b72dd83e6ad0a1eaef8c89e80b98ff5\" style=\"color:#0e6948\"><strong>Inscripci\u00f3n y ruta<\/strong><\/p>\n<p>Las <strong>inscripciones <\/strong>para ambas modalidades se abrir\u00e1n el 3 de octubre a las 12:00 horas. La prueba contar\u00e1 con un m\u00e1ximo de <strong>300 plazas <\/strong>para el <strong>Trail Running<\/strong> y <strong>100 plazas <\/strong>para la<strong> Ruta de Senderismo<\/strong>.<\/p>\n<p>El recorrido se dar\u00e1 a conocer en la <strong>presentaci\u00f3n oficial<\/strong>, que tendr\u00e1 lugar ese mismo d\u00eda, 3 de octubre, en la <strong>Sociedad Municipal de Deportes<\/strong>.<\/p>\n<p><a href=\"https:\/\/whatsapp.com\/channel\/0029VahknXBDzgTHGJW3DC1v\" rel=\"nofollow noopener\" target=\"_blank\">S\u00edguenos a trav\u00e9s del canal de WhatsApp<\/a><\/p>\n","protected":false},"excerpt":{"rendered":"El pr\u00f3ximo viernes, 3 de octubre, abren las inscripciones para la III edici\u00f3n del Trail Pino Santo, una&hellip;\n","protected":false},"author":2,"featured_media":141992,"comment_status":"","ping_status":"","sticky":false,"template":"","format":"standard","meta":{"footnotes":""},"categories":[5],"tags":[17,18,25,24,13,14,11,19,20,9,10,15,16,23,12,21,22],"class_list":{"0":"post-141991","1":"post","2":"type-post","3":"status-publish","4":"format-standard","5":"has-post-thumbnail","7":"category-titulares","8":"tag-breaking-news","9":"tag-breakingnews","10":"tag-es","11":"tag-espana","12":"tag-featured-news","13":"tag-featurednews","14":"tag-headlines","15":"tag-latest-news","16":"tag-latestnews","17":"tag-news","18":"tag-noticias","19":"tag-noticias-destacadas","20":"tag-noticiasdestacadas","21":"tag-spain","22":"tag-titulares","23":"tag-ultimas-noticias","24":"tag-ultimasnoticias"},"share_on_mastodon":{"url":"","error":""},"_links":{"self":[{"href":"https:\/\/www.europesays.com\/es\/wp-json\/wp\/v2\/posts\/141991","targetHints":{"allow":["GET"]}}],"collection":[{"href":"https:\/\/www.europesays.com\/es\/wp-json\/wp\/v2\/posts"}],"about":[{"href":"https:\/\/www.europesays.com\/es\/wp-json\/wp\/v2\/types\/post"}],"author":[{"embeddable":true,"href":"https:\/\/www.europesays.com\/es\/wp-json\/wp\/v2\/users\/2"}],"replies":[{"embeddable":true,"href":"https:\/\/www.europesays.com\/es\/wp-json\/wp\/v2\/comments?post=141991"}],"version-history":[{"count":0,"href":"https:\/\/www.europesays.com\/es\/wp-json\/wp\/v2\/posts\/141991\/revisions"}],"wp:featuredmedia":[{"embeddable":true,"href":"https:\/\/www.europesays.com\/es\/wp-json\/wp\/v2\/media\/141992"}],"wp:attachment":[{"href":"https:\/\/www.europesays.com\/es\/wp-json\/wp\/v2\/media?parent=141991"}],"wp:term":[{"taxonomy":"category","embeddable":true,"href":"https:\/\/www.europesays.com\/es\/wp-json\/wp\/v2\/categories?post=141991"},{"taxonomy":"post_tag","embeddable":true,"href":"https:\/\/www.europesays.com\/es\/wp-json\/wp\/v2\/tags?post=141991"}],"curies":[{"name":"wp","href":"https:\/\/api.w.org\/{rel}","templated":true}]}}