{"id":142021,"date":"2025-09-27T10:25:04","date_gmt":"2025-09-27T10:25:04","guid":{"rendered":"https:\/\/www.europesays.com\/es\/142021\/"},"modified":"2025-09-27T10:25:04","modified_gmt":"2025-09-27T10:25:04","slug":"avistan-mas-drones-sobre-la-mayor-base-militar-de-dinamarca-dw-27-09-2025","status":"publish","type":"post","link":"https:\/\/www.europesays.com\/es\/142021\/","title":{"rendered":"Avistan m\u00e1s drones sobre la mayor base militar de Dinamarca \u2013 DW \u2013 27\/09\/2025"},"content":{"rendered":"<p><a class=\"internal-link\" href=\"https:\/\/www.dw.com\/es\/dron\/t-37125699\" rel=\"nofollow noopener\" target=\"_blank\">Drones<\/a> de origen desconocido fueron avistados la noche del viernes sobre la mayor base militar de Dinamarca, indic\u00f3 la polic\u00eda este s\u00e1bado (27.09.2025), el \u00faltimo de <a class=\"internal-link\" href=\"https:\/\/www.dw.com\/es\/aeropuerto-dan\u00e9s-de-alborg-cierra-por-nuevo-avistamiento-de-drones\/a-74141571\" rel=\"nofollow noopener\" target=\"_blank\">una serie de incidentes similares<\/a> que el gobierno calific\u00f3 esta semana de \u00abataques h\u00edbridos\u00bb.<\/p>\n<p>Los misteriosos avistamientos han provocado el <a class=\"internal-link\" href=\"https:\/\/www.dw.com\/es\/dinamarca-sospecha-que-drones-rusos-paralizaron-aeropuerto-de-copenhague\/a-74114116\" rel=\"nofollow noopener\" target=\"_blank\">cierre de varios aeropuertos en el pa\u00eds n\u00f3rdico<\/a> desde el lunes, cuando fueron detectados los primeros aparatos.<\/p>\n<p>Un oficial declar\u00f3 a la agencia de noticias AFP que \u00abse avistaron uno o dos drones fuera de la base a\u00e9rea y sobre ella\u00bb, y que no fueron derribados. La polic\u00eda y el ej\u00e9rcito est\u00e1n trabajando conjuntamente en la investigaci\u00f3n.<\/p>\n<p>La base de Karup comparte sus pistas con el aeropuerto de Midtjylland, que tuvo que cerrar brevemente, aunque ning\u00fan vuelo se vio afectado, ya que no hab\u00eda vuelos comerciales programados, agreg\u00f3.<\/p>\n<p><img data-format=\"MASTER_LANDSCAPE\" data-id=\"74156930\" data-url=\"https:\/\/static.dw.com\/image\/74156930_${formatId}.jpg\" data-aspect-ratio=\"16\/9\" alt=\"La primera ministra danesa Mette Frederiksen asegura que los previos avistamientos de drones que obligaron el cierre de aeropuertos son parte de &quot;ataques h\u00edbridos&quot; (imagen de archivo)\" style=\"padding-bottom: 56.25%; height: 0; max-height: 0;\"\/>La primera ministra danesa Mette Frederiksen asegura que los previos avistamientos de drones que obligaron el cierre de aeropuertos son parte de \u00abataques h\u00edbridos\u00bb (imagen de archivo)Imagen: Mikkel Berg Pedersen\/Ritzau Scanpix\/AFP<\/p>\n<p>La primera ministra danesa Mette Frederiksen afirm\u00f3 el jueves que el pa\u00eds fue \u00abv\u00edctima de ataques h\u00edbridos\u00bb, en referencia a una forma de guerra no convencional.<\/p>\n<p>Por su parte, el Ministerio de Defensa denunci\u00f3 esta semana una operaci\u00f3n \u00absistem\u00e1tica\u00bb causada por un \u00abactor profesional\u00bb, sin precisar cu\u00e1l.<\/p>\n<p>Los cierres de aeropuertos en Dinamarca coincidieron con un incidente similar en Noruega y se produjeron despu\u00e9s de incursiones de drones en territorio polaco y rumano a principios de septiembre.<\/p>\n<p>El 19 de septiembre, <a class=\"internal-link\" href=\"https:\/\/www.dw.com\/es\/estonia-insta-a-la-otan-a-actuar-ante-las-violaciones-del-espacio-a\u00e9reo-ruso\/a-74114195\" rel=\"nofollow noopener\" target=\"_blank\">Estonia denunci\u00f3 que tres cazas rusos violaron su espacio a\u00e9reo<\/a> y fueron interceptados por patrullas de la OTAN, lo que atiz\u00f3 las tensiones en Europa derivadas de la invasi\u00f3n rusa de Ucrania.<\/p>\n<p>rr afp\/reuters<\/p>\n","protected":false},"excerpt":{"rendered":"Drones de origen desconocido fueron avistados la noche del viernes sobre la mayor base militar de Dinamarca, indic\u00f3&hellip;\n","protected":false},"author":2,"featured_media":142022,"comment_status":"","ping_status":"","sticky":false,"template":"","format":"standard","meta":{"footnotes":""},"categories":[42],"tags":[17,18,13,14,11,61,62,63,64,19,20,9,10,15,16,12,21,22,65,66,67],"class_list":{"0":"post-142021","1":"post","2":"type-post","3":"status-publish","4":"format-standard","5":"has-post-thumbnail","7":"category-internacional","8":"tag-breaking-news","9":"tag-breakingnews","10":"tag-featured-news","11":"tag-featurednews","12":"tag-headlines","13":"tag-internacional","14":"tag-international","15":"tag-international-news","16":"tag-internationalnews","17":"tag-latest-news","18":"tag-latestnews","19":"tag-news","20":"tag-noticias","21":"tag-noticias-destacadas","22":"tag-noticiasdestacadas","23":"tag-titulares","24":"tag-ultimas-noticias","25":"tag-ultimasnoticias","26":"tag-world","27":"tag-world-news","28":"tag-worldnews"},"share_on_mastodon":{"url":"","error":""},"_links":{"self":[{"href":"https:\/\/www.europesays.com\/es\/wp-json\/wp\/v2\/posts\/142021","targetHints":{"allow":["GET"]}}],"collection":[{"href":"https:\/\/www.europesays.com\/es\/wp-json\/wp\/v2\/posts"}],"about":[{"href":"https:\/\/www.europesays.com\/es\/wp-json\/wp\/v2\/types\/post"}],"author":[{"embeddable":true,"href":"https:\/\/www.europesays.com\/es\/wp-json\/wp\/v2\/users\/2"}],"replies":[{"embeddable":true,"href":"https:\/\/www.europesays.com\/es\/wp-json\/wp\/v2\/comments?post=142021"}],"version-history":[{"count":0,"href":"https:\/\/www.europesays.com\/es\/wp-json\/wp\/v2\/posts\/142021\/revisions"}],"wp:featuredmedia":[{"embeddable":true,"href":"https:\/\/www.europesays.com\/es\/wp-json\/wp\/v2\/media\/142022"}],"wp:attachment":[{"href":"https:\/\/www.europesays.com\/es\/wp-json\/wp\/v2\/media?parent=142021"}],"wp:term":[{"taxonomy":"category","embeddable":true,"href":"https:\/\/www.europesays.com\/es\/wp-json\/wp\/v2\/categories?post=142021"},{"taxonomy":"post_tag","embeddable":true,"href":"https:\/\/www.europesays.com\/es\/wp-json\/wp\/v2\/tags?post=142021"}],"curies":[{"name":"wp","href":"https:\/\/api.w.org\/{rel}","templated":true}]}}