{"id":142029,"date":"2025-09-27T10:29:11","date_gmt":"2025-09-27T10:29:11","guid":{"rendered":"https:\/\/www.europesays.com\/es\/142029\/"},"modified":"2025-09-27T10:29:11","modified_gmt":"2025-09-27T10:29:11","slug":"providencial-quite-de-david-de-miranda-a-candido-ruiz-en-sevilla","status":"publish","type":"post","link":"https:\/\/www.europesays.com\/es\/142029\/","title":{"rendered":"Providencial quite de David de Miranda a C\u00e1ndido Ruiz en Sevilla"},"content":{"rendered":"<p><strong>David de Miranda<\/strong> hizo un quite providencial a su pe\u00f3n<strong>\u00a0C\u00e1ndido Ruiz<\/strong>, que cay\u00f3 en la cara del quinto toro en unos angustiosos instantes en los que fue volteado en el suelo siendo atendido en la enfermer\u00eda de un varetazo en la rodilla izquierda. El parte m\u00e9dico completo es este: <strong>\u00abContusi\u00f3n de varetazo en rodilla izquierda. Se aconseja estudio radiol\u00f3gico complementario de rodilla. Pron\u00f3stico leve. Continua la lidia. Firmado: doctor Octavio Mulet\u00bb<\/strong>.<\/p>\n","protected":false},"excerpt":{"rendered":"David de Miranda hizo un quite providencial a su pe\u00f3n\u00a0C\u00e1ndido Ruiz, que cay\u00f3 en la cara del quinto&hellip;\n","protected":false},"author":2,"featured_media":142030,"comment_status":"","ping_status":"","sticky":false,"template":"","format":"standard","meta":{"footnotes":""},"categories":[277],"tags":[45,373,44101,12896,168,25,24,40815,1171,23,167,374,444],"class_list":{"0":"post-142029","1":"post","2":"type-post","3":"status-publish","4":"format-standard","5":"has-post-thumbnail","7":"category-toreo","8":"tag-45","9":"tag-bullfighting","10":"tag-candido-ruiz","11":"tag-david-de-miranda","12":"tag-deportes","13":"tag-es","14":"tag-espana","15":"tag-feria-de-san-miguel","16":"tag-sevilla","17":"tag-spain","18":"tag-sports","19":"tag-toreo","20":"tag-toros"},"share_on_mastodon":{"url":"","error":""},"_links":{"self":[{"href":"https:\/\/www.europesays.com\/es\/wp-json\/wp\/v2\/posts\/142029","targetHints":{"allow":["GET"]}}],"collection":[{"href":"https:\/\/www.europesays.com\/es\/wp-json\/wp\/v2\/posts"}],"about":[{"href":"https:\/\/www.europesays.com\/es\/wp-json\/wp\/v2\/types\/post"}],"author":[{"embeddable":true,"href":"https:\/\/www.europesays.com\/es\/wp-json\/wp\/v2\/users\/2"}],"replies":[{"embeddable":true,"href":"https:\/\/www.europesays.com\/es\/wp-json\/wp\/v2\/comments?post=142029"}],"version-history":[{"count":0,"href":"https:\/\/www.europesays.com\/es\/wp-json\/wp\/v2\/posts\/142029\/revisions"}],"wp:featuredmedia":[{"embeddable":true,"href":"https:\/\/www.europesays.com\/es\/wp-json\/wp\/v2\/media\/142030"}],"wp:attachment":[{"href":"https:\/\/www.europesays.com\/es\/wp-json\/wp\/v2\/media?parent=142029"}],"wp:term":[{"taxonomy":"category","embeddable":true,"href":"https:\/\/www.europesays.com\/es\/wp-json\/wp\/v2\/categories?post=142029"},{"taxonomy":"post_tag","embeddable":true,"href":"https:\/\/www.europesays.com\/es\/wp-json\/wp\/v2\/tags?post=142029"}],"curies":[{"name":"wp","href":"https:\/\/api.w.org\/{rel}","templated":true}]}}