{"id":142035,"date":"2025-09-27T10:33:10","date_gmt":"2025-09-27T10:33:10","guid":{"rendered":"https:\/\/www.europesays.com\/es\/142035\/"},"modified":"2025-09-27T10:33:10","modified_gmt":"2025-09-27T10:33:10","slug":"blasi-del-busque-una-rendija-para-bajarme-al-bronce-que-sabe-a-oro-y-a-la-mototaxi-por-un-pinchazo","status":"publish","type":"post","link":"https:\/\/www.europesays.com\/es\/142035\/","title":{"rendered":"Blasi, del \u00abbusqu\u00e9 una rendija para bajarme\u00bb al \u00abbronce que sabe a oro\u00bb&#8230; \u00a1y a la mototaxi por un pinchazo!"},"content":{"rendered":"<p data-mrf-recirculation=\"Links P\u00e1rrafos\" class=\"ue-c-article__paragraph paragraph ue-c-article--first-letter-highlighted\">Paula Blasi a\u00fan no termina de asimilarlo. <strong>\u201cHan pasado 24 horas y sigo sin cre\u00e9rmelo\u201d<\/strong>, admite. La joven catalana, de 22 a\u00f1os, se colg\u00f3 un bronce que vale mucho m\u00e1s en la ruta sub-23 del Mundial de Kigali, un d\u00eda en el que todo parec\u00eda conjurarse contra ella. <strong>\u201cHubo un momento en el que di la medalla por perdida cuando se fueron por delante. Pens\u00e9 en bajarme, lo ve\u00eda imposible. Pero tir\u00e9 en el instante justo, se cerr\u00f3 un hueco y all\u00ed estaba yo\u201d, recuerda.<\/strong><\/p>\n<p>\u00abEse bronce me supo a oro\u00bb<\/p>\n<p data-mrf-recirculation=\"Links P\u00e1rrafos\" class=\"ue-c-article__paragraph paragraph\">Ese giro inesperado le permiti\u00f3 agarrarse a la carrera y terminar en un podio que todav\u00eda saborea. <strong>\u201cEse bronce me supo a oro. Soy realista: tanto la campeona como la plata fueron superiores, iban muy fuertes, pero precisamente eso me motiva m\u00e1s para entrenar y para so\u00f1ar con un oro en el futuro\u201d<\/strong>. Eso lleg\u00f3 tras el que dice ha podido ser su peor d\u00eda, en la crono: \u00abNo encontr\u00e9 sensaciones, de hecho busqu\u00e9 una rendija para poder bajarme y retirarme\u00bb.<\/p>\n<p><img decoding=\"async\" width=\"3000\" height=\"2000\" class=\"ue-c-article__image lazyload\" alt=\"Blasi, en el podio.\" loading=\"lazy\" src=\"https:\/\/www.europesays.com\/es\/wp-content\/uploads\/2025\/09\/68d7aba5a5f98.jpeg\"\/><\/p>\n<p>Blasi, en el podio.<\/p>\n<p data-mrf-recirculation=\"Links P\u00e1rrafos\" class=\"ue-c-article__paragraph paragraph\">La escena posterior, ya con la medalla de la ruta, fue emocionante: \u201cLo primero fue celebrarlo con mis compa\u00f1eras, con la seleccionadora, con el staff. Ellas han visto tambi\u00e9n la parte negativa y ahora tocaba disfrutarlo juntos. Y luego, claro, llamar a mi madre y a mi hermano. Poder compartirlo con mi gente fue incre\u00edble\u201d.<\/p>\n<p data-mrf-recirculation=\"Links P\u00e1rrafos\" class=\"ue-c-article__paragraph paragraph\">Blasi pertenece al UAE Team ADQ, donde se siente plenamente respaldada:<strong> \u201cEstoy muy contenta, firm\u00e9 hace poco dos a\u00f1os y mi intenci\u00f3n es crecer de la mano de uno de los mejores equipos del mundo femenino\u201d.<\/strong><\/p>\n<p><img decoding=\"async\" width=\"1980\" height=\"1320\" class=\"ue-c-article__image lazyload\" alt=\"Paula Blasi, durante el pr\u00f3logo del Porvenir.\" loading=\"lazy\" src=\"https:\/\/www.europesays.com\/es\/wp-content\/uploads\/2025\/09\/68a9ff8f30416.jpeg\"\/><\/p>\n<p>Paula Blasi, durante el pr\u00f3logo del Porvenir.RFEC<\/p>\n<p data-mrf-recirculation=\"Links P\u00e1rrafos\" class=\"ue-c-article__paragraph paragraph\">No quiere poner l\u00edmites a su progresi\u00f3n: \u201cLas palabras limitan mucho. Llevo muy poco en este mundillo y el abanico es grande. Mi cuerpo alg\u00fan d\u00eda dir\u00e1 basta, pero hasta entonces no pienso decirlo yo\u201d. Lo que s\u00ed tiene claro es que sue\u00f1a con un d\u00eda estar en el Tour de Francia femenino: \u201cPrimero ayudando a mis l\u00edderes y despu\u00e9s, si crezco como corredora, poder luchar por una grande vuelta\u201d.<\/p>\n<p>Mirando al futuro<\/p>\n<p data-mrf-recirculation=\"Links P\u00e1rrafos\" class=\"ue-c-article__paragraph paragraph\">Sus referentes tambi\u00e9n la inspiran en ese camino:<strong> \u201cMavi Garc\u00eda, segur\u00edsimo. Fue mi primer referente femenino cuando entr\u00e9 en el ciclismo, sobre todo porque venimos del duatl\u00f3n. Y luego, claro, Marianne Vos y todas las grandes\u201d.<\/strong><\/p>\n<p data-mrf-recirculation=\"Links P\u00e1rrafos\" class=\"ue-c-article__paragraph paragraph\">Con la ilusi\u00f3n intacta, Blasi remata con una frase que define su car\u00e1cter: <strong>\u201cEsto llega cuando menos te lo esperas, pero hay que estar ah\u00ed. Un d\u00eda pens\u00e9 que no ten\u00eda opciones y al siguiente estaba en el podio. Esa es la magia del ciclismo\u201d.<\/strong><\/p>\n","protected":false},"excerpt":{"rendered":"Paula Blasi a\u00fan no termina de asimilarlo. \u201cHan pasado 24 horas y sigo sin cre\u00e9rmelo\u201d, admite. La joven&hellip;\n","protected":false},"author":2,"featured_media":142036,"comment_status":"","ping_status":"","sticky":false,"template":"","format":"standard","meta":{"footnotes":""},"categories":[273],"tags":[313,312,168,25,24,23,167],"class_list":{"0":"post-142035","1":"post","2":"type-post","3":"status-publish","4":"format-standard","5":"has-post-thumbnail","7":"category-ciclismo","8":"tag-ciclismo","9":"tag-cycling","10":"tag-deportes","11":"tag-es","12":"tag-espana","13":"tag-spain","14":"tag-sports"},"share_on_mastodon":{"url":"","error":""},"_links":{"self":[{"href":"https:\/\/www.europesays.com\/es\/wp-json\/wp\/v2\/posts\/142035","targetHints":{"allow":["GET"]}}],"collection":[{"href":"https:\/\/www.europesays.com\/es\/wp-json\/wp\/v2\/posts"}],"about":[{"href":"https:\/\/www.europesays.com\/es\/wp-json\/wp\/v2\/types\/post"}],"author":[{"embeddable":true,"href":"https:\/\/www.europesays.com\/es\/wp-json\/wp\/v2\/users\/2"}],"replies":[{"embeddable":true,"href":"https:\/\/www.europesays.com\/es\/wp-json\/wp\/v2\/comments?post=142035"}],"version-history":[{"count":0,"href":"https:\/\/www.europesays.com\/es\/wp-json\/wp\/v2\/posts\/142035\/revisions"}],"wp:featuredmedia":[{"embeddable":true,"href":"https:\/\/www.europesays.com\/es\/wp-json\/wp\/v2\/media\/142036"}],"wp:attachment":[{"href":"https:\/\/www.europesays.com\/es\/wp-json\/wp\/v2\/media?parent=142035"}],"wp:term":[{"taxonomy":"category","embeddable":true,"href":"https:\/\/www.europesays.com\/es\/wp-json\/wp\/v2\/categories?post=142035"},{"taxonomy":"post_tag","embeddable":true,"href":"https:\/\/www.europesays.com\/es\/wp-json\/wp\/v2\/tags?post=142035"}],"curies":[{"name":"wp","href":"https:\/\/api.w.org\/{rel}","templated":true}]}}