{"id":142037,"date":"2025-09-27T10:34:09","date_gmt":"2025-09-27T10:34:09","guid":{"rendered":"https:\/\/www.europesays.com\/es\/142037\/"},"modified":"2025-09-27T10:34:09","modified_gmt":"2025-09-27T10:34:09","slug":"max-verstappen-pisa-fuerte-y-sube-al-podio-en-su-debut-con-ferrari-en-gt3","status":"publish","type":"post","link":"https:\/\/www.europesays.com\/es\/142037\/","title":{"rendered":"Max Verstappen pisa fuerte y sube al podio en su debut con Ferrari en GT3"},"content":{"rendered":"<p data-mrf-recirculation=\"Links P\u00e1rrafos\" class=\"ue-c-article__paragraph paragraph ue-c-article--first-letter-highlighted\">M<strong>ax Verstappen<\/strong> regres\u00f3 por todo lo alto al &#8216;<strong>Infierno Verde<\/strong>&#8216;. El cuatro veces campe\u00f3n de la <strong>F\u00f3rmula 1<\/strong> salt\u00f3 a la pista nuevamente en\u00a0<strong>Nordschleife <\/strong>para competir en la novena ronda de la <strong>NLS (N\u00fcrburgring Langstrecken Series),<\/strong> dos fines de semana despu\u00e9s de haber obtenido la <strong>licencia\u00a0de la categor\u00eda A<\/strong> necesaria para competir al m\u00e1ximo nivel.\u00a0<\/p>\n<p data-mrf-recirculation=\"Links P\u00e1rrafos\" class=\"ue-c-article__paragraph paragraph\">De esta manera, al mando de un <strong>&#8216;Ferrari 296 GT3&#8217;<\/strong>\u00a0protagoniz\u00f3 un impresionante debut en la disciplina.\u00a0A pesar de condiciones adversas, puesto que la niebla retras\u00f3 la salida y humedeci\u00f3 partes del circuito, registr\u00f3 el tercer mejor crono del d\u00eda para subirse al podio previo a la primera carrera del fin de semana.\u00a0<\/p>\n<p><img decoding=\"async\" width=\"1600\" height=\"2000\" class=\"ue-c-article__image lazyload\" alt=\"Max Verstappen ingresando a su coche para la sesi\u00f3n de clasificaci\u00f3n.\" loading=\"lazy\" src=\"https:\/\/www.europesays.com\/es\/wp-content\/uploads\/2025\/09\/68d7b4615b965.jpeg\"\/><\/p>\n<p>Max Verstappen ingresando a su coche para la sesi\u00f3n de clasificaci\u00f3n.@VerstappenCOM<\/p>\n<p data-mrf-recirculation=\"Links P\u00e1rrafos\" class=\"ue-c-article__paragraph paragraph\"><strong>Verstappen\u00a0<\/strong>marc\u00f3 un tiempo provisional de pole con neum\u00e1ticos intermedios al hacer un primer intento de<strong> 8:46.694,<\/strong> superando en ese momento por cerca de <strong>24 segundos al rival m\u00e1s cercano <\/strong>en su categor\u00eda. Sin embargo, no todo fue perfecto. El tr\u00e1nsito de intermedios a seco no fue del todo a su favor, ya que tuvo menos tiempo que algunos competidores con el compuesto ideal.<\/p>\n<p data-mrf-recirculation=\"Links P\u00e1rrafos\" class=\"ue-c-article__paragraph paragraph\">Justo cuando el grupo comenz\u00f3 a ganar terreno en la primera vuelta del piloto de 27 a\u00f1os, mejor\u00f3 a <strong>8:37.818<\/strong>, coloc\u00e1ndose <strong>20 segundos por delante<\/strong>. Al final, la pole fue para el A<strong>ston Martin #34 de Walkenhorst Motorsport<\/strong> con un tiempo de <strong>8:06.057.<\/strong><\/p>\n<p>Un Verstappen que siempre quiere m\u00e1s<\/p>\n<p data-mrf-recirculation=\"Links P\u00e1rrafos\" class=\"ue-c-article__paragraph paragraph\">Pese a su gran resultado en uno de los trazados m\u00e1s exigentes del mundo, &#8216;<strong>Mad Max<\/strong>&#8216; reconoce que pudo haber conseguido un mejor crono en la &#8216;<strong>qualy<\/strong>&#8216;.\u00a0\u00ab<strong>En realidad fue muy bien con los intermedios, el coche iba estupendamente<\/strong>\u00ab, dijo.\u00a0<\/p>\n<blockquote class=\"ue-c-article__blockquote\">\n<p>En mi \u00faltima vuelta, me encontr\u00e9 con demasiado tr\u00e1fico para hacer un buen intento<\/p>\n<p>Max Verstappen<\/p><\/blockquote>\n<p data-mrf-recirculation=\"Links P\u00e1rrafos\" class=\"ue-c-article__paragraph paragraph\">No obstante, no tard\u00f3 en reiterar el problema que lo lastr\u00f3 en conseguir la pole. \u00abEn mi \u00faltima vuelta, me encontr\u00e9 con demasiado tr\u00e1fico para hacer un buen intento.\u00a0Pero todo va muy bien. <strong>Los neum\u00e1ticos est\u00e1n bien, as\u00ed que creo que, normalmente, en carrera todo deber\u00eda seguir siendo posible<\/strong>\u00ab, sentenci\u00f3 el de <strong>Red Bull.\u00a0<\/strong><\/p>\n","protected":false},"excerpt":{"rendered":"Max Verstappen regres\u00f3 por todo lo alto al &#8216;Infierno Verde&#8216;. El cuatro veces campe\u00f3n de la F\u00f3rmula 1&hellip;\n","protected":false},"author":2,"featured_media":142038,"comment_status":"","ping_status":"","sticky":false,"template":"","format":"standard","meta":{"footnotes":""},"categories":[270],"tags":[168,25,24,306,271,272,23,167],"class_list":{"0":"post-142037","1":"post","2":"type-post","3":"status-publish","4":"format-standard","5":"has-post-thumbnail","7":"category-formula-1","8":"tag-deportes","9":"tag-es","10":"tag-espana","11":"tag-f1","12":"tag-formula-1","13":"tag-formula1","14":"tag-spain","15":"tag-sports"},"share_on_mastodon":{"url":"","error":""},"_links":{"self":[{"href":"https:\/\/www.europesays.com\/es\/wp-json\/wp\/v2\/posts\/142037","targetHints":{"allow":["GET"]}}],"collection":[{"href":"https:\/\/www.europesays.com\/es\/wp-json\/wp\/v2\/posts"}],"about":[{"href":"https:\/\/www.europesays.com\/es\/wp-json\/wp\/v2\/types\/post"}],"author":[{"embeddable":true,"href":"https:\/\/www.europesays.com\/es\/wp-json\/wp\/v2\/users\/2"}],"replies":[{"embeddable":true,"href":"https:\/\/www.europesays.com\/es\/wp-json\/wp\/v2\/comments?post=142037"}],"version-history":[{"count":0,"href":"https:\/\/www.europesays.com\/es\/wp-json\/wp\/v2\/posts\/142037\/revisions"}],"wp:featuredmedia":[{"embeddable":true,"href":"https:\/\/www.europesays.com\/es\/wp-json\/wp\/v2\/media\/142038"}],"wp:attachment":[{"href":"https:\/\/www.europesays.com\/es\/wp-json\/wp\/v2\/media?parent=142037"}],"wp:term":[{"taxonomy":"category","embeddable":true,"href":"https:\/\/www.europesays.com\/es\/wp-json\/wp\/v2\/categories?post=142037"},{"taxonomy":"post_tag","embeddable":true,"href":"https:\/\/www.europesays.com\/es\/wp-json\/wp\/v2\/tags?post=142037"}],"curies":[{"name":"wp","href":"https:\/\/api.w.org\/{rel}","templated":true}]}}