{"id":142041,"date":"2025-09-27T10:36:24","date_gmt":"2025-09-27T10:36:24","guid":{"rendered":"https:\/\/www.europesays.com\/es\/142041\/"},"modified":"2025-09-27T10:36:24","modified_gmt":"2025-09-27T10:36:24","slug":"kika-nazareth-me-gusta-que-me-quieran-por-quien-soy-no-por-ser-jugadora-del-barca-futbol-deportes","status":"publish","type":"post","link":"https:\/\/www.europesays.com\/es\/142041\/","title":{"rendered":"Kika Nazareth: \u201cMe gusta que me quieran por quien soy, no por ser jugadora del Bar\u00e7a\u201d | F\u00fatbol | Deportes"},"content":{"rendered":"<p class=\"\">Aparece algo cansada tras un largo d\u00eda de rodaje con Nike, pero le encantar hablar. Sobre todo, de lo que no es f\u00fatbol. Francisca \u201cKika\u201d Nazareth (Lisboa, 22 a\u00f1os), cercana, sonriente y con un carisma at\u00edpico, pide a la periodista que se siente a su lado en el sof\u00e1 de piel. El verano pasado <a href=\"\" rel=\"\" title=\"\">aterriz\u00f3 en el FC Barcelona<\/a> como uno de los fichajes m\u00e1s caros de la historia del club tras convertirse en una de las grandes promesas europeas. Representada por Jorge Mendes, referente en Portugal y capaz de jugar en cualquier posici\u00f3n ofensiva, Kika lleg\u00f3 al Bar\u00e7a con una sonrisa que se esfum\u00f3 en marzo: se rompi\u00f3 el ligamento lateral interno del tobillo, pas\u00f3 por quir\u00f3fano, se perdi\u00f3 la temporada y tambi\u00e9n la final de la Champions en su Lisboa natal. \u201cAll\u00ed era todo f\u00fatbol\u201d, recuerda sobre su infancia entre la calle y el f\u00fatbol sala antes de debutar en el Benfica. \u201cNo sab\u00eda que quer\u00eda ser futbolista. A los 16 a\u00f1os me enter\u00e9 de que esto era real\u201d, a\u00f1ade. Esta segunda temporada, con dos goles y tres asistencias en 100 minutos,<a href=\"https:\/\/elpais.com\/deportes\/futbol\/2025-09-19\/el-sorteo-de-la-champions-femenina-el-barca-se-medira-con-el-chelsea-y-el-bayern-el-madrid-con-el-arsenal-y-el-psg-el-atletico-con-el-lyon-y-el-united.html\" target=\"_self\" rel=\"nofollow noopener\" title=\"https:\/\/elpais.com\/deportes\/futbol\/2025-09-19\/el-sorteo-de-la-champions-femenina-el-barca-se-medira-con-el-chelsea-y-el-bayern-el-madrid-con-el-arsenal-y-el-psg-el-atletico-con-el-lyon-y-el-united.html\"> quiere que sea, por fin, su a\u00f1o<\/a>. \u201cEstar en el Bar\u00e7a significa que es obligatorio pensar que podemos ganar los cuatro t\u00edtulos\u201d, confiesa.<\/p>\n<p class=\"\"><b>Pregunta<\/b>. \u00bfQu\u00e9 es para usted el f\u00fatbol?<\/p>\n<p class=\"\"><b>Respuesta<\/b>. Suena a clich\u00e9, pero ha sido toda mi vida. Me enfadaba, no quer\u00eda estar en casa\u2026 y la soluci\u00f3n era el f\u00fatbol. Me quita los problemas, es mi v\u00eda de escape. No solo si me pasa algo malo: tambi\u00e9n es lo que m\u00e1s feliz me hace. Cambi\u00e9 de pa\u00eds, de contexto, de amigos por el f\u00fatbol. Obvio que el dinero es importante, la visibilidad\u2026 pero para m\u00ed es alegr\u00eda. Aunque haya d\u00edas que no.<\/p>\n<p class=\"\"><b>P<\/b>. \u00bfQu\u00e9 d\u00edas?<\/p>\n<p class=\"\"><b>R<\/b>. Muchos. Cuando te lesionas, cuando el entrenamiento no va bien, cuando eres muy exigente\u2026<\/p>\n<p class=\"\"><b>P<\/b>. \u00bfLo es?<\/p>\n<p class=\"\"><b>R<\/b>. Soy muy exigente. Es bueno, pero tambi\u00e9n un problema. Cuando s\u00e9 que puedo hacer m\u00e1s y no lo hago, pienso: \u201c\u00bfEsta gente es feliz conmigo?\u201d. Soy muy intensa e impulsiva. A veces hago, digo, quiero las cosas sin pensar. Estoy intentando cambiar un poco. No soy consciente de lo joven que soy: lo quiero todo para ma\u00f1ana, y tengo que estar tranquila.<\/p>\n<p class=\"\"><b>P.<\/b> \u00bfLe obsesiona el f\u00fatbol?<\/p>\n<p class=\"\"><b>R<\/b>. A veces quiero desconectar, y no puedo. No tanto el f\u00fatbol como todo lo que rodea la profesi\u00f3n. Voy de vacaciones y no quiero comer mal, no quiero estar tres d\u00edas sin hacer deporte, no quiero que mi cuerpo cambie.<\/p>\n<p class=\"\"><b>P.<\/b> \u00bfC\u00f3mo fue su primer a\u00f1o en el Bar\u00e7a?<\/p>\n<p class=\"\"><b>R.<\/b> Cuando llegu\u00e9, pens\u00e9: \u201c\u00bfQu\u00e9 hago aqu\u00ed, jugando con las mejores?\u201d. Me pon\u00eda por debajo de todas. Yo era la rara. Ahora yo tambi\u00e9n formo parte de esto, estoy aqu\u00ed por algo. Al principio fue muy dif\u00edcil asumir que soy como ellas por la presi\u00f3n, y porque los entrenamientos al principio no me iban bien.<\/p>\n<p class=\"\"><b>P.<\/b> \u00bfPor qu\u00e9?<\/p>\n<p class=\"\"><b>R<\/b>. El tema de la confianza es una de las cosas m\u00e1s importantes en el f\u00fatbol. Una jugadora que vive del talento, si no tiene confianza, aunque trabaje, las cosas no salen. Ahora ya noto que ellas conf\u00edan en m\u00ed. Estoy aqu\u00ed porque valgo, no tengo que probar nada a nadie. <\/p>\n<p class=\"\"><b>P<\/b>. \u00bfHizo algo por integrarse en el vestuario del Bar\u00e7a?<\/p>\n<p class=\"\"><b>R.<\/b> Ahora me gusta el caf\u00e9 [r\u00ede]. Cuando llegu\u00e9 no me gustaba. Nada. \u00a1Pero estas chicas siempre sal\u00edan a tomar caf\u00e9! Yo he hecho muchas cosas por integrarme que no quer\u00eda. Un d\u00eda, por Sevilla, dije: voy a pedirme un caf\u00e9 con leche de avena tambi\u00e9n para sentirme como ellas. Y ahora sigo bebiendo.<\/p>\n<p class=\"\"><b>P.<\/b> Dej\u00f3 su casa, su pa\u00eds natal y su club, cambi\u00f3 toda su vida a los 21 a\u00f1os, para venir a Barcelona.<\/p>\n<p class=\"\"><b>R.<\/b> Me gusta ver el lado bueno de las cosas. Soy muy afortunada: juego en el Bar\u00e7a, tengo los mejores amigos, un contexto y un entorno familiar incre\u00edble. Pero lo cambi\u00e9 todo, me pasaron algunas cosas personales y justo despu\u00e9s me lesion\u00e9 del tobillo. Me qued\u00e9 sola.<\/p>\n<p class=\"\"><b>P.<\/b> \u00bfQu\u00e9 hizo?<\/p>\n<p class=\"\"><b>R<\/b>. Nada. Dej\u00e9 de sentir. Mi vida cambi\u00f3 por el f\u00fatbol, y dej\u00e9 de tenerlo. Estaba con una bota en casa, sin hacer nada, mirando la tele, leyendo. El tiempo ayuda, y todas mis compa\u00f1eras me apoyaron y me hicieron sentir cerca del equipo.<\/p>\n<p><img decoding=\"auto\" class=\"_re lazyload a_m-h\" height=\"277\"  width=\"414\"  src=\"https:\/\/www.europesays.com\/es\/wp-content\/uploads\/2025\/09\/DGNVLPXN6JFTNP2JOAZ7HS4GIU.jpg\" loading=\"lazy\"\/>DVD 1283 10\/09\/2025 &#8211; BARCELONA &#8211; Kira Nazareth, jugadora del FCB en el plat\u00f3 MTK de Sant Feliu de Llobregat tras un rodaje para Nike. Foto: Gianluca BattistaGianluca Battista<\/p>\n<p class=\"\"><b>P<\/b>. \u00bfRecuerda alg\u00fan consejo?<\/p>\n<p class=\"\"><b>R<\/b>. Jana [Fern\u00e1ndez] y Alexia [Putellas] me dec\u00edan: \u201cNo ves lo bueno, pero saldr\u00e1s de esta lesi\u00f3n y de esta tormenta con otros ojos. Todo pasa, y sacar\u00e1s algo de ah\u00ed\u201d.<\/p>\n<p class=\"\"><b>P.<\/b> \u00bfHa sido as\u00ed?<\/p>\n<p class=\"\"><b>R.<\/b> S\u00ed. Me cuesta decirlo, porque perd\u00ed mi primer a\u00f1o\u2026 pero creo que ten\u00eda que pasar. Fue mi cuerpo diciendo: \u201cVamos a parar un poco para pensar en tu vida, en lo que quieres y en qui\u00e9n eres\u201d. He vivido cosas nuevas, he madurado much\u00edsimo. Yo no s\u00e9 nada de la vida, tengo 22 a\u00f1os, pero ahora soy una persona diferente, m\u00e1s tranquila y consciente de todo.<\/p>\n<p class=\"\"><b>P.<\/b> \u00bfY cu\u00e1ndo volvi\u00f3 a sentir?<\/p>\n<p class=\"\"><b>R<\/b>. El d\u00eda antes de la final de Lisboa. Estaba en casa, cerca de lo que ten\u00eda lejos, no pod\u00eda jugar, estaba mi familia\u2026 En el entreno estaba en el banquillo sola, leyendo por todas partes \u201cLisboa\u201d. Y me puse a llorar. Deber\u00eda haberlo controlado, pero soy muy transparente.<\/p>\n<p class=\"\"><b>P.<\/b> \u00bfSiente que no pueden mostrarse vulnerables?<\/p>\n<p class=\"\"><b>R. <\/b>Somos personas. Creo que a veces la gente no es consciente. Nosotros lloramos mucho. Yo lloro mucho. Aunque mi madre me dice que podr\u00eda llorar m\u00e1s [r\u00ede].<\/p>\n<p class=\"\"><b>P.<\/b> \u00bfQui\u00e9n es Kika fuera del f\u00fatbol?<\/p>\n<p class=\"\"><b>R.<\/b> Muchas cosas. Me voy de concierto, me voy a la playa sola, por Barcelona sola. Me gusta mucho las personas, me mueve la gente: conocer, escuchar historias, hablar, aprender.<\/p>\n<p class=\"\"><b>P. <\/b>\u00bfY de qu\u00e9 habla?<\/p>\n<p class=\"\"><b>R.<\/b> Me gustan temas como el espacio, las estrellas, el mar, las cosas raras. Me gusta saber c\u00f3mo funciona todo, como por ejemplo el WiFi, o si hay vida despu\u00e9s de la muerte [r\u00ede].<\/p>\n<p class=\"\"><b>P.<\/b> \u00bfY de f\u00fatbol?<\/p>\n<p class=\"\"><b>R.<\/b> No me gusta hablar de f\u00fatbol, solo cuando estoy enfadada. Mi madre me dice mucho: \u201cTienes que conocer gente de fuera\u201d. Pero no es consciente que no es f\u00e1cil. El otro d\u00eda lo hablaba con Mapi [Le\u00f3n]: la gente nos conoce. No es una queja. Pero a m\u00ed me gusta que la gente me quiera por quien soy, y no porque soy jugadora del Bar\u00e7a, o Kika la portuguesa. Es muy dif\u00edcil encontrar gente que no te conozca, porque ya te vienen con otra mentalidad.<\/p>\n<p class=\"\"><b>P.<\/b> \u00bfD\u00f3nde encuentra el silencio?<\/p>\n<p class=\"\"><b>R.<\/b> Encuentro el silencio con mis amigas que me ven como Francisca, y no como Kika, y me preguntan realmente c\u00f3mo estoy. Soy la misma, dentro del campo y delante de las c\u00e1maras es lo que soy tambi\u00e9n fuera. Pero tambi\u00e9n hay que separarlo un poco, y s\u00ed que hay una Francisca y una Kika.<\/p>\n<p class=\"\"><b>P.<\/b> \u00bfA qui\u00e9n veremos este a\u00f1o?<\/p>\n<p class=\"\"><b>R<\/b>. Espero que una jugadora con m\u00e1s confianza y sin miedo, y mucha felicidad y alegr\u00eda. Cuando juego sin pensar, soy una m\u00e1s. Cuando juego feliz, las cosas me salen.<\/p>\n","protected":false},"excerpt":{"rendered":"Aparece algo cansada tras un largo d\u00eda de rodaje con Nike, pero le encantar hablar. Sobre todo, de&hellip;\n","protected":false},"author":2,"featured_media":142042,"comment_status":"","ping_status":"","sticky":false,"template":"","format":"standard","meta":{"footnotes":""},"categories":[268],"tags":[1540,168,1539,25,24,881,280,282,1809,1538,281,23,167],"class_list":{"0":"post-142041","1":"post","2":"type-post","3":"status-publish","4":"format-standard","5":"has-post-thumbnail","7":"category-futbol","8":"tag-competiciones","9":"tag-deportes","10":"tag-entrenadores","11":"tag-es","12":"tag-espana","13":"tag-fc-barcelona","14":"tag-football","15":"tag-futbol","16":"tag-futbol-femenino","17":"tag-futbolistas","18":"tag-soccer","19":"tag-spain","20":"tag-sports"},"share_on_mastodon":{"url":"","error":""},"_links":{"self":[{"href":"https:\/\/www.europesays.com\/es\/wp-json\/wp\/v2\/posts\/142041","targetHints":{"allow":["GET"]}}],"collection":[{"href":"https:\/\/www.europesays.com\/es\/wp-json\/wp\/v2\/posts"}],"about":[{"href":"https:\/\/www.europesays.com\/es\/wp-json\/wp\/v2\/types\/post"}],"author":[{"embeddable":true,"href":"https:\/\/www.europesays.com\/es\/wp-json\/wp\/v2\/users\/2"}],"replies":[{"embeddable":true,"href":"https:\/\/www.europesays.com\/es\/wp-json\/wp\/v2\/comments?post=142041"}],"version-history":[{"count":0,"href":"https:\/\/www.europesays.com\/es\/wp-json\/wp\/v2\/posts\/142041\/revisions"}],"wp:featuredmedia":[{"embeddable":true,"href":"https:\/\/www.europesays.com\/es\/wp-json\/wp\/v2\/media\/142042"}],"wp:attachment":[{"href":"https:\/\/www.europesays.com\/es\/wp-json\/wp\/v2\/media?parent=142041"}],"wp:term":[{"taxonomy":"category","embeddable":true,"href":"https:\/\/www.europesays.com\/es\/wp-json\/wp\/v2\/categories?post=142041"},{"taxonomy":"post_tag","embeddable":true,"href":"https:\/\/www.europesays.com\/es\/wp-json\/wp\/v2\/tags?post=142041"}],"curies":[{"name":"wp","href":"https:\/\/api.w.org\/{rel}","templated":true}]}}